{"id":482845,"date":"2023-10-24T23:46:32","date_gmt":"2023-10-25T03:46:32","guid":{"rendered":"http:\/\/diariodominicano.com\/?p=482845"},"modified":"2025-03-31T21:59:32","modified_gmt":"2025-04-01T01:59:32","slug":"fp-escoge-a-rafael-mendez-candidato-a-diputado-en-bahoruco","status":"publish","type":"post","link":"https:\/\/diariodominicano.com\/?p=482845","title":{"rendered":"FP escoge a Rafael M\u00e9ndez  candidato a diputado en Bahoruco"},"content":{"rendered":"\n<p>\u201cBusco representar dignamente a mi provincia para seguir apostando por una educaci\u00f3n de calidad, oportunidades de preparaci\u00f3n t\u00e9cnica y profesional para la juventud, forjar la agroindustria, la promoci\u00f3n tur\u00edstica y mejores condiciones de vida para la poblaci\u00f3n\u201d.<\/p>\n\n\n\n<p>&nbsp;NEYBA, Bahoruco: El ex diputado Rafael M\u00e9ndez result\u00f3 con el m\u00e1s alto nivel de aprobaci\u00f3n en las encuestas que aplic\u00f3 la Fuerza del Pueblo en la Provincia Bahoruco, como modalidad de elecci\u00f3n de los candidatos a diputado y diputada por esa demarcaci\u00f3n sure\u00f1a.<\/p>\n\n\n\n<p>&nbsp;M\u00e9ndez, ex presidente del Colegio Dominicano de Periodista y miembro de la Direcci\u00f3n Central de la FP, ha sido diputado por tres per\u00edodos, en los que dijo \u201crepresent\u00e9 dignamente a mi provincia, con una alta productividad legislativa, social y comunitaria, siempre al lado de mi gente y de mi pueblo\u201d.<\/p>\n\n\n\n<p>&nbsp;El candidato a diputado dijo que seguir\u00e1 aportando a la educaci\u00f3n, al deporte y a la recreaci\u00f3n sana, \u201cy me empe\u00f1ar\u00e9 en seguir creando oportunidades de preparaci\u00f3n t\u00e9cnica, profesional y de empleo a la juventud, forjar la agroindustria, la promoci\u00f3n tur\u00edstica y mejores condiciones de vida para la poblaci\u00f3n\u201d.<\/p>\n\n\n\n<p>\u00a0\u201cAhora marchamos seguros de la victoria que nos espera, teniendo como horizonte el lema Rafael M\u00e9ndez: el diputado que Bahoruco reclama, pero tambi\u00e9n seguro de que Leonel Fern\u00e1ndez ser\u00e1 el pr\u00f3ximo presidente de la Rep\u00fablica\u201d, subray\u00f3.<\/p>\n\n\n\n<p>Ohelmis Sanchez<a target=\"_blank\" href=\"mailto:ohelmissanchez01@gmail.com\" rel=\"noreferrer noopener\">ohelmissanchez01@gmail.com<\/a><\/p>\n","protected":false},"excerpt":{"rendered":"<p>\u201cBusco representar dignamente a mi provincia para seguir apostando por una educaci\u00f3n de calidad, oportunidades de preparaci\u00f3n t\u00e9cnica y profesional para la juventud, forjar la agroindustria, la promoci\u00f3n tur\u00edstica y mejores condiciones de vida para la poblaci\u00f3n\u201d. &nbsp;NEYBA, Bahoruco: El ex diputado Rafael M\u00e9ndez result\u00f3 con el m\u00e1s alto nivel de aprobaci\u00f3n en las encuestas [&hellip;]<\/p>\n","protected":false},"author":28,"featured_media":482846,"comment_status":"closed","ping_status":"closed","sticky":true,"template":"","format":"standard","meta":{"footnotes":""},"categories":[22,27],"tags":[178],"class_list":["post-482845","post","type-post","status-publish","format-standard","has-post-thumbnail","hentry","category-politica","category-portada","tag-rafael-mendez"],"_links":{"self":[{"href":"https:\/\/diariodominicano.com\/index.php?rest_route=\/wp\/v2\/posts\/482845","targetHints":{"allow":["GET"]}}],"collection":[{"href":"https:\/\/diariodominicano.com\/index.php?rest_route=\/wp\/v2\/posts"}],"about":[{"href":"https:\/\/diariodominicano.com\/index.php?rest_route=\/wp\/v2\/types\/post"}],"author":[{"embeddable":true,"href":"https:\/\/diariodominicano.com\/index.php?rest_route=\/wp\/v2\/users\/28"}],"replies":[{"embeddable":true,"href":"https:\/\/diariodominicano.com\/index.php?rest_route=%2Fwp%2Fv2%2Fcomments&post=482845"}],"version-history":[{"count":1,"href":"https:\/\/diariodominicano.com\/index.php?rest_route=\/wp\/v2\/posts\/482845\/revisions"}],"predecessor-version":[{"id":482847,"href":"https:\/\/diariodominicano.com\/index.php?rest_route=\/wp\/v2\/posts\/482845\/revisions\/482847"}],"wp:featuredmedia":[{"embeddable":true,"href":"https:\/\/diariodominicano.com\/index.php?rest_route=\/wp\/v2\/media\/482846"}],"wp:attachment":[{"href":"https:\/\/diariodominicano.com\/index.php?rest_route=%2Fwp%2Fv2%2Fmedia&parent=482845"}],"wp:term":[{"taxonomy":"category","embeddable":true,"href":"https:\/\/diariodominicano.com\/index.php?rest_route=%2Fwp%2Fv2%2Fcategories&post=482845"},{"taxonomy":"post_tag","embeddable":true,"href":"https:\/\/diariodominicano.com\/index.php?rest_route=%2Fwp%2Fv2%2Ftags&post=482845"}],"curies":[{"name":"wp","href":"https:\/\/api.w.org\/{rel}","templated":true}]}}