{"id":48274,"date":"2020-10-29T13:09:35","date_gmt":"2020-10-29T13:09:35","guid":{"rendered":"http:\/\/diariodominicano.ddns.net\/?p=48274"},"modified":"2020-10-29T13:09:35","modified_gmt":"2020-10-29T13:09:35","slug":"minerd-presenta-estrategia-pedagogica-aprendemos-en-casa-por-25-canales-de-television-y-cientos-de-emisoras-de-radio-y-ciclos-educativos-en-diferentes-horarios","status":"publish","type":"post","link":"https:\/\/diariodominicano.com\/?p=48274","title":{"rendered":"MINERD presenta estrategia pedag\u00f3gica \u00abAprendemos en Casa\u00bb por 25 canales de televisi\u00f3n y cientos de emisoras de radio y ciclos educativos en diferentes horarios"},"content":{"rendered":"<p><body><\/p>\n<p><img decoding=\"async\" src=\"img3\/Roberto FulcarMINERD29-10-20.jpeg\" \/><br \/><img decoding=\"async\" src=\"img3\/Miner-aprendamosencasa29-10-20.jpeg\" \/>  <\/p>\n<p><span class=\"text1noticias\">diariodominicano.com<\/span><\/p>\n<p><span class=\"text1noticias\"> <\/span><\/p>\n<p><span class=\"text1noticias\">Santo Domingo, R. D., 29 de octubre, 2020.- El Ministro de Educaci\u00f3n doctor Roberto Fulcar, present\u00f3 la propuesta pedag\u00f3gica Aprendemos en Casa, una programaci\u00f3n educativa fundamental para el \u00e9xito del a\u00f1o escolar 2020-2021 dise\u00f1ada partiendo de las caracter\u00edsticas de los ni\u00f1os, ni\u00f1as y adolescentes, as\u00ed como de las condiciones socioecon\u00f3micas que el coronavirus ha impuesto al pa\u00eds.<\/span><\/p>\n<p><span class=\"text1noticias\"> <\/span><\/p>\n<p><span class=\"text1noticias\">El contenido de la estrategia Aprendemos en Casa se transmitir\u00e1 por 25 canales de televisi\u00f3n y cientos de emisoras de radio con un tiempo diario de programaci\u00f3n por niveles y ciclos educativos y las clases ser\u00e1n repetidas en diferentes horarios.<\/span><\/p>\n<p><span class=\"text1noticias\"> <\/span><\/p>\n<p><span class=\"text1noticias\">Al presentar la propuesta, el doctor Roberto Fulcar dijo que \u00abNosotros lo apostamos todo a lo que estamos haciendo y el COVID19 no nos va a detener. Esta es una apuesta al \u00e9xito con optimismo, ese es el porvenir, no hay que mirar hacia atr\u00e1s.  Tenemos que garantizar una s\u00f3lida unidad nacional. Lo que ha hecho la pandemia es obligarnos a hacer lo que hace a\u00f1os debimos hacer\u00bb.<\/span><\/p>\n<p><span class=\"text1noticias\"> <\/span><\/p>\n<p><span class=\"text1noticias\">De su lado, la licenciada Ligia P\u00e9rez viceministra de Servicios T\u00e9cnicos y Pedag\u00f3gicos, detall\u00f3 que la estrategia Aprendemos en Casa tiene como prop\u00f3sito \u00abQue los ni\u00f1os, ni\u00f1as y adolescentes contin\u00faen aprendiendo desde sus hogares y junto a sus familias en base a la modalidad educativa a distancia\u00bb.<\/span><\/p>\n<p><span class=\"text1noticias\"> <\/span><\/p>\n<p><span class=\"text1noticias\">Explic\u00f3 que la misma define y refuerza el rol del docente en la educaci\u00f3n no presencial, prioriza las competencias fundamentales del curr\u00edculo dominicano, repasa un proceso pedag\u00f3gico basado en cuadernillos impresos dise\u00f1ados para promover las competencias fundamentales, recursos audiovisuales, aporta apoyo psicoemocional y garantiza la inclusi\u00f3n educativa de los ni\u00f1os y ni\u00f1as con discapacidad.<\/span><\/p>\n<p><span class=\"text1noticias\"> <\/span><\/p>\n<p><span class=\"text1noticias\">La licenciada P\u00e9rez enfatiz\u00f3 en que \u00abEsta estrategia promueve una participaci\u00f3n m\u00e1s activa de las familias en el proceso educativo de sus hijos e hijas\u00bb.<\/span><\/p>\n<p><span class=\"text1noticias\"> <\/span><\/p>\n<p><span class=\"text1noticias\">En la presentaci\u00f3n de la estrategia estuvieron presentes Inka Mattila, representante en el pa\u00eds del Fondo de las Naciones Unidas para el Desarrollo (PNUD), Alexandria Valerio, representante del Banco Mundial y la exsecretaria de Educaci\u00f3n Ligia Amada Melo.  Tambi\u00e9n los viceministros, directores y otras autoridades del MINERD.<\/span><\/p>\n<p><span class=\"text1noticias\"> <\/span><\/p>\n<p><span class=\"text1noticias\">UNICEF, INICIA Educaci\u00f3n, PNUD, ONU, ADP y la APMAE valoran la propuesta<\/span><\/p>\n<p><span class=\"text1noticias\"> <\/span><\/p>\n<p><span class=\"text1noticias\">Rosa Elcarte, representante en el pa\u00eds del Fondo de las Naciones Unidas para Infancia (UNICEF), valor\u00f3 de forma positiva los materiales de que dispondr\u00e1n estudiantes y profesores, y al respecto se\u00f1al\u00f3 que \u00abLos cuadernillos son un esfuerzo conjunto de varios equipos t\u00e9cnicos de Educaci\u00f3n y UNICEF. Debo felicitar al pa\u00eds por el esfuerzo que han hecho en lograr la cohesi\u00f3n para tener un a\u00f1o escolar exitoso en medio de esta pandemia del COVID19\u00bb.<\/span><\/p>\n<p><span class=\"text1noticias\"> <\/span><\/p>\n<p><span class=\"text1noticias\">\u00c1ngela Espa\u00f1ol, representante de INICIA Educaci\u00f3n dijo que \u00ablos tiempos son muy dif\u00edciles, pero hemos visto en la dificultad la posibilidad de innovar. La fortaleza de la educaci\u00f3n est\u00e1 en las estructuras de Educaci\u00f3n y en ese prop\u00f3sito hemos ido creciendo\u00bb.<\/span><\/p>\n<p><span class=\"text1noticias\"> <\/span><\/p>\n<p><span class=\"text1noticias\">Mauricio Ram\u00edrez, representante del sistema de Naciones Unidas dijo que \u00abAprendemos en Casa apoya el cumplimiento de la agenda 20-30. Estamos comprometidos con la mejora de la educaci\u00f3n en el d\u00eda a d\u00eda\u00bb.<\/span><\/p>\n<p><span class=\"text1noticias\"> <\/span><\/p>\n<p><span class=\"text1noticias\">Juan N\u00fa\u00f1ez, primer vicepresidente de la Asociaci\u00f3n Dominicana de Profesores habl\u00f3 en representaci\u00f3n del gremio \u00abvaloramos en su justa dimensi\u00f3n los esfuerzos que viene haciendo el ministerio de Educaci\u00f3n para lograr el inicio del a\u00f1o escolar en medio de una crisis sanitaria sin precedentes. Hemos respaldado el inicio del a\u00f1o escolar en medio de estas condiciones porque lo peor ser\u00eda no iniciar\u00bb.<\/span><\/p>\n<p><span class=\"text1noticias\"> <\/span><\/p>\n<p><span class=\"text1noticias\">\u00abNo debe quedarse un solo estudiante sin recibir docencia tenga o no conectividad. Cada familia debe asumir el reto de apoyar a sus hijos en estos momentos de dificultad\u00bb, dijo Jaime Tolentino, presidente de la Asociaci\u00f3n de Padres, Madres y Tutores.<\/span><\/p>\n<p><span class=\"text1noticias\"> <\/span><\/p>\n<p><span class=\"text1noticias\">Los cuadernillos, ser\u00e1n el soporte acad\u00e9mico de la serie educativa \u00abAprendemos en Casa\u00bb, que contiene 4 ejemplares con un plan mensual de actividades que gira alrededor de un tema de inter\u00e9s. En preprimaria y primaria, son: \u00abPlanear un Viaje M\u00e1gico\u00bb, y en secundaria: \u00abMiradas al Mundo: Ambiente y Salud\u00bb. Elaborados con el apoyo financiero de USAID.<\/span><\/p>\n<p><span class=\"text1noticias\"> <\/span><\/p>\n<p><span class=\"text1noticias\">El cuadernillo n\u00famero 1 corresponde a los grados preprimaria y primero, el dos, a segundo y tercer grado de primaria, el 3 de cuarto a sexto de primaria y el 4 de primero a tercer grado de secundaria.<\/span><\/p>\n<p><span class=\"text1noticias\"> <\/span><\/p>\n<p><span class=\"text1noticias\">Este primer cuadernillo tiene versiones en braille, en lengua de se\u00f1as y en pictogramas, para que ning\u00fan ni\u00f1o y ni\u00f1a se quede sin acceso a educaci\u00f3n.<\/span><\/p>\n<\/p>\n<p><span class=\"text1noticias\">Inicio del a\u00f1o escolar esta programado para el 2 de noviembre.<\/span><\/p>\n<p><span class=\"text1noticias\"> <\/span><\/p>\n<p><span class=\"text1noticias\">Fuente: Ministerio de Educaci\u00f3n <\/span><\/p>\n<p><span class=\"text1noticias\">Dir<\/span>ecci\u00f3n de Comunicaci\u00f3n <span class=\"text1noticias\">MINERD<\/span><\/p>\n<h6> 2020-10-29 13:09:35 <\/h6>\n<p><!--\n<link rel=\"stylesheet\" href=\"css\/bootstrap.min.css\">\n\n\n<ul class=\"pagination\">\n\t    \n\t\n\n<li >\n\t<a href='?page_no=102'>Previous<\/a>\n\t<\/li>\n\n\n       \n    \n\n<li><a href='?page_no=1'>1<\/a><\/li>\n\n\n\n<li><a href='?page_no=2'>2<\/a><\/li>\n\n\n\n<li><a>...<\/a><\/li>\n\n\n\n<li><a href='?page_no=101'>101<\/a><\/li>\n\n\n\n<li><a href='?page_no=102'>102<\/a><\/li>\n\n\n\n<li class='active'><a>103<\/a><\/li>\n\n\n\n<li><a href='?page_no=104'>104<\/a><\/li>\n\n\n\n<li><a href='?page_no=105'>105<\/a><\/li>\n\n\n\n<li><a>...<\/a><\/li>\n\n\n\n<li><a href='?page_no=22911'>22911<\/a><\/li>\n\n\n\n<li><a href='?page_no=22912'>22912<\/a><\/li>\n\n    \n\t\n\n<li >\n\t<a href='?page_no=104'>Next<\/a>\n\t<\/li>\n\n\n    \n\n<li><a href='?page_no=22912'>Last &rsaquo;&rsaquo;<\/a><\/li>\n\n<\/ul>\n\n\n--><br \/>\n<\/body><\/p>\n","protected":false},"excerpt":{"rendered":"<p>diariodominicano.com Santo Domingo, R. D., 29 de octubre, 2020.- El Ministro de Educaci\u00f3n doctor Roberto Fulcar, present\u00f3 la propuesta pedag\u00f3gica Aprendemos en Casa, una programaci\u00f3n educativa fundamental para el \u00e9xito del a\u00f1o escolar 2020-2021 dise\u00f1ada partiendo de las caracter\u00edsticas de los ni\u00f1os, ni\u00f1as y adolescentes, as\u00ed como de las condiciones socioecon\u00f3micas que el coronavirus ha [&hellip;]<\/p>\n","protected":false},"author":3,"featured_media":0,"comment_status":"open","ping_status":"open","sticky":false,"template":"","format":"standard","meta":{"footnotes":""},"categories":[21],"tags":[],"class_list":["post-48274","post","type-post","status-publish","format-standard","hentry","category-cultura"],"_links":{"self":[{"href":"https:\/\/diariodominicano.com\/index.php?rest_route=\/wp\/v2\/posts\/48274","targetHints":{"allow":["GET"]}}],"collection":[{"href":"https:\/\/diariodominicano.com\/index.php?rest_route=\/wp\/v2\/posts"}],"about":[{"href":"https:\/\/diariodominicano.com\/index.php?rest_route=\/wp\/v2\/types\/post"}],"author":[{"embeddable":true,"href":"https:\/\/diariodominicano.com\/index.php?rest_route=\/wp\/v2\/users\/3"}],"replies":[{"embeddable":true,"href":"https:\/\/diariodominicano.com\/index.php?rest_route=%2Fwp%2Fv2%2Fcomments&post=48274"}],"version-history":[{"count":0,"href":"https:\/\/diariodominicano.com\/index.php?rest_route=\/wp\/v2\/posts\/48274\/revisions"}],"wp:attachment":[{"href":"https:\/\/diariodominicano.com\/index.php?rest_route=%2Fwp%2Fv2%2Fmedia&parent=48274"}],"wp:term":[{"taxonomy":"category","embeddable":true,"href":"https:\/\/diariodominicano.com\/index.php?rest_route=%2Fwp%2Fv2%2Fcategories&post=48274"},{"taxonomy":"post_tag","embeddable":true,"href":"https:\/\/diariodominicano.com\/index.php?rest_route=%2Fwp%2Fv2%2Ftags&post=48274"}],"curies":[{"name":"wp","href":"https:\/\/api.w.org\/{rel}","templated":true}]}}