{"id":482663,"date":"2023-10-24T02:29:25","date_gmt":"2023-10-24T06:29:25","guid":{"rendered":"http:\/\/diariodominicano.com\/?p=482663"},"modified":"2023-10-24T02:29:41","modified_gmt":"2023-10-24T06:29:41","slug":"miguel-vargas-llama-la-atencion-sobre-preocupantes-perspectivas-de-cierre-de-ano","status":"publish","type":"post","link":"https:\/\/diariodominicano.com\/?p=482663","title":{"rendered":"Miguel Vargas llama la atenci\u00f3n sobre \u201cpreocupantes perspectivas de cierre de a\u00f1o\u201d"},"content":{"rendered":"\n<p>Miguel Vargas <\/p>\n\n\n\n<p><em><u>\u201cResulta irracional e incomprensible que hayamos propiciado el cierre de las ventas con nuestro segundo socio comercial y la \u00fanica balanza en ese \u00e1mbito que nos es favorable\u201d.<\/u><\/em><\/p>\n\n\n\n<p>Santo Domingo, RD. \u2013 El candidato presidencial Miguel Vargas Maldonado advirti\u00f3 que la Rep\u00fablica Dominicana se encamina a un cierre de a\u00f1o marcado por el desplome de sus servicios b\u00e1sicos y un severo cuestionamiento internacional por el deterioro de la seguridad ciudadana, tr\u00e1fico de armas hacia Hait\u00ed y p\u00e9rdida del mercado internacional.\u00a0\u00a0\u00a0\u00a0\u00a0\u00a0\u00a0\u00a0\u00a0\u00a0\u00a0\u00a0<\/p>\n\n\n\n<p>El presidente del Partido Revolucionario Dominicano (PRD) tambi\u00e9n sostuvo que el actual gobierno debe responder con claridad al informe de la Organizaci\u00f3n de las Naciones Unidas (ONU) sobre la supuesta relaci\u00f3n de bandas de haitianos y dominicanos que trafican con armas.<\/p>\n\n\n\n<p>\u201cTambi\u00e9n debe dar respuesta al Global Index, cuya reciente publicaci\u00f3n coloca a Santo Domingo en el ranking de ciudades m\u00e1s peligrosas de Am\u00e9rica Latina\u201d, sancion\u00f3.<\/p>\n\n\n\n<p>Asimismo, consider\u00f3 que debe explicar la p\u00e9rdida del mercado haitiano, \u201cnuestro segundo socio comercial, que deja a productores y comerciantes sin alternativas en el corto plazo, con impacto negativo sobre las exportaciones, el crecimiento y la estabilidad macroecon\u00f3mica\u201d.<\/p>\n\n\n\n<p>En una nota de prensa, el l\u00edder perrede\u00edsta afirm\u00f3 que \u201cresulta irracional e incomprensible que hayamos propiciado el cierre de las ventas con nuestro segundo socio comercial y la \u00fanica balanza en ese \u00e1mbito que nos es favorable\u201d.<\/p>\n\n\n\n<p>Comunicaci\u00f3n Integral Rep Dom<a target=\"_blank\" href=\"mailto:comunicacionintegralrepdom@gmail.com\" rel=\"noreferrer noopener\">comunicacionintegralrepdom@g<\/a><\/p>\n","protected":false},"excerpt":{"rendered":"<p>Miguel Vargas \u201cResulta irracional e incomprensible que hayamos propiciado el cierre de las ventas con nuestro segundo socio comercial y la \u00fanica balanza en ese \u00e1mbito que nos es favorable\u201d. Santo Domingo, RD. \u2013 El candidato presidencial Miguel Vargas Maldonado advirti\u00f3 que la Rep\u00fablica Dominicana se encamina a un cierre de a\u00f1o marcado por el [&hellip;]<\/p>\n","protected":false},"author":28,"featured_media":482664,"comment_status":"closed","ping_status":"","sticky":true,"template":"","format":"standard","meta":{"footnotes":""},"categories":[22,27],"tags":[],"class_list":["post-482663","post","type-post","status-publish","format-standard","has-post-thumbnail","hentry","category-politica","category-portada"],"_links":{"self":[{"href":"https:\/\/diariodominicano.com\/index.php?rest_route=\/wp\/v2\/posts\/482663","targetHints":{"allow":["GET"]}}],"collection":[{"href":"https:\/\/diariodominicano.com\/index.php?rest_route=\/wp\/v2\/posts"}],"about":[{"href":"https:\/\/diariodominicano.com\/index.php?rest_route=\/wp\/v2\/types\/post"}],"author":[{"embeddable":true,"href":"https:\/\/diariodominicano.com\/index.php?rest_route=\/wp\/v2\/users\/28"}],"replies":[{"embeddable":true,"href":"https:\/\/diariodominicano.com\/index.php?rest_route=%2Fwp%2Fv2%2Fcomments&post=482663"}],"version-history":[{"count":2,"href":"https:\/\/diariodominicano.com\/index.php?rest_route=\/wp\/v2\/posts\/482663\/revisions"}],"predecessor-version":[{"id":482666,"href":"https:\/\/diariodominicano.com\/index.php?rest_route=\/wp\/v2\/posts\/482663\/revisions\/482666"}],"wp:featuredmedia":[{"embeddable":true,"href":"https:\/\/diariodominicano.com\/index.php?rest_route=\/wp\/v2\/media\/482664"}],"wp:attachment":[{"href":"https:\/\/diariodominicano.com\/index.php?rest_route=%2Fwp%2Fv2%2Fmedia&parent=482663"}],"wp:term":[{"taxonomy":"category","embeddable":true,"href":"https:\/\/diariodominicano.com\/index.php?rest_route=%2Fwp%2Fv2%2Fcategories&post=482663"},{"taxonomy":"post_tag","embeddable":true,"href":"https:\/\/diariodominicano.com\/index.php?rest_route=%2Fwp%2Fv2%2Ftags&post=482663"}],"curies":[{"name":"wp","href":"https:\/\/api.w.org\/{rel}","templated":true}]}}