{"id":48263,"date":"2020-10-29T13:25:13","date_gmt":"2020-10-29T13:25:13","guid":{"rendered":"http:\/\/diariodominicano.ddns.net\/?p=48263"},"modified":"2020-10-29T13:25:13","modified_gmt":"2020-10-29T13:25:13","slug":"presidenta-de-la-adp-xiomara-guanche-dice-todos-tenemos-ansiedad-y-esperamos-el-lunes-para-ver-realmente-que-sucedera","status":"publish","type":"post","link":"https:\/\/diariodominicano.com\/?p=48263","title":{"rendered":"Presidenta de la ADP, Xiomara Guanche dice todos tenemos ansiedad y esperamos el lunes para ver realmente qu\u00e9 suceder\u00e1&#13;"},"content":{"rendered":"<p><body><\/p>\n<p><img decoding=\"async\" src=\"img3\/xiomara-guante29-10-20.jpg\" \/>  <\/p>\n<p><span class=\"text1noticias\">diariodominicano.com<\/span><\/p>\n<p><span class=\"text1noticias\">Santo Domingo, 29 oct (Prensa Latina) Rep\u00fablica Dominicana se encuentra lista para iniciar el pr\u00f3ximo 2 de noviembre el a\u00f1o escolar mediante la modalidad de clases por televisi\u00f3n, divulgaron hoy medios de prensa.<\/span><\/p>\n<p><span class=\"text1noticias\"> <\/span><\/p>\n<p><span class=\"text1noticias\">Seg\u00fan el peri\u00f3dico List\u00edn Diario, el ministro de Educaci\u00f3n, Roberto Fulcar, indic\u00f3 que alrededor de 500 mil estudiantes del pa\u00eds tienen laptops para tomar las clases, y dijo que quienes no cuentan con la conectividad recibir\u00edan docencia por televisi\u00f3n y radio.<\/span><\/p>\n<p><span class=\"text1noticias\"> <\/span><\/p>\n<p><span class=\"text1noticias\">Por su parte, la presidenta de la Asociaci\u00f3n Dominicana de Profesores, Xiomara Guanche, manifest\u00f3 que al ser un a\u00f1o escolar &#8216;sin precedentes&#8217; por la Covid-19, lo \u00f3ptimo ser\u00eda esperar en qu\u00e9 condiciones se iniciar\u00eda el mismo para tener un veredicto.<\/span><\/p>\n<p><span class=\"text1noticias\"> <\/span><\/p>\n<p><span class=\"text1noticias\">&#8216;Tenemos que esperar porque el hecho de estar listos no depende solo del ministerio y de los profesores, ni siquiera de los padres, este es un trabajo de equipo. Todos tenemos ansiedad y esperamos el lunes para ver realmente qu\u00e9 suceder\u00e1, porque no tenemos antecedentes de una situaci\u00f3n como esta&#8217;, agreg\u00f3.<\/span><\/p>\n<p><span class=\"text1noticias\"> <\/span><\/p>\n<p><span class=\"text1noticias\">Las clases se transmitir\u00e1n por radio, televisi\u00f3n e internet y las autoridades destacaron que participar\u00e1n m\u00e1s de 100 emisoras y todos los canales de televisi\u00f3n para dar cobertura a escala nacional.<\/span><\/p>\n<p><span class=\"text1noticias\"> <\/span><\/p>\n<p><span class=\"text1noticias\">ca<\/span>r\/ema<\/p>\n<h6> 2020-10-29 13:25:13 <\/h6>\n<p><!--\n<link rel=\"stylesheet\" href=\"css\/bootstrap.min.css\">\n\n\n<ul class=\"pagination\">\n\t    \n\t\n\n<li >\n\t<a href='?page_no=101'>Previous<\/a>\n\t<\/li>\n\n\n       \n    \n\n<li><a href='?page_no=1'>1<\/a><\/li>\n\n\n\n<li><a href='?page_no=2'>2<\/a><\/li>\n\n\n\n<li><a>...<\/a><\/li>\n\n\n\n<li><a href='?page_no=100'>100<\/a><\/li>\n\n\n\n<li><a href='?page_no=101'>101<\/a><\/li>\n\n\n\n<li class='active'><a>102<\/a><\/li>\n\n\n\n<li><a href='?page_no=103'>103<\/a><\/li>\n\n\n\n<li><a href='?page_no=104'>104<\/a><\/li>\n\n\n\n<li><a>...<\/a><\/li>\n\n\n\n<li><a href='?page_no=22911'>22911<\/a><\/li>\n\n\n\n<li><a href='?page_no=22912'>22912<\/a><\/li>\n\n    \n\t\n\n<li >\n\t<a href='?page_no=103'>Next<\/a>\n\t<\/li>\n\n\n    \n\n<li><a href='?page_no=22912'>Last &rsaquo;&rsaquo;<\/a><\/li>\n\n<\/ul>\n\n\n--><br \/>\n<\/body><\/p>\n","protected":false},"excerpt":{"rendered":"<p>diariodominicano.com Santo Domingo, 29 oct (Prensa Latina) Rep\u00fablica Dominicana se encuentra lista para iniciar el pr\u00f3ximo 2 de noviembre el a\u00f1o escolar mediante la modalidad de clases por televisi\u00f3n, divulgaron hoy medios de prensa. Seg\u00fan el peri\u00f3dico List\u00edn Diario, el ministro de Educaci\u00f3n, Roberto Fulcar, indic\u00f3 que alrededor de 500 mil estudiantes del pa\u00eds tienen [&hellip;]<\/p>\n","protected":false},"author":3,"featured_media":0,"comment_status":"open","ping_status":"open","sticky":false,"template":"","format":"standard","meta":{"footnotes":""},"categories":[21],"tags":[],"class_list":["post-48263","post","type-post","status-publish","format-standard","hentry","category-cultura"],"_links":{"self":[{"href":"https:\/\/diariodominicano.com\/index.php?rest_route=\/wp\/v2\/posts\/48263","targetHints":{"allow":["GET"]}}],"collection":[{"href":"https:\/\/diariodominicano.com\/index.php?rest_route=\/wp\/v2\/posts"}],"about":[{"href":"https:\/\/diariodominicano.com\/index.php?rest_route=\/wp\/v2\/types\/post"}],"author":[{"embeddable":true,"href":"https:\/\/diariodominicano.com\/index.php?rest_route=\/wp\/v2\/users\/3"}],"replies":[{"embeddable":true,"href":"https:\/\/diariodominicano.com\/index.php?rest_route=%2Fwp%2Fv2%2Fcomments&post=48263"}],"version-history":[{"count":0,"href":"https:\/\/diariodominicano.com\/index.php?rest_route=\/wp\/v2\/posts\/48263\/revisions"}],"wp:attachment":[{"href":"https:\/\/diariodominicano.com\/index.php?rest_route=%2Fwp%2Fv2%2Fmedia&parent=48263"}],"wp:term":[{"taxonomy":"category","embeddable":true,"href":"https:\/\/diariodominicano.com\/index.php?rest_route=%2Fwp%2Fv2%2Fcategories&post=48263"},{"taxonomy":"post_tag","embeddable":true,"href":"https:\/\/diariodominicano.com\/index.php?rest_route=%2Fwp%2Fv2%2Ftags&post=48263"}],"curies":[{"name":"wp","href":"https:\/\/api.w.org\/{rel}","templated":true}]}}