{"id":48252,"date":"2020-10-30T10:05:33","date_gmt":"2020-10-30T10:05:33","guid":{"rendered":"http:\/\/diariodominicano.ddns.net\/?p=48252"},"modified":"2020-10-30T10:05:33","modified_gmt":"2020-10-30T10:05:33","slug":"navidad-2020-asi-seran-el-pesebre-y-el-arbol-que-adornaran-la-plaza-de-san-pedro","status":"publish","type":"post","link":"https:\/\/diariodominicano.com\/?p=48252","title":{"rendered":"&#13;Navidad 2020: As\u00ed ser\u00e1n el pesebre y el \u00e1rbol que adornar\u00e1n la Plaza de San Pedro"},"content":{"rendered":"<p><body><\/p>\n<p><img decoding=\"async\" src=\"img3\/PlazaSanPedroNavidad30-10-20.jpg\" \/>  <\/p>\n<p><span class=\"text1noticias\">diariodominicano.com<\/span><\/p>\n<p><span class=\"text1noticias\"> <\/span><\/p>\n<p><span class=\"text1noticias\">POR MERCEDES DE LA TORRE | ACI Prensa<\/span><\/p>\n<p><span class=\"text1noticias\"> <\/span><\/p>\n<p><span class=\"text1noticias\">Vaticano, 30 de octubre, 2020.- Este a\u00f1o el tradicional pesebre de la Plaza de San Pedro en el Vaticano ser\u00e1 de cer\u00e1mica y procede de la regi\u00f3n italiana de los Abruzos.<\/span><\/p>\n<p><span class=\"text1noticias\"> <\/span><\/p>\n<p><span class=\"text1noticias\">El \u00e1rbol de Navidad en cambio ser\u00e1 un abeto de 28 metros de altura que procede de la regi\u00f3n de Koc?evje en Eslovenia.<\/span><\/p>\n<p><span class=\"text1noticias\"> <\/span><\/p>\n<p><span class=\"text1noticias\">Seg\u00fan inform\u00f3 la Gobernaci\u00f3n del Estado de la Ciudad del Vaticano, el tradicional espacio dedicado a la Navidad en la Plaza de San Pedro \u00abpretende ser un signo de esperanza y confianza para todo el mundo\u00bb y quiere \u00abexpresar la certeza de que Jes\u00fas viene entre su pueblo para salvarlos y consolarlos. Un mensaje importante en este tiempo dif\u00edcil debido a la emergencia sanitaria por el COVID-19\u00bb.<\/span><\/p>\n<p><span class=\"text1noticias\"> <\/span><\/p>\n<p><span class=\"text1noticias\">Las decoraciones navide\u00f1as ser\u00e1n visibles en la Plaza de San Pedro partir del 11 de diciembre hasta el 10 de enero de 2021, d\u00eda en que concluye el tiempo de Navidad con la fiesta del Bautismo del Se\u00f1or.<\/span><\/p>\n<p><span class=\"text1noticias\"> <\/span><\/p>\n<p><span class=\"text1noticias\">El pesebre, tambi\u00e9n conocido como bel\u00e9n o nacimiento, estar\u00e1 compuesto por estatuas de cer\u00e1mica de tama\u00f1o mayor al natural que ser\u00e1n colocadas sobre una plataforma luminosa de casi 125 metros cuadrados que rodear\u00e1 el obelisco central de la Plaza de San Pedro.<\/span><\/p>\n<p><span class=\"text1noticias\"> <\/span><\/p>\n<p><span class=\"text1noticias\">En el pesebre de los Abruzos hay fuertes referencias a la historia del arte antiguo, desde el arte griego al arte sumerio, pasando por la escultura egipcia. Adem\u00e1s, en los objetos que enriquecen el bel\u00e9n se encuentra el recuerdo del arte cer\u00e1mico local.<\/span><\/p>\n<p><span class=\"text1noticias\"> <\/span><\/p>\n<p><span class=\"text1noticias\">Adem\u00e1s, este pesebre fue expuesto p\u00fablicamente, entre otros lugares, en el mercado de Trajano de Roma en 1970 y a\u00f1os despu\u00e9s en Jerusal\u00e9n, Bel\u00e9n y Tel Aviv.<\/span><\/p>\n<p><span class=\"text1noticias\"> <\/span><\/p>\n<p><span class=\"text1noticias\">En a\u00f1os anteriores, el Papa Francisco ha visitado el pesebre el 31 de diciembre al finalizar el rezo del Te Deum que suele realizarse dentro de la Bas\u00edlica de Sa<\/span>n Pedro.<\/p>\n<\/p>\n<p>Plaza de San Pedro en Navidad. Foto: Daniel Ib\u00e1\u00f1ez \/ ACI Prensa<\/p>\n<h6> 2020-10-30 10:05:33 <\/h6>\n<p><!--\n<link rel=\"stylesheet\" href=\"css\/bootstrap.min.css\">\n\n\n<ul class=\"pagination\">\n\t    \n\t\n\n<li >\n\t<a href='?page_no=100'>Previous<\/a>\n\t<\/li>\n\n\n       \n    \n\n<li><a href='?page_no=1'>1<\/a><\/li>\n\n\n\n<li><a href='?page_no=2'>2<\/a><\/li>\n\n\n\n<li><a>...<\/a><\/li>\n\n\n\n<li><a href='?page_no=99'>99<\/a><\/li>\n\n\n\n<li><a href='?page_no=100'>100<\/a><\/li>\n\n\n\n<li class='active'><a>101<\/a><\/li>\n\n\n\n<li><a href='?page_no=102'>102<\/a><\/li>\n\n\n\n<li><a href='?page_no=103'>103<\/a><\/li>\n\n\n\n<li><a>...<\/a><\/li>\n\n\n\n<li><a href='?page_no=22911'>22911<\/a><\/li>\n\n\n\n<li><a href='?page_no=22912'>22912<\/a><\/li>\n\n    \n\t\n\n<li >\n\t<a href='?page_no=102'>Next<\/a>\n\t<\/li>\n\n\n    \n\n<li><a href='?page_no=22912'>Last &rsaquo;&rsaquo;<\/a><\/li>\n\n<\/ul>\n\n\n--><br \/>\n<\/body><\/p>\n","protected":false},"excerpt":{"rendered":"<p>diariodominicano.com POR MERCEDES DE LA TORRE | ACI Prensa Vaticano, 30 de octubre, 2020.- Este a\u00f1o el tradicional pesebre de la Plaza de San Pedro en el Vaticano ser\u00e1 de cer\u00e1mica y procede de la regi\u00f3n italiana de los Abruzos. El \u00e1rbol de Navidad en cambio ser\u00e1 un abeto de 28 metros de altura que [&hellip;]<\/p>\n","protected":false},"author":3,"featured_media":0,"comment_status":"open","ping_status":"open","sticky":false,"template":"","format":"standard","meta":{"footnotes":""},"categories":[21],"tags":[],"class_list":["post-48252","post","type-post","status-publish","format-standard","hentry","category-cultura"],"_links":{"self":[{"href":"https:\/\/diariodominicano.com\/index.php?rest_route=\/wp\/v2\/posts\/48252","targetHints":{"allow":["GET"]}}],"collection":[{"href":"https:\/\/diariodominicano.com\/index.php?rest_route=\/wp\/v2\/posts"}],"about":[{"href":"https:\/\/diariodominicano.com\/index.php?rest_route=\/wp\/v2\/types\/post"}],"author":[{"embeddable":true,"href":"https:\/\/diariodominicano.com\/index.php?rest_route=\/wp\/v2\/users\/3"}],"replies":[{"embeddable":true,"href":"https:\/\/diariodominicano.com\/index.php?rest_route=%2Fwp%2Fv2%2Fcomments&post=48252"}],"version-history":[{"count":0,"href":"https:\/\/diariodominicano.com\/index.php?rest_route=\/wp\/v2\/posts\/48252\/revisions"}],"wp:attachment":[{"href":"https:\/\/diariodominicano.com\/index.php?rest_route=%2Fwp%2Fv2%2Fmedia&parent=48252"}],"wp:term":[{"taxonomy":"category","embeddable":true,"href":"https:\/\/diariodominicano.com\/index.php?rest_route=%2Fwp%2Fv2%2Fcategories&post=48252"},{"taxonomy":"post_tag","embeddable":true,"href":"https:\/\/diariodominicano.com\/index.php?rest_route=%2Fwp%2Fv2%2Ftags&post=48252"}],"curies":[{"name":"wp","href":"https:\/\/api.w.org\/{rel}","templated":true}]}}