{"id":482509,"date":"2023-10-23T23:07:30","date_gmt":"2023-10-24T03:07:30","guid":{"rendered":"http:\/\/diariodominicano.com\/?p=482509"},"modified":"2023-10-24T00:57:07","modified_gmt":"2023-10-24T04:57:07","slug":"barcelo-bavaro-grand-resort-inicia-su-8va-edicion-del-culinary-week-2023","status":"publish","type":"post","link":"https:\/\/diariodominicano.com\/?p=482509","title":{"rendered":"Barcel\u00f3 B\u00e1varo Grand Resort inicia su 8\u00b0va edici\u00f3n del Culinary Week 2023"},"content":{"rendered":"\n<p><em>El complejo hotelero confirma su apoyo a la gastronom\u00eda nacional e internacional, con la celebraci\u00f3n de la 8\u00b0va edici\u00f3n del Culinary Week 2023.<\/em><\/p>\n\n\n\n<p><strong>B\u00e1varo, RD.<\/strong>&nbsp;Barcel\u00f3 B\u00e1varo Grand Resort inici\u00f3 su semana gastron\u00f3mica Culinary Week 2023 con cenas elaboradas por reconocidos chefs nacionales e internacionales.<\/p>\n\n\n\n<p>Las cenas tem\u00e1ticas se basaron en cocina italiana, espa\u00f1ola, internacional, mediterr\u00e1nea, mexicana, francesa y caribe\u00f1a gourmet.<\/p>\n\n\n\n<p>Zarina Montalvo, directora comercial del&nbsp;<a>Barcel\u00f3 B\u00e1varo Grand Resort<\/a>, expres\u00f3 que \u201cla Culinary Week refleja el \u00e9nfasis de Barcel\u00f3 B\u00e1varo Grand Resort en proveer a sus clientes de las mejores experiencias, incluyendo la gastron\u00f3mica, que ya es parte de su esencia\u201d.<\/p>\n\n\n\n<p>Montalvo destac\u00f3 que durante toda la semana los comensales disfrutar\u00edan de la alta gastronom\u00eda en 7 cenas tem\u00e1ticas elaboradas por 9 reconocidos chefs nacionales e internacionales, quienes mostrar\u00edan sus creaciones y nos trasladar\u00edan a un mundo de sabores.<\/p>\n\n\n\n<figure class=\"wp-block-gallery columns-3 is-cropped wp-block-gallery-1 is-layout-flex wp-block-gallery-is-layout-flex\"><ul class=\"blocks-gallery-grid\"><li class=\"blocks-gallery-item\"><figure><img loading=\"lazy\" decoding=\"async\" width=\"1024\" height=\"693\" src=\"https:\/\/diariodominicano.com\/wp-content\/uploads\/2023\/10\/Barcelo-Bavaro-Grand-Resort-inicia-su-8va-edicion-del-Culinary-Week-2023--1024x693.jpg\" alt=\"\" data-id=\"482596\" data-full-url=\"https:\/\/diariodominicano.com\/wp-content\/uploads\/2023\/10\/Barcelo-Bavaro-Grand-Resort-inicia-su-8va-edicion-del-Culinary-Week-2023-.jpg\" data-link=\"https:\/\/diariodominicano.com\/?attachment_id=482596\" class=\"wp-image-482596\" srcset=\"https:\/\/diariodominicano.com\/wp-content\/uploads\/2023\/10\/Barcelo-Bavaro-Grand-Resort-inicia-su-8va-edicion-del-Culinary-Week-2023--1024x693.jpg 1024w, https:\/\/diariodominicano.com\/wp-content\/uploads\/2023\/10\/Barcelo-Bavaro-Grand-Resort-inicia-su-8va-edicion-del-Culinary-Week-2023--300x203.jpg 300w, https:\/\/diariodominicano.com\/wp-content\/uploads\/2023\/10\/Barcelo-Bavaro-Grand-Resort-inicia-su-8va-edicion-del-Culinary-Week-2023--768x520.jpg 768w, https:\/\/diariodominicano.com\/wp-content\/uploads\/2023\/10\/Barcelo-Bavaro-Grand-Resort-inicia-su-8va-edicion-del-Culinary-Week-2023--816x552.jpg 816w, https:\/\/diariodominicano.com\/wp-content\/uploads\/2023\/10\/Barcelo-Bavaro-Grand-Resort-inicia-su-8va-edicion-del-Culinary-Week-2023-.jpg 1080w\" sizes=\"auto, (max-width: 1024px) 100vw, 1024px\" \/><\/figure><\/li><li class=\"blocks-gallery-item\"><figure><img loading=\"lazy\" decoding=\"async\" width=\"1024\" height=\"786\" src=\"https:\/\/diariodominicano.com\/wp-content\/uploads\/2023\/10\/Barcelo-Bavaro-Grand-Resort-inicia-su-8\u00b0va-edicion-del-Culinary-Week-2023-1-1-1024x786.jpg\" alt=\"\" data-id=\"482597\" data-full-url=\"https:\/\/diariodominicano.com\/wp-content\/uploads\/2023\/10\/Barcelo-Bavaro-Grand-Resort-inicia-su-8\u00b0va-edicion-del-Culinary-Week-2023-1-1.jpg\" data-link=\"https:\/\/diariodominicano.com\/?attachment_id=482597\" class=\"wp-image-482597\" srcset=\"https:\/\/diariodominicano.com\/wp-content\/uploads\/2023\/10\/Barcelo-Bavaro-Grand-Resort-inicia-su-8\u00b0va-edicion-del-Culinary-Week-2023-1-1-1024x786.jpg 1024w, https:\/\/diariodominicano.com\/wp-content\/uploads\/2023\/10\/Barcelo-Bavaro-Grand-Resort-inicia-su-8\u00b0va-edicion-del-Culinary-Week-2023-1-1-300x230.jpg 300w, https:\/\/diariodominicano.com\/wp-content\/uploads\/2023\/10\/Barcelo-Bavaro-Grand-Resort-inicia-su-8\u00b0va-edicion-del-Culinary-Week-2023-1-1-768x590.jpg 768w, https:\/\/diariodominicano.com\/wp-content\/uploads\/2023\/10\/Barcelo-Bavaro-Grand-Resort-inicia-su-8\u00b0va-edicion-del-Culinary-Week-2023-1-1-816x626.jpg 816w, https:\/\/diariodominicano.com\/wp-content\/uploads\/2023\/10\/Barcelo-Bavaro-Grand-Resort-inicia-su-8\u00b0va-edicion-del-Culinary-Week-2023-1-1.jpg 1080w\" sizes=\"auto, (max-width: 1024px) 100vw, 1024px\" \/><\/figure><\/li><li class=\"blocks-gallery-item\"><figure><img loading=\"lazy\" decoding=\"async\" width=\"1024\" height=\"683\" src=\"https:\/\/diariodominicano.com\/wp-content\/uploads\/2023\/10\/Barcelo-Bavaro-Grand-Resort-inicia-su-8\u00b0va-edicion-del-Culinary-Week-2023-1-1024x683.jpg\" alt=\"\" data-id=\"482595\" data-full-url=\"https:\/\/diariodominicano.com\/wp-content\/uploads\/2023\/10\/Barcelo-Bavaro-Grand-Resort-inicia-su-8\u00b0va-edicion-del-Culinary-Week-2023-1.jpg\" data-link=\"https:\/\/diariodominicano.com\/?attachment_id=482595\" class=\"wp-image-482595\" srcset=\"https:\/\/diariodominicano.com\/wp-content\/uploads\/2023\/10\/Barcelo-Bavaro-Grand-Resort-inicia-su-8\u00b0va-edicion-del-Culinary-Week-2023-1-1024x683.jpg 1024w, https:\/\/diariodominicano.com\/wp-content\/uploads\/2023\/10\/Barcelo-Bavaro-Grand-Resort-inicia-su-8\u00b0va-edicion-del-Culinary-Week-2023-1-300x200.jpg 300w, https:\/\/diariodominicano.com\/wp-content\/uploads\/2023\/10\/Barcelo-Bavaro-Grand-Resort-inicia-su-8\u00b0va-edicion-del-Culinary-Week-2023-1-768x512.jpg 768w, https:\/\/diariodominicano.com\/wp-content\/uploads\/2023\/10\/Barcelo-Bavaro-Grand-Resort-inicia-su-8\u00b0va-edicion-del-Culinary-Week-2023-1-816x544.jpg 816w, https:\/\/diariodominicano.com\/wp-content\/uploads\/2023\/10\/Barcelo-Bavaro-Grand-Resort-inicia-su-8\u00b0va-edicion-del-Culinary-Week-2023-1.jpg 1080w\" sizes=\"auto, (max-width: 1024px) 100vw, 1024px\" \/><\/figure><\/li><li class=\"blocks-gallery-item\"><figure><img loading=\"lazy\" decoding=\"async\" width=\"1024\" height=\"705\" src=\"https:\/\/diariodominicano.com\/wp-content\/uploads\/2023\/10\/Barcelo-Bavaro-Grand-Resort-inicia-su-8va-edicion-del-Culinary-Week-2023-1024x705.jpg\" alt=\"\" data-id=\"482594\" data-full-url=\"https:\/\/diariodominicano.com\/wp-content\/uploads\/2023\/10\/Barcelo-Bavaro-Grand-Resort-inicia-su-8va-edicion-del-Culinary-Week-2023.jpg\" data-link=\"https:\/\/diariodominicano.com\/?attachment_id=482594\" class=\"wp-image-482594\" srcset=\"https:\/\/diariodominicano.com\/wp-content\/uploads\/2023\/10\/Barcelo-Bavaro-Grand-Resort-inicia-su-8va-edicion-del-Culinary-Week-2023-1024x705.jpg 1024w, https:\/\/diariodominicano.com\/wp-content\/uploads\/2023\/10\/Barcelo-Bavaro-Grand-Resort-inicia-su-8va-edicion-del-Culinary-Week-2023-300x207.jpg 300w, https:\/\/diariodominicano.com\/wp-content\/uploads\/2023\/10\/Barcelo-Bavaro-Grand-Resort-inicia-su-8va-edicion-del-Culinary-Week-2023-768x529.jpg 768w, https:\/\/diariodominicano.com\/wp-content\/uploads\/2023\/10\/Barcelo-Bavaro-Grand-Resort-inicia-su-8va-edicion-del-Culinary-Week-2023-816x562.jpg 816w, https:\/\/diariodominicano.com\/wp-content\/uploads\/2023\/10\/Barcelo-Bavaro-Grand-Resort-inicia-su-8va-edicion-del-Culinary-Week-2023.jpg 1080w\" sizes=\"auto, (max-width: 1024px) 100vw, 1024px\" \/><\/figure><\/li><li class=\"blocks-gallery-item\"><figure><img loading=\"lazy\" decoding=\"async\" width=\"1024\" height=\"848\" src=\"https:\/\/diariodominicano.com\/wp-content\/uploads\/2023\/10\/Barcelo-Bavaro-Grand-Resort-inicia-su-8\u00b0va-edicion-del-Culinary-Week-2023--1024x848.jpg\" alt=\"\" data-id=\"482593\" data-full-url=\"https:\/\/diariodominicano.com\/wp-content\/uploads\/2023\/10\/Barcelo-Bavaro-Grand-Resort-inicia-su-8\u00b0va-edicion-del-Culinary-Week-2023-.jpg\" data-link=\"https:\/\/diariodominicano.com\/?attachment_id=482593\" class=\"wp-image-482593\" srcset=\"https:\/\/diariodominicano.com\/wp-content\/uploads\/2023\/10\/Barcelo-Bavaro-Grand-Resort-inicia-su-8\u00b0va-edicion-del-Culinary-Week-2023--1024x848.jpg 1024w, https:\/\/diariodominicano.com\/wp-content\/uploads\/2023\/10\/Barcelo-Bavaro-Grand-Resort-inicia-su-8\u00b0va-edicion-del-Culinary-Week-2023--300x248.jpg 300w, https:\/\/diariodominicano.com\/wp-content\/uploads\/2023\/10\/Barcelo-Bavaro-Grand-Resort-inicia-su-8\u00b0va-edicion-del-Culinary-Week-2023--768x636.jpg 768w, https:\/\/diariodominicano.com\/wp-content\/uploads\/2023\/10\/Barcelo-Bavaro-Grand-Resort-inicia-su-8\u00b0va-edicion-del-Culinary-Week-2023--816x675.jpg 816w, https:\/\/diariodominicano.com\/wp-content\/uploads\/2023\/10\/Barcelo-Bavaro-Grand-Resort-inicia-su-8\u00b0va-edicion-del-Culinary-Week-2023-.jpg 1080w\" sizes=\"auto, (max-width: 1024px) 100vw, 1024px\" \/><\/figure><\/li><\/ul><\/figure>\n\n\n\n<p>Durante el c\u00f3ctel inaugural de la semana gastron\u00f3mica Culinary Week 2023, la sommelier Su Heng Lama, mejor conocida como Sula Sommelier, realiz\u00f3 una cata de vino en vivo para los asistentes. Asimismo, se present\u00f3 el programa evento ante la presencia de amantes de la gastronom\u00eda, hu\u00e9spedes, personalidades invitadas, ejecutivos de la cadena y especialistas gastron\u00f3micos.<\/p>\n\n\n\n<p><strong>Cenas tem\u00e1ticas<\/strong><\/p>\n\n\n\n<p>Las cenas tem\u00e1ticas iniciaron en El Restaurante La Comedie, a cargo del chef Steve Provost, del restaurante Allez Bistro en Santo Domingo, con una cena inspirada en los mejores sabores de la cocina francesa.<\/p>\n\n\n\n<p>Los amantes de la cocina espa\u00f1ola disfrutaron en el restaurante La Fuente, el martes 17, de lo mejor de esta gastronom\u00eda preparada por el chef Francis Pena del restaurante El Gallego. &nbsp;<\/p>\n\n\n\n<p>Mientras que, el mi\u00e9rcoles 18, la cena tem\u00e1tica estuvo dedicada a los sabores de la gastronom\u00eda mexicana en el restaurante M\u00e9xico Lindo, a cargo del chef Miguel S\u00e1nchez, quien viaj\u00f3 exclusivamente desde M\u00e9xico. &nbsp;<\/p>\n\n\n\n<p>La agenda continu\u00f3 el jueves 19 en el restaurante Chez Gourmet, donde el chef Crist\u00f3bal Martos de La Cassina (Santo Domingo) mostr\u00f3 la variedad y lo mejor de la gastronom\u00eda mediterr\u00e1nea.<\/p>\n\n\n\n<p>El viernes 20 estuvo dedicado a la cocina caribe\u00f1a, de la mano de los chefs de Barcel\u00f3 B\u00e1varo Grand Resort y Occidental Caribe, Roberto De la Cruz, Hilario Mart\u00ednez y Nelson Minaya quienes elaboraron una cena caribe\u00f1a gourmet en el Restaurante El Coral.<\/p>\n\n\n\n<p>La cena tem\u00e1tica inspirada en sabores internacionales tuvo lugar el s\u00e1bado 21 en el Restaurante Chez Gourmet y estuvo a cargo del chef Gabriel Occelli del restaurante SBG Punta Cana<\/p>\n\n\n\n<p>Este a\u00f1o para cerrar el Culinary Week 2023, los comensales disfrutaron de una cena inspirada en la cocina italiana a cargo del conocido chef Nicol\u00e1s Frigerio del restaurante Nipau, quien mostr\u00f3 sus dotes culinarios el domingo 22 en el restaurante La Dolce Vita.<\/p>\n\n\n\n<p>Culinary Week es un evento dirigido al p\u00fablico amante de la buena cocina, que presenta diferentes paquetes de ofertas en hospedaje para que el mercado local e internacional para que puedan disfrutar del programa a desarrollarse en este festival, y sus hu\u00e9spedes en la categor\u00eda Premium Level contar\u00e1n con este programa incluido.&nbsp;<br>&#8212;<br><strong>Mar\u00eda Alejandra Alc\u00e1ntara&nbsp;<\/strong><br>Asistente Relaciones P\u00fablicas&nbsp;<a href=\"mailto:mariaalejandra@cicom.do\" target=\"_blank\" rel=\"noreferrer noopener\">mariaalejandra@cicom.do<\/a><\/p>\n\n\n\n<figure class=\"wp-block-image\"><img decoding=\"async\" src=\"https:\/\/ci3.googleusercontent.com\/mail-sig\/AIorK4xp12A8pp8N0SXBk-FvEHUdYu1z5gjYp5WLmX0NRIW7zxXupsWA4_7YPEz21y16CmIfPtKL5GA\" alt=\"\"\/><\/figure>\n\n\n","protected":false},"excerpt":{"rendered":"<p>El complejo hotelero confirma su apoyo a la gastronom\u00eda nacional e internacional, con la celebraci\u00f3n de la 8\u00b0va edici\u00f3n del Culinary Week 2023. B\u00e1varo, RD.&nbsp;Barcel\u00f3 B\u00e1varo Grand Resort inici\u00f3 su semana gastron\u00f3mica Culinary Week 2023 con cenas elaboradas por reconocidos chefs nacionales e internacionales. Las cenas tem\u00e1ticas se basaron en cocina italiana, espa\u00f1ola, internacional, mediterr\u00e1nea, [&hellip;]<\/p>\n","protected":false},"author":28,"featured_media":482597,"comment_status":"closed","ping_status":"","sticky":true,"template":"","format":"standard","meta":{"footnotes":""},"categories":[36,27,32],"tags":[],"class_list":["post-482509","post","type-post","status-publish","format-standard","has-post-thumbnail","hentry","category-hombresmujeresycosas","category-portada","category-turismo"],"_links":{"self":[{"href":"https:\/\/diariodominicano.com\/index.php?rest_route=\/wp\/v2\/posts\/482509","targetHints":{"allow":["GET"]}}],"collection":[{"href":"https:\/\/diariodominicano.com\/index.php?rest_route=\/wp\/v2\/posts"}],"about":[{"href":"https:\/\/diariodominicano.com\/index.php?rest_route=\/wp\/v2\/types\/post"}],"author":[{"embeddable":true,"href":"https:\/\/diariodominicano.com\/index.php?rest_route=\/wp\/v2\/users\/28"}],"replies":[{"embeddable":true,"href":"https:\/\/diariodominicano.com\/index.php?rest_route=%2Fwp%2Fv2%2Fcomments&post=482509"}],"version-history":[{"count":3,"href":"https:\/\/diariodominicano.com\/index.php?rest_route=\/wp\/v2\/posts\/482509\/revisions"}],"predecessor-version":[{"id":482632,"href":"https:\/\/diariodominicano.com\/index.php?rest_route=\/wp\/v2\/posts\/482509\/revisions\/482632"}],"wp:featuredmedia":[{"embeddable":true,"href":"https:\/\/diariodominicano.com\/index.php?rest_route=\/wp\/v2\/media\/482597"}],"wp:attachment":[{"href":"https:\/\/diariodominicano.com\/index.php?rest_route=%2Fwp%2Fv2%2Fmedia&parent=482509"}],"wp:term":[{"taxonomy":"category","embeddable":true,"href":"https:\/\/diariodominicano.com\/index.php?rest_route=%2Fwp%2Fv2%2Fcategories&post=482509"},{"taxonomy":"post_tag","embeddable":true,"href":"https:\/\/diariodominicano.com\/index.php?rest_route=%2Fwp%2Fv2%2Ftags&post=482509"}],"curies":[{"name":"wp","href":"https:\/\/api.w.org\/{rel}","templated":true}]}}