{"id":48240,"date":"2020-10-30T13:22:18","date_gmt":"2020-10-30T13:22:18","guid":{"rendered":"http:\/\/diariodominicano.ddns.net\/?p=48240"},"modified":"2020-10-30T13:22:18","modified_gmt":"2020-10-30T13:22:18","slug":"uasd-desarrolla-panel-sobre-rosa-duarte","status":"publish","type":"post","link":"https:\/\/diariodominicano.com\/?p=48240","title":{"rendered":"UASD desarrolla panel sobre Rosa Duarte"},"content":{"rendered":"<p><body><\/p>\n<p><img decoding=\"async\" src=\"img3\/Rosa Duarte30000.jpg\" \/>  <\/p>\n<p><strong>Diariodominicano.com<\/strong><\/p>\n<p>El decano de la Facultad de Humanidades (FH)  de la  Primada de Am\u00e9rica, maestro Augusto Bravo; explic\u00f3 que con esa actividad se procura  rescatar nuestra memoria hist\u00f3rica, al tomar  como bandera a  la mujer dominicana y sacar del anonimato a destacadas y valiosas f\u00e9minas de la patria.<\/p>\n<p><strong>UASD desarrolla panel sobre Rosa Duarte<\/strong><\/p>\n<p><strong>Santo Domingo, RD.<\/strong> La Facultad de Humanidades de la Universidad Aut\u00f3noma de Santo Domingo (UASD), a trav\u00e9s de su Escuela de Historia y Antropolog\u00eda,  desarroll\u00f3 un panel virtual con el tema \u00abRosa Duarte: Hero\u00edna y memoria de nuestra historia\u00bb, en conmemoraci\u00f3n del bicentenario del natalicio de esa destacada y entregada dama.<\/p>\n<\/p>\n<p>El decano de la Facultad de Humanidades (FH)  de la  Primada de Am\u00e9rica, maestro Augusto Bravo; explic\u00f3 que con esa actividad se procura  rescatar nuestra memoria hist\u00f3rica, al tomar  como bandera a  la mujer dominicana y sacar del anonimato a destacadas y valiosas f\u00e9minas de la patria.<\/p>\n<\/p>\n<p>De su lado, el director de la Escuela de Historia y Antropolog\u00eda, maestro \u00c1lvaro Caama\u00f1o; se\u00f1al\u00f3 que sin la obra bibliogr\u00e1fica de Rosa Duarte quiz\u00e1s no se hubiera conocido la importancia del patricio Juan Pablo Duarte como organizador y padre de la independencia de la Rep\u00fablica Dominicana.<\/p>\n<\/p>\n<p>Las ponencias  presentadas estuvieron a cargo de tres destacados historiadores y docentes de nuestra  casa de altos estudios: la profesora merit\u00edsima,  Carmen Dur\u00e1n;  junto a los destacados acad\u00e9micos  Juan Cruz; Petronila Dotel Matos y Nelia Ram\u00edrez S\u00e1nchez.<\/p>\n<\/p>\n<p>Los panelistas destacaron la participaci\u00f3n activa  que tuvo  Rosa Duarte, en las organizaciones La Trinitaria y La Filantr\u00f3pica, a trav\u00e9s de las cuales se luchaba por alcanzar la liberaci\u00f3n de nuestro pa\u00eds del dominio haitiano.<\/p>\n<\/p>\n<p> Los disertantes coincidieron en se\u00f1alar que  los apuntes de Rosa Duarte  (quien fue testigo y protagonista fundamental de los acontecimientos que perfilaron la independencia de 1844) constituyen la documentaci\u00f3n m\u00e1s valiosa de la vida y obra de los hombres y mujeres que hicieron suya la causa patria.<\/p>\n<\/p>\n<p>Tambi\u00e9n, en el evento qued\u00f3 establecido que dichos apuntes componen la primera fuente y la base por excelencia para emprender cualquier indagaci\u00f3n y an\u00e1lisis,  tanto referente como relacionada  con  la vida del  patricio Juan Pablo Duarte<\/p>\n<\/p>\n<p>Adem\u00e1s,  los conferencistas saludaron la decisi\u00f3n del presidente de la Rep\u00fablica Dominicana, licenciado Luis Abinader  Corona;  quien  mediante el decreto n\u00famero 566-20 dispuso el traslado de los restos de Rosa Protom\u00e1rtir Duarte y Diez al Pante\u00f3n Nacional.<\/p>\n<\/p>\n<p>La UASD cre\u00f3 una comisi\u00f3n  para conmemorar el bicentenario del natalicio,  resaltar la memoria y dar a conocer a las nuevas generaciones  la importancia hist\u00f3rica de esta hermana del pr\u00f3cer Juan Pablo Duarte y durante el evento se present\u00f3 una propuesta de un himno para homenajear a esta hero\u00edna. <\/p>\n<\/p>\n<p>&#8212;<\/p>\n<p> Relaciones P\u00fablicas<\/p>\n<h6> 2020-10-30 13:22:18 <\/h6>\n<p><!--\n<link rel=\"stylesheet\" href=\"css\/bootstrap.min.css\">\n\n\n<ul class=\"pagination\">\n\t    \n\t\n\n<li >\n\t<a href='?page_no=99'>Previous<\/a>\n\t<\/li>\n\n\n       \n    \n\n<li><a href='?page_no=1'>1<\/a><\/li>\n\n\n\n<li><a href='?page_no=2'>2<\/a><\/li>\n\n\n\n<li><a>...<\/a><\/li>\n\n\n\n<li><a href='?page_no=98'>98<\/a><\/li>\n\n\n\n<li><a href='?page_no=99'>99<\/a><\/li>\n\n\n\n<li class='active'><a>100<\/a><\/li>\n\n\n\n<li><a href='?page_no=101'>101<\/a><\/li>\n\n\n\n<li><a href='?page_no=102'>102<\/a><\/li>\n\n\n\n<li><a>...<\/a><\/li>\n\n\n\n<li><a href='?page_no=22911'>22911<\/a><\/li>\n\n\n\n<li><a href='?page_no=22912'>22912<\/a><\/li>\n\n    \n\t\n\n<li >\n\t<a href='?page_no=101'>Next<\/a>\n\t<\/li>\n\n\n    \n\n<li><a href='?page_no=22912'>Last &rsaquo;&rsaquo;<\/a><\/li>\n\n<\/ul>\n\n\n--><br \/>\n<\/body><\/p>\n","protected":false},"excerpt":{"rendered":"<p>Diariodominicano.com El decano de la Facultad de Humanidades (FH) de la Primada de Am\u00e9rica, maestro Augusto Bravo; explic\u00f3 que con esa actividad se procura rescatar nuestra memoria hist\u00f3rica, al tomar como bandera a la mujer dominicana y sacar del anonimato a destacadas y valiosas f\u00e9minas de la patria. UASD desarrolla panel sobre Rosa Duarte Santo [&hellip;]<\/p>\n","protected":false},"author":3,"featured_media":0,"comment_status":"open","ping_status":"open","sticky":false,"template":"","format":"standard","meta":{"footnotes":""},"categories":[21],"tags":[],"class_list":["post-48240","post","type-post","status-publish","format-standard","hentry","category-cultura"],"_links":{"self":[{"href":"https:\/\/diariodominicano.com\/index.php?rest_route=\/wp\/v2\/posts\/48240","targetHints":{"allow":["GET"]}}],"collection":[{"href":"https:\/\/diariodominicano.com\/index.php?rest_route=\/wp\/v2\/posts"}],"about":[{"href":"https:\/\/diariodominicano.com\/index.php?rest_route=\/wp\/v2\/types\/post"}],"author":[{"embeddable":true,"href":"https:\/\/diariodominicano.com\/index.php?rest_route=\/wp\/v2\/users\/3"}],"replies":[{"embeddable":true,"href":"https:\/\/diariodominicano.com\/index.php?rest_route=%2Fwp%2Fv2%2Fcomments&post=48240"}],"version-history":[{"count":0,"href":"https:\/\/diariodominicano.com\/index.php?rest_route=\/wp\/v2\/posts\/48240\/revisions"}],"wp:attachment":[{"href":"https:\/\/diariodominicano.com\/index.php?rest_route=%2Fwp%2Fv2%2Fmedia&parent=48240"}],"wp:term":[{"taxonomy":"category","embeddable":true,"href":"https:\/\/diariodominicano.com\/index.php?rest_route=%2Fwp%2Fv2%2Fcategories&post=48240"},{"taxonomy":"post_tag","embeddable":true,"href":"https:\/\/diariodominicano.com\/index.php?rest_route=%2Fwp%2Fv2%2Ftags&post=48240"}],"curies":[{"name":"wp","href":"https:\/\/api.w.org\/{rel}","templated":true}]}}