{"id":48239,"date":"2020-11-27T11:40:32","date_gmt":"2020-11-27T11:40:32","guid":{"rendered":"http:\/\/diariodominicano.ddns.net\/?p=48239"},"modified":"2021-11-27T04:42:34","modified_gmt":"2021-11-27T08:42:34","slug":"el-dia-que-nacio-en-santiago-de-los-caballeros-santiago-guzman-espaillat","status":"publish","type":"post","link":"https:\/\/diariodominicano.com\/?p=48239","title":{"rendered":"El d\u00eca que naci\u00f2 en Santiago de los Caballeros, Santiago Guzm\u00e1n Espaillat"},"content":{"rendered":"<p><img decoding=\"async\" src=\"img3\/Santiago Guzman Espaillat.jpg\" \/><\/p>\n<p><strong>Diariodominicano.com<\/strong><\/p>\n<p><strong>Se destac\u00f3 como periodista, educador, pol\u00edtico, abogado, coleccionista de piezas arqueol\u00f3gicas, escritor y tribuno. <\/strong><\/p>\n<p><strong>El d\u00eca que naci\u00f2 en Santiago de los Caballeros, Santiago Guzm\u00e1n Espaillat<\/strong><\/p>\n<p><strong> SANTIAGO DE LOS CABALLEROS, el 27 de noviembre de 1877, <\/strong>naci\u00f3 en la ciudad de Santiago de los Caballeros, Santiago Guzm\u00e1n Espaillat. Fueron sus padres el soldado de la Independencia y la Restauraci\u00f3n, Ram\u00f3n Guzm\u00e1n, de Moca y Ubaldina Espaillat Qui\u00f1ones.<\/p>\n<p>Se destac\u00f3 como periodista, educador, pol\u00edtico, abogado, coleccionista de piezas arqueol\u00f3gicas, escritor y tribuno.<\/p>\n<p>Entre las funciones que desempe\u00f1\u00f3 figuran Procurador Fiscal de Monte Cristi; Procurador Fiscal de Santiago y diputado. En mayo de 1905 renunci\u00f3 a su curul. Fue escogido regidor del ayuntamiento de Santiago, pero renunci\u00f3 antes de tomar posesi\u00f3n.<\/p>\n<p>Por sus ideas liberales y lucha por las libertades p\u00fablicas fue detenido en varias ocasiones, y asesinado en la ciudad de Santiago de los Caballeros el 1 de enero de 1912.<\/p>\n<p>En un reportaje publicado en el diario Hoy, el 15 de Diciembre de 2012, sobre la personalidad de Guzm\u00e1n Espaillat, la periodista Angela Pe\u00f1a destaca:<\/p>\n<p>\u00abEl crimen m\u00e1s repudiado fue el de este patriota, \u201cel var\u00f3n m\u00e1s recto de su \u00e9poca. Joaqu\u00edn Balaguer le dedic\u00f3 varios art\u00edculos y un poema expresa, con justicia, que no hay en su vida p\u00fablica, \u201ca pesar de haber sido tan turbulenta, y tempestuosa, ni una sola actitud contradictoria, ni una sola ca\u00edda incompatible con la moral absoluta, ni un solo acto de traici\u00f3n a las ideas heroicas que inflamaron su verbo tumultuario.<\/p>\n<p>\u00abEl pecado de este apasionado de los libros y el estudio, de car\u00e1cter austero y reconocido valor que \u201cimpon\u00edan ese respeto avasallador, fue oponerse a la firma de la Convenci\u00f3n Dom\u00ednico-Americana de 1907 que mutilaba la soberan\u00eda de la Rep\u00fablica.<\/p>\n<p>Resalta que J. Agust\u00edn Concepci\u00f3n, J. R. Cordero Infante, Federico Arturo Rojas, y Andr\u00e9s L. Mateo son quienes con m\u00e1s detalles han escrito sobre este crimen de la \u201ccalle Beller\u201d esquina \u201cCarlos Sully Bonnelly, aunque son muchos los autores de trabajos laudatorios en torno al \u201cl\u00edder intelectual de la juventud de su \u00e9poca\u201d que no contrajo matrimonio por vivir enamorado de la Patria.<\/p>\n<p>Apunta que en 1972, Concepci\u00f3n public\u00f3 las diferentes versiones del crimen. Una, la oficial, que fue la de que la v\u00edctima se rebel\u00f3 contra los oficiales encargados de su detenci\u00f3n. Y otra que involucra al capit\u00e1n Jos\u00e9 Eugenio Berrido, que encabez\u00f3 el apresamiento. El reputado abogado J. R. Cordero Infante, estrechamente vinculado a la vida de Guzm\u00e1n Espaillat, consign\u00f3 que en el Gobierno Provisional de Eladio Victoria, el secretario de Interior y Polic\u00eda, Miguel A. Rom\u00e1n, orden\u00f3 al gobernador de Santiago reducir a prisi\u00f3n, vivo o muerto, a Santiago Guzm\u00e1n Espaillat.<\/p>\n<p>\u00abAgrega que el gobernador, Sim\u00f3n D\u00edaz, \u201cdio a la vez instrucciones al capit\u00e1n de la Guardia Republicana Jos\u00e9 Eugenio Berrido de ejecutar la orden, haci\u00e9ndole entrega del telegrama. Este (Berrido) se hizo acompa\u00f1ar del teniente Pedro Alfonseca y del alf\u00e9rez Juan Bautista Alfonseca.<\/p>\n<p>\u00abCordero refiere todos los acontecimientos de esa tarde hasta concluir en que cuando Guzm\u00e1n Espaillat intent\u00f3 subir al coche en que fueron a apresarlo, \u201cel teniente Pedro Alfonseca, que esperaba de pie sobre el veh\u00edculo, le hizo dos disparos a la cabeza.<\/p>\n<p>\u00abAndr\u00e9s L. Mateo apunta que la imagen de Guzm\u00e1n \u201cconcitaba una corriente de simpat\u00eda que la mano dura del poder de entonces crey\u00f3 peligrosa\u00bb.<\/p>\n<p>Anota que el 1 de enero de 1912, \u201cinicio de contiendas civiles que llevaron a la intervenci\u00f3n estadounidense de 1916, soldados de la Guardia Republicana de Victoria daban muerte atroz a Santiago Guzm\u00e1n Espaillat\u201d y significa que esta acci\u00f3n fue \u201corganizada por el poder pol\u00edtico que \u00e9l despreci\u00f3.<\/p>\n<p>Esta muerte, se\u00f1ala, \u201cdej\u00f3 sin espacio vital las posibilidades de un pensamiento alejado de la pragm\u00e1tica del poder.<\/p>\n<p>Pompilio Lugo destac\u00f3 que \u201cdetr\u00e1s de aquel muerto se fue la juventud a buscar el honor o la muerte. Con los veteranos de la manigua se vaciaron las aulas.<\/p>\n<p>En el monte la juventud se hizo sangre. Y de patio en patio fue planeado un solo odio: el odio a Alfredo Victoria.<\/p>\n<p>Julio Jaime Julia recoge en un libro la cronolog\u00eda y pr\u00e1cticamente todo lo escrito sobre Santiago Guzm\u00e1n Espaillat hasta el momento de la publicaci\u00f3n del ejemplar.<\/p>\n<p>Angela Pe\u00f1a tambi\u00e9n indica que trabajos de Balaguer, Bernardo Pichardo, Federico Arturo Rojas, Germ\u00e1n Soriano, Pablo Pichardo, Ricardo S\u00e1nchez Lustrino as\u00ed como editoriales de peri\u00f3dicos aparecen en el volumen.<\/p>\n<p>Rufino Mart\u00ednez public\u00f3 en su Diccionario encomi\u00e1sticas palabras. Ninguno refiere un acto deshonesto o defecto de esta personalidad que presentan llena de virtudes.<\/p>\n<p>Angela Pe\u00f1a apunta que Guzm\u00e1n Espaillat fue periodista, educador, pol\u00edtico, abogado, coleccionista de piezas arqueol\u00f3gicas, escritor, mas\u00f3n, tribuno, \u201cgallardo abanderado de la juventud pensante dominicana de los comienzos\u201d del pasado siglo.<\/p>\n<p>Naci\u00f3 en Santiago el 27 de noviembre de 1877, hijo de Ram\u00f3n Guzm\u00e1n y de Ubaldina Espaillat Qui\u00f1ones.<\/p>\n<p>Siendo procurador fiscal de Monte Cristi, en octubre de 1902 lo arrestaron, poni\u00e9ndole grilletes por orden del general Andr\u00e9s Navarro, \u201cquien arbitrariamente no respet\u00f3 su calidad de magistrado de orden judicial.<\/p>\n<p>Lo nombraron regidor del ayuntamiento de Santiago, pero renunci\u00f3 antes de tomar posesi\u00f3n.<\/p>\n<p>Tambi\u00e9n se desempe\u00f1\u00f3 como procurador fiscal de Santiago y fue diputado al Congreso Nacional por esa provincia, posici\u00f3n a la que renunci\u00f3 el 1 de mayo de 1905.<\/p>\n<p>\u00abMuchos aseguran que present\u00eda su muerte. El 6 de mayo de ese a\u00f1o don\u00f3 su colecci\u00f3n de objetos ind\u00edgenas y otras antig\u00fcedades al Museo de Santiago y d\u00edas despu\u00e9s renunci\u00f3 del Partido Horacista en carta al presidente C\u00e1ceres. Tambi\u00e9n renunci\u00f3 a su curul en el Congreso Nacional. En abril de 1906 se retir\u00f3 a su hogar en Santiago.<\/p>\n<p>\u00abPresent\u00f3 examen ante la Suprema Corte de Justicia para optar al notariado y fue aprobado en todas las materias. Perteneci\u00f3 a las directivas del Centro de Recreo, el Club Santiago y la Sociedad Amantes de la Luz.<\/p>\n<p>Trabaj\u00f3 como Notario del Tribunal de Primera Instancia, con su oficina en la calle Del Sol n\u00famero 59, en Santiago. En 1907 fungi\u00f3 como redactor de La Naci\u00f3n, en Santiago, y director de la revista \u201cLa Escuela, \u00f3rgano de la sociedad \u201cEl Nacionalismo. Se inici\u00f3 en la masoner\u00eda como miembro de la Logia Nuevo Mundo N\u00famero 5.<\/p>\n<p>En el a\u00f1o 1908 visit\u00f3 Argentina, Brasil, Francia, Portugal, Estados Unidos, Cuba, Saint Thomas.<\/p>\n<p>En el a\u00f1o 1910, al regresar de un viaje a Nueva York fue arrestado por la Guardia Republicana y trasladado a la Torre del Homenaje, donde permaneci\u00f3 m\u00e1s de tres meses. Varios peri\u00f3dicos pidieron al Gobierno su libertad, que le fue concedida el 15 de noviembre de 1910. Lleg\u00f3 a Santiago el 2 de diciembre.<\/p>\n<p>\u00abEl 1 de julio de 1911 dirigi\u00f3 una conmovedora carta a Rafael Estrella Ure\u00f1a, su amigo, considerada una s\u00edntesis de su ideario patri\u00f3tico y tenida por premonitoria, anota Pe\u00f1a.<\/p>\n<p>\u00abEl historiador J. Agust\u00edn Concepci\u00f3n apunta que \u201clo doloroso es que Estrella Ure\u00f1a, al asimilar la lecci\u00f3n del bienintencionado maestro, no alcanzara a ser ni un aprendiz de sic\u00f3logo que advirtiera a tiempo al infame d\u00e9spota que hab\u00eda de ser Trujillo.<\/p>\n<p>\u00bb El 17 de julio de 1974 se design\u00f3 con el nombre de \u201cSantiago Guzm\u00e1n Espaillat, la antigua calle Santiago del barrio Vietnam, en San Lorenzo de Los Mina\u00bb, apunta Angela Pe\u00f1a.<\/p>\n<h6>2020-11-27 11:40:32<\/h6>\n<p><!--\n \t<link rel=\"stylesheet\" href=\"css\/bootstrap.min.css\">\n\n\n<ul class=\"pagination\">\n \t\n\n<li >\n\t<a href='?page_no=9'>Previous<\/a><\/li>\n\n\n \t\n\n<li><a href='?page_no=1'>1<\/a><\/li>\n\n\n \t\n\n<li><a href='?page_no=2'>2<\/a><\/li>\n\n\n \t\n\n<li><a>...<\/a><\/li>\n\n\n \t\n\n<li><a href='?page_no=8'>8<\/a><\/li>\n\n\n \t\n\n<li><a href='?page_no=9'>9<\/a><\/li>\n\n\n \t\n\n<li class='active'><a>10<\/a><\/li>\n\n\n \t\n\n<li><a href='?page_no=11'>11<\/a><\/li>\n\n\n \t\n\n<li><a href='?page_no=12'>12<\/a><\/li>\n\n\n \t\n\n<li><a>...<\/a><\/li>\n\n\n \t\n\n<li><a href='?page_no=22911'>22911<\/a><\/li>\n\n\n \t\n\n<li><a href='?page_no=22912'>22912<\/a><\/li>\n\n\n \t\n\n<li >\n\t<a href='?page_no=11'>Next<\/a><\/li>\n\n\n \t\n\n<li><a href='?page_no=22912'>Last &rsaquo;&rsaquo;<\/a><\/li>\n\n\n<\/ul>\n\n\n--><\/p>\n","protected":false},"excerpt":{"rendered":"<p>Diariodominicano.com Se destac\u00f3 como periodista, educador, pol\u00edtico, abogado, coleccionista de piezas arqueol\u00f3gicas, escritor y tribuno. El d\u00eca que naci\u00f2 en Santiago de los Caballeros, Santiago Guzm\u00e1n Espaillat SANTIAGO DE LOS CABALLEROS, el 27 de noviembre de 1877, naci\u00f3 en la ciudad de Santiago de los Caballeros, Santiago Guzm\u00e1n Espaillat. Fueron sus padres el soldado de [&hellip;]<\/p>\n","protected":false},"author":3,"featured_media":311506,"comment_status":"open","ping_status":"open","sticky":false,"template":"","format":"standard","meta":{"footnotes":""},"categories":[23],"tags":[],"class_list":["post-48239","post","type-post","status-publish","format-standard","has-post-thumbnail","hentry","category-internacional"],"_links":{"self":[{"href":"https:\/\/diariodominicano.com\/index.php?rest_route=\/wp\/v2\/posts\/48239","targetHints":{"allow":["GET"]}}],"collection":[{"href":"https:\/\/diariodominicano.com\/index.php?rest_route=\/wp\/v2\/posts"}],"about":[{"href":"https:\/\/diariodominicano.com\/index.php?rest_route=\/wp\/v2\/types\/post"}],"author":[{"embeddable":true,"href":"https:\/\/diariodominicano.com\/index.php?rest_route=\/wp\/v2\/users\/3"}],"replies":[{"embeddable":true,"href":"https:\/\/diariodominicano.com\/index.php?rest_route=%2Fwp%2Fv2%2Fcomments&post=48239"}],"version-history":[{"count":3,"href":"https:\/\/diariodominicano.com\/index.php?rest_route=\/wp\/v2\/posts\/48239\/revisions"}],"predecessor-version":[{"id":311508,"href":"https:\/\/diariodominicano.com\/index.php?rest_route=\/wp\/v2\/posts\/48239\/revisions\/311508"}],"wp:featuredmedia":[{"embeddable":true,"href":"https:\/\/diariodominicano.com\/index.php?rest_route=\/wp\/v2\/media\/311506"}],"wp:attachment":[{"href":"https:\/\/diariodominicano.com\/index.php?rest_route=%2Fwp%2Fv2%2Fmedia&parent=48239"}],"wp:term":[{"taxonomy":"category","embeddable":true,"href":"https:\/\/diariodominicano.com\/index.php?rest_route=%2Fwp%2Fv2%2Fcategories&post=48239"},{"taxonomy":"post_tag","embeddable":true,"href":"https:\/\/diariodominicano.com\/index.php?rest_route=%2Fwp%2Fv2%2Ftags&post=48239"}],"curies":[{"name":"wp","href":"https:\/\/api.w.org\/{rel}","templated":true}]}}