{"id":482373,"date":"2023-10-23T08:54:37","date_gmt":"2023-10-23T12:54:37","guid":{"rendered":"https:\/\/diariodominicano.com\/?p=482373"},"modified":"2023-10-23T08:54:37","modified_gmt":"2023-10-23T12:54:37","slug":"mario-joseph-dice-investigacion-grupo-de-experto-onu-confirma-denuncias-de-que-politicos-financian-pandillas-en-haiti","status":"publish","type":"post","link":"https:\/\/diariodominicano.com\/?p=482373","title":{"rendered":"Mario Joseph dice investigaci\u00f3n Grupo de Experto ONU confirma denuncias de que pol\u00edticos financian pandillas en Hait\u00ed"},"content":{"rendered":"\n<p>diariodominicano.com<\/p>\n\n\n\n<p>Puerto Pr\u00edncipe, 23 oct (Prensa Latina) La Oficina Internacional de Abogados pide hoy a la justicia haitiana castigar a los responsables del aumento de la violencia en Hait\u00ed, y expres\u00f3 su disposici\u00f3n a ayudar a las v\u00edctimas.<\/p>\n\n\n\n<p>Tras el informe del Grupo de Experto de Naciones Unidas que se\u00f1al\u00f3 a miembros de la \u00e9lite pol\u00edtica y econ\u00f3mica como financiadores y promotores de las pandillas, el coordinador de la instancia, Mario Joseph, asegur\u00f3 que la investigaci\u00f3n solo confirm\u00f3 las denuncias de dis\u00edmiles organizaciones sociales y de derechos humanos.<\/p>\n\n\n\n<p>Joseph afirm\u00f3, igualmente, que la Direcci\u00f3n de la Polic\u00eda Judicial dispone de medios suficientes para llevar a cabo su tarea, en relaci\u00f3n con las investigaciones necesarias para llevar a los responsables ante la justicia.<\/p>\n\n\n\n<p>\u201cLas sanciones son justas y claras, pero esperamos que la justicia haitiana castigue a los culpables para reducir el \u00edndice de violencia, que aumenta d\u00eda a d\u00eda\u201d, asever\u00f3 el tambi\u00e9n defensor de los derechos humanos.<\/p>\n\n\n\n<p>Asimismo, abog\u00f3 por la creaci\u00f3n de un foro de denuncias para poner fin a los diversos problemas que desestabilizan al pa\u00eds.<\/p>\n\n\n\n<p>La semana pasada, el Grupo de Expertos de la ONU emiti\u00f3 un documento seg\u00fan el cual los pol\u00edticos y \u00e9lites econ\u00f3micas suelen pagar a las bandas en especie o en met\u00e1lico para obtener votos o proteger sus bienes.<\/p>\n\n\n\n<p>La pr\u00e1ctica ha enriquecido progresivamente a las pandillas y les ha dado m\u00e1s poder, de acuerdo con el texto.<\/p>\n\n\n\n<p>Entre las figuras se\u00f1aladas destaca el expresidente Michel Martelly (2011-2016) quien presuntamente utiliz\u00f3 a los grupos armados para extender su influencia en los barrios y hacer avanzar su agenda pol\u00edtica.<\/p>\n\n\n\n<p>La investigaci\u00f3n concluy\u00f3 que Martelly entabl\u00f3 relaciones con los grupos armados de Grand Ravine, Ti Bois y Village de Dieu, y cre\u00f3 la pandilla Base 257 con el fin de impedir las manifestaciones contra el gobierno en P\u00e9tion-Ville, principal centro comercial del pa\u00eds.<\/p>\n\n\n\n<p>Asimismo, acus\u00f3 al exlegislador Prophane Victor, de armar a j\u00f3venes de Petite Rivi\u00e8re de l\u2019Artibonite que posteriormente crearon la banda Gran Grif, mientras que el exsenador Youri Latortue, sancionado por Canad\u00e1 y Estados Unidos, presuntamente arm\u00f3 y financi\u00f3 a la banda de Raboteau en el departamento de Artibonite, as\u00ed como a la pandilla Kokorat San Ras.<\/p>\n\n\n\n<p>mem\/ane<\/p>\n","protected":false},"excerpt":{"rendered":"<p>diariodominicano.com Puerto Pr\u00edncipe, 23 oct (Prensa Latina) La Oficina Internacional de Abogados pide hoy a la justicia haitiana castigar a los responsables del aumento de la violencia en Hait\u00ed, y expres\u00f3 su disposici\u00f3n a ayudar a las v\u00edctimas. Tras el informe del Grupo de Experto de Naciones Unidas que se\u00f1al\u00f3 a miembros de la \u00e9lite [&hellip;]<\/p>\n","protected":false},"author":5,"featured_media":482374,"comment_status":"closed","ping_status":"","sticky":true,"template":"","format":"standard","meta":{"footnotes":""},"categories":[112,23,27],"tags":[],"class_list":["post-482373","post","type-post","status-publish","format-standard","has-post-thumbnail","hentry","category-haiti","category-internacional","category-portada"],"_links":{"self":[{"href":"https:\/\/diariodominicano.com\/index.php?rest_route=\/wp\/v2\/posts\/482373","targetHints":{"allow":["GET"]}}],"collection":[{"href":"https:\/\/diariodominicano.com\/index.php?rest_route=\/wp\/v2\/posts"}],"about":[{"href":"https:\/\/diariodominicano.com\/index.php?rest_route=\/wp\/v2\/types\/post"}],"author":[{"embeddable":true,"href":"https:\/\/diariodominicano.com\/index.php?rest_route=\/wp\/v2\/users\/5"}],"replies":[{"embeddable":true,"href":"https:\/\/diariodominicano.com\/index.php?rest_route=%2Fwp%2Fv2%2Fcomments&post=482373"}],"version-history":[{"count":1,"href":"https:\/\/diariodominicano.com\/index.php?rest_route=\/wp\/v2\/posts\/482373\/revisions"}],"predecessor-version":[{"id":482375,"href":"https:\/\/diariodominicano.com\/index.php?rest_route=\/wp\/v2\/posts\/482373\/revisions\/482375"}],"wp:featuredmedia":[{"embeddable":true,"href":"https:\/\/diariodominicano.com\/index.php?rest_route=\/wp\/v2\/media\/482374"}],"wp:attachment":[{"href":"https:\/\/diariodominicano.com\/index.php?rest_route=%2Fwp%2Fv2%2Fmedia&parent=482373"}],"wp:term":[{"taxonomy":"category","embeddable":true,"href":"https:\/\/diariodominicano.com\/index.php?rest_route=%2Fwp%2Fv2%2Fcategories&post=482373"},{"taxonomy":"post_tag","embeddable":true,"href":"https:\/\/diariodominicano.com\/index.php?rest_route=%2Fwp%2Fv2%2Ftags&post=482373"}],"curies":[{"name":"wp","href":"https:\/\/api.w.org\/{rel}","templated":true}]}}