{"id":482148,"date":"2023-10-22T18:36:00","date_gmt":"2023-10-22T22:36:00","guid":{"rendered":"http:\/\/diariodominicano.com\/?p=482148"},"modified":"2023-10-22T18:41:10","modified_gmt":"2023-10-22T22:41:10","slug":"centro-de-visitantes-cortes-integra-nueva-experiencia-crea-tu-propia-barra-de-chocolate","status":"publish","type":"post","link":"https:\/\/diariodominicano.com\/?p=482148","title":{"rendered":"Centro de Visitantes Cort\u00e9s integra nueva experiencia: \u201cCrea tu propia barra de chocolate\u201d"},"content":{"rendered":"\n<p> Don Chocolat\u00edn, Felisa V\u00e1squez y Carlos V\u00e9lez. <\/p>\n\n\n\n<p id=\"m_2976532919036629905x_x_x_x_x_x_geom_inter_1697919673989_43_59\">&nbsp;<\/p>\n\n\n\n<p><em>\u201cUn espacio para el disfrute de toda la familia que envuelve todos los sentidos\u201d<\/em><\/p>\n\n\n\n<p id=\"m_2976532919036629905x_x_x_x_x_x_geom_inter_1697919673989_96_60\">&nbsp;<\/p>\n\n\n\n<p>Santo Domino, RD,  s\u00e1bado 21 de octubre 2023.\u00a0El Centro de Visitantes Cort\u00e9s agrega una nueva experiencia dirigida a toda la familia de crear su propia barra de chocolate adentrando a los visitantes al mundo del cacao y el chocolate con todos sus sentidos.<\/p>\n\n\n\n<figure class=\"wp-block-image size-large\"><img loading=\"lazy\" decoding=\"async\" width=\"1024\" height=\"683\" src=\"https:\/\/diariodominicano.com\/wp-content\/uploads\/2023\/10\/Foto-6-Julieta-Santiago-asistiendo-a-las-ninas-Leticia-Santiago-y-Devi-Salazar-1024x683.jpg\" alt=\"\" class=\"wp-image-482152\" srcset=\"https:\/\/diariodominicano.com\/wp-content\/uploads\/2023\/10\/Foto-6-Julieta-Santiago-asistiendo-a-las-ninas-Leticia-Santiago-y-Devi-Salazar-1024x683.jpg 1024w, https:\/\/diariodominicano.com\/wp-content\/uploads\/2023\/10\/Foto-6-Julieta-Santiago-asistiendo-a-las-ninas-Leticia-Santiago-y-Devi-Salazar-300x200.jpg 300w, https:\/\/diariodominicano.com\/wp-content\/uploads\/2023\/10\/Foto-6-Julieta-Santiago-asistiendo-a-las-ninas-Leticia-Santiago-y-Devi-Salazar-768x512.jpg 768w, https:\/\/diariodominicano.com\/wp-content\/uploads\/2023\/10\/Foto-6-Julieta-Santiago-asistiendo-a-las-ninas-Leticia-Santiago-y-Devi-Salazar-816x544.jpg 816w, https:\/\/diariodominicano.com\/wp-content\/uploads\/2023\/10\/Foto-6-Julieta-Santiago-asistiendo-a-las-ninas-Leticia-Santiago-y-Devi-Salazar.jpg 1300w\" sizes=\"auto, (max-width: 1024px) 100vw, 1024px\" \/><figcaption> Julieta Santiago, asistiendo a las ni\u00f1as Leticia Santiago y Devi Salazar <\/figcaption><\/figure>\n\n\n\n<p>En los esfuerzos de continuar expandiendo la oferta que ofrece el Centro de Visitantes Cort\u00e9s, un espacio donde se resalta los valores de tradici\u00f3n y conocimientos sobre el cacao y el chocolate, han integrado la creaci\u00f3n de su propia barra de chocolate donde los visitantes&nbsp;pueden manipular el chocolate.<\/p>\n\n\n\n<p>Felisa V\u00e1zquez, Encargada de Comunicaciones y Relaciones P\u00fablicas de Cort\u00e9s Hermanos, dijo: \u201cLuego de dos a\u00f1os de la apertura del Centro y respondiendo a las peticiones de nuestros visitantes vimos la oportunidad de fortalecer e enriquecer la experiencia que brindamos de conocer sobre el cultivo del cacao dominicano y los procesos que conlleva la producci\u00f3n del chocolate, pero tambi\u00e9n poder crear a su gusto una barra de chocolate\u201d.<\/p>\n\n\n\n<p>\u00abEstamos emocionados de ofrecer a las familias esta experiencia \u00fanica que combina la diversi\u00f3n, la educaci\u00f3n y el sabor inigualable del chocolate\u00bb, indic\u00f3. \u00abEsperamos que esta nueva atracci\u00f3n se convierta en un lugar donde las familias puedan crear recuerdos duraderos mientras disfrutan de una experiencia verdaderamente deliciosa\u00bb.<\/p>\n\n\n\n<figure class=\"wp-block-image size-large\"><img loading=\"lazy\" decoding=\"async\" width=\"1024\" height=\"683\" src=\"https:\/\/diariodominicano.com\/wp-content\/uploads\/2023\/10\/Foto-12-Creaciones-de-barras-de-chocolate-1024x683.jpg\" alt=\"\" class=\"wp-image-482154\" srcset=\"https:\/\/diariodominicano.com\/wp-content\/uploads\/2023\/10\/Foto-12-Creaciones-de-barras-de-chocolate-1024x683.jpg 1024w, https:\/\/diariodominicano.com\/wp-content\/uploads\/2023\/10\/Foto-12-Creaciones-de-barras-de-chocolate-300x200.jpg 300w, https:\/\/diariodominicano.com\/wp-content\/uploads\/2023\/10\/Foto-12-Creaciones-de-barras-de-chocolate-768x512.jpg 768w, https:\/\/diariodominicano.com\/wp-content\/uploads\/2023\/10\/Foto-12-Creaciones-de-barras-de-chocolate-1536x1024.jpg 1536w, https:\/\/diariodominicano.com\/wp-content\/uploads\/2023\/10\/Foto-12-Creaciones-de-barras-de-chocolate-2048x1365.jpg 2048w, https:\/\/diariodominicano.com\/wp-content\/uploads\/2023\/10\/Foto-12-Creaciones-de-barras-de-chocolate-816x544.jpg 816w\" sizes=\"auto, (max-width: 1024px) 100vw, 1024px\" \/><figcaption>Creaciones de barras de chocolate<\/figcaption><\/figure>\n\n\n\n<p>El lanzamiento, realizado en el Centro de Visitantes Cort\u00e9s, reuni\u00f3 a la prensa y ejecutivos de la empresa, donde compartieron un brindis y pudieron crear sus propias barras de chocolate.<\/p>\n\n\n\n<p>A partir de noviembre pueden contactar al Centro para realizar las reservaciones y disfrutar de esta experiencia&nbsp;donde todos los visitantes podr\u00e1n&nbsp;conocer todo el proceso de producci\u00f3n de chocolate, desde su origen, fabricaci\u00f3n y creaci\u00f3n del producto final que tanto disfrutamos: El Chocolate.<\/p>\n\n\n\n<p>La experiencia de crear tu propia barra de chocolate estar\u00e1 disponible para toda la familia de martes a domingo en horarios de 9:00 a. m. a 2 p.m. y deben agendar su visita previamente tanto para la experiencia de museo, f\u00e1brica y barras de chocolate.&nbsp;&nbsp;<\/p>\n\n\n\n<p>Acerca del Centro de Visitantes Cort\u00e9s:<\/p>\n\n\n\n<p>Centro de Visitantes Cort\u00e9s est\u00e1 ubicado en el kilometro 24 de la Autopista Duarte, Pedro Brand. Un espacio ideado para el disfrute de ni\u00f1os y adultos, donde pueden vivir una experiencia multisensorial: Recorrer el museo en donde puedes aprender la historia de la empresa, la familia Cort\u00e9s, visitar la f\u00e1brica m\u00e1s moderna y grande del Caribe, disfrutar del restaurante: El Choco Lounge y ahora experimentar la creaci\u00f3n de su propia barra de chocolate que viene a sumar a la experiencia que ofrece el Centro.<\/p>\n\n\n\n<p>&nbsp;El Centro de Visitantes Cort\u00e9s est\u00e1 abierto de martes a viernes de 9:00 a. m. a 4:00 p. m. y los s\u00e1bados y Domingos de 9:00 a. m. a 5:00 p. m.<\/p>\n\n\n\n<p>Para agendar una visita puede contactarlos al tel\u00e9fono\u00a0829-893-4381, v\u00eda WhatsApp 809-604-6097 o accediendo a\u00a0<a rel=\"noreferrer noopener\" href=\"http:\/\/www.chocolatecortes.com\/\" target=\"_blank\">www.chocolatecortes.com<\/a>. Si quiere conocer m\u00e1s detalles, s\u00edgalos en sus redes sociales\u00a0@centrocortesrd.<\/p>\n\n\n\n<p>rafael reyes<a target=\"_blank\" href=\"mailto:rafaelreyesbisono@hotmail.com\" rel=\"noreferrer noopener\">rafaelreyesbisono@hotmail.com<\/a><\/p>\n","protected":false},"excerpt":{"rendered":"<p>Don Chocolat\u00edn, Felisa V\u00e1squez y Carlos V\u00e9lez. &nbsp; \u201cUn espacio para el disfrute de toda la familia que envuelve todos los sentidos\u201d &nbsp; Santo Domino, RD, s\u00e1bado 21 de octubre 2023.\u00a0El Centro de Visitantes Cort\u00e9s agrega una nueva experiencia dirigida a toda la familia de crear su propia barra de chocolate adentrando a los visitantes [&hellip;]<\/p>\n","protected":false},"author":28,"featured_media":482149,"comment_status":"closed","ping_status":"","sticky":true,"template":"","format":"standard","meta":{"footnotes":""},"categories":[36,25,27,32],"tags":[],"class_list":["post-482148","post","type-post","status-publish","format-standard","has-post-thumbnail","hentry","category-hombresmujeresycosas","category-gente","category-portada","category-turismo"],"_links":{"self":[{"href":"https:\/\/diariodominicano.com\/index.php?rest_route=\/wp\/v2\/posts\/482148","targetHints":{"allow":["GET"]}}],"collection":[{"href":"https:\/\/diariodominicano.com\/index.php?rest_route=\/wp\/v2\/posts"}],"about":[{"href":"https:\/\/diariodominicano.com\/index.php?rest_route=\/wp\/v2\/types\/post"}],"author":[{"embeddable":true,"href":"https:\/\/diariodominicano.com\/index.php?rest_route=\/wp\/v2\/users\/28"}],"replies":[{"embeddable":true,"href":"https:\/\/diariodominicano.com\/index.php?rest_route=%2Fwp%2Fv2%2Fcomments&post=482148"}],"version-history":[{"count":5,"href":"https:\/\/diariodominicano.com\/index.php?rest_route=\/wp\/v2\/posts\/482148\/revisions"}],"predecessor-version":[{"id":482157,"href":"https:\/\/diariodominicano.com\/index.php?rest_route=\/wp\/v2\/posts\/482148\/revisions\/482157"}],"wp:featuredmedia":[{"embeddable":true,"href":"https:\/\/diariodominicano.com\/index.php?rest_route=\/wp\/v2\/media\/482149"}],"wp:attachment":[{"href":"https:\/\/diariodominicano.com\/index.php?rest_route=%2Fwp%2Fv2%2Fmedia&parent=482148"}],"wp:term":[{"taxonomy":"category","embeddable":true,"href":"https:\/\/diariodominicano.com\/index.php?rest_route=%2Fwp%2Fv2%2Fcategories&post=482148"},{"taxonomy":"post_tag","embeddable":true,"href":"https:\/\/diariodominicano.com\/index.php?rest_route=%2Fwp%2Fv2%2Ftags&post=482148"}],"curies":[{"name":"wp","href":"https:\/\/api.w.org\/{rel}","templated":true}]}}