{"id":482138,"date":"2023-10-22T18:27:04","date_gmt":"2023-10-22T22:27:04","guid":{"rendered":"http:\/\/diariodominicano.com\/?p=482138"},"modified":"2023-10-22T18:30:41","modified_gmt":"2023-10-22T22:30:41","slug":"gioconda-belli-y-sergio-ramirez-y-el-segundo-invisible-y-firme-premio-que-recibieron-en-rd","status":"publish","type":"post","link":"https:\/\/diariodominicano.com\/?p=482138","title":{"rendered":"Gioconda Belli y Sergio Ram\u00edrez y el segundo invisible y firme premio que recibieron en RD"},"content":{"rendered":"\n<p> Entregaron Raquel Pena, vicepresidenta, Milagros Germ\u00e1n, ministra de Cultura, Rafael Peralta Romero, director Biblioteca Nacional, Bruno Rosario Candelier, de la Academia Dominicana de la Lengua; \u00c1ngela Hern\u00e1ndez, de la Direcci\u00f3n del Libro y la Lectura y el escritor Jos\u00e9 Enrique Garc\u00eda. <\/p>\n\n\n\n<p>Lo expreso era obvio e innecesario proclamarlo: ambos escritores eran justamente reconocidos por su ejercicio al libre pensar y a la creatividad que no se subordina al poder circunstancial<\/p>\n\n\n\n<p>Jos\u00e9 Rafael Sosa<\/p>\n\n\n\n<p>Desde el punto de vista de su ceremonial y protocolo, la entrega del Premio Internacional Pedro Henr\u00edquez Ure\u00f1a 2023, a los escritores nicarag\u00fcenses Gioconda Belli y Sergio Ram\u00edrez, fue un acto impecable, encabezado por la vicepresidenta Raquel Pena y la ministra de Cultura, Milagros Germ\u00e1n. Pero no fue s\u00f3lo la forma de consagrarles con este galard\u00f3n. &nbsp;<\/p>\n\n\n\n<p>El&nbsp; acto implic\u00f3 m\u00e1s que la entrega de un galard\u00f3n literario de prestigio: fue un ejercicio firme, sin ostentaci\u00f3n alguna, de compromiso con la libertad de creaci\u00f3n, un aporte a la trayectoria del escritor frente al poder que entiende inviable toda voz cuestionadora, incluso en el c\u00f3digo extremadamente laxo de la ficci\u00f3n o en las figuras po\u00e9ticas que arrancan de la verdad, nuevas verdades.<\/p>\n\n\n\n<p>Esa era la perspectiva no establecida en los discursos, en las notas de introducci\u00f3n del acto. No era necesario decir nada.<\/p>\n\n\n\n<p>La ceremonia que tuvo lugar en la Biblioteca Nacional Pedro Henr\u00edquez Ure\u00f1a y que cont\u00f3 con la presencia de destacadas personalidades del \u00e1mbito cultural y literario del pa\u00eds.<\/p>\n\n\n\n<p><em>\u201cEn un mundo que a veces parece oscurecido por las sombras, la literatura sigue siendo una fuente de luz y esperanza, y hoy celebramos a dos figuras que han encendido esa luz, por generaciones, a trav\u00e9s de sus palabras\u201d,<\/em> dijo Germ\u00e1n.<\/p>\n\n\n\n<figure class=\"wp-block-image size-full\"><img loading=\"lazy\" decoding=\"async\" width=\"808\" height=\"522\" src=\"https:\/\/diariodominicano.com\/wp-content\/uploads\/2023\/10\/Vargas-Llosa-recibe-el-Premio-PHU-2018.jpg\" alt=\"\" class=\"wp-image-482142\" srcset=\"https:\/\/diariodominicano.com\/wp-content\/uploads\/2023\/10\/Vargas-Llosa-recibe-el-Premio-PHU-2018.jpg 808w, https:\/\/diariodominicano.com\/wp-content\/uploads\/2023\/10\/Vargas-Llosa-recibe-el-Premio-PHU-2018-300x194.jpg 300w, https:\/\/diariodominicano.com\/wp-content\/uploads\/2023\/10\/Vargas-Llosa-recibe-el-Premio-PHU-2018-768x496.jpg 768w\" sizes=\"auto, (max-width: 808px) 100vw, 808px\" \/><figcaption>Imagen archivo <\/figcaption><\/figure>\n\n\n\n<p>El premio era un pronunciamiento por la vigencia del pensamiento cr\u00edtico. En el acto de entrega del Premio PHU, no hubo una sola palabra para referirse a esta perspectiva de compromiso, pero tampoco era necesario. Los dos escritores han recibido la represi\u00f3n pol\u00edtica del gobierno dictatorial de Daniel Ortega, (paradojas de la vida, paradojas) y por ello ambos sufren exilio y su nacionalidad les ha sido negada, (en papeles) como si fuera posible decretar la apatridia de nadie. Gioconda Belli y Sergio Ram\u00edrez, recibieron el pergamino que les acredita la distinci\u00f3n y una dote material de 25 mil d\u00f3lares, como establece el decreto al que se daba cumplimiento.<\/p>\n\n\n\n<p><strong>Las entregas anteriores<\/strong><\/p>\n\n\n\n<p>El Premio Internacional Pedro Henr\u00edquez Ure\u00f1a, establecido por decreto, no hab\u00eda tenido el seguimiento a que manda el primer decreto # 93-13 que lo cre\u00f3 en 2013, cuando el primer decreto que crea el Premio Internacional Pedro Henr\u00edquez Ure\u00f1a, destin\u00e1ndole su entrega anual por el Ministerio de Cultura, lo cual no fue cumplido en su mandato:<\/p>\n\n\n\n<p>2013: Al novelista y dramaturgo puertorrique\u00f1o Luis Rafael S\u00e1nchez.<\/p>\n\n\n\n<p>2014: Al poeta nicarag\u00fcense Ernesto Cardenal y el periodista y escritor uruguayo Eduardo Galeano.<\/p>\n\n\n\n<p>2015: A la periodista y escritora argentina Beatriz Sarlo.<\/p>\n\n\n\n<p>2016: A Mario Vargas Llosa, novelista y ensayista, Premio Nobel de Literatura 2010.<\/p>\n\n\n\n<p>Desde ese tiempo se produce una interrupci\u00f3n que se extiende por siete a\u00f1os, al cabo de cuyo tiempo, ahora bajo la gesti\u00f3n de una ministra que no es escritora, se restablece la entrega, cumpliendo con el mandato del nuevo decreto # 770- 22, de fecha 27 de diciembre de 2022.<\/p>\n\n\n\n<p><strong>Los premiados<\/strong><\/p>\n\n\n\n<p>Gioconda Belli dijo \u201c<em>Seguir\u00e9 creyendo en las utop\u00edas, pero, por el momento, me conformo con la m\u00e1s real de todas: la de estar viva; la de recibir este premio\u201d<\/em>, quien termin\u00f3 su intervenci\u00f3n recitando versos del poema, \u201cSombras\u201d, de Salom\u00e9 Ure\u00f1a.<\/p>\n\n\n\n<p>Sergio Ram\u00edrez manifest\u00f3 que <em>\u201cEl premio que hoy me entrega con manos generosas Rep\u00fablica Dominicana, y que lleva el nombre de Pedro Henr\u00edquez Ure\u00f1a, uno de los m\u00e1s ilustres de nuestra Am\u00e9rica, me llena de orgullo y algo de vanidad, \u00bfpor qu\u00e9 negarlo?\u201d.<\/em><\/p>\n\n\n\n<p><strong>El singular &nbsp;caso de Vargas Llosa<\/strong><\/p>\n\n\n\n<p>En torno a la entrega de este galard\u00f3n a Vargas Llosa gener\u00f3 una reacci\u00f3n negativa por parte de sectores contrarios a pronunciamiento sociales del escritor peruano, opiniones personales y sin relaci\u00f3n alguna con la calidad de su literatura.<\/p>\n\n\n\n<p>Desde entonces, qui\u00e9n sabe si por el trago amargo de hacer la entrega con un ambiente extremadamente hostil, produjo un desinter\u00e9s en las entregas subsiguientes y se dej\u00f3 en el espacio de nadie.<\/p>\n\n\n\n<p>Los momentos de agresividad medi\u00e1tica y de reacciones por diversas v\u00edas, fueron todo un espect\u00e1culo que tuvo como primer disfrutador del momento a propio Vargas Llosa, quien se gozaba todo aquello. Su risa intr\u00ednseca la recordamos como ahora, en uno de los camerinos del Teatro Nacional. Se lo gozaba todo, contrario al manojo de nervios de funcionarios de Cultura de segundo nivel, que estaban a cargo de su cuidado y manejo.<\/p>\n\n\n\n<p>Al interior de Ministerio de Cultura, en la gesti\u00f3n de entonces, se vivieron momentos de angustia y mucha tensi\u00f3n y mucha la corredera para lograr una forma digna y elegante de la entrega, acotando los tiempos del acto, manejando la fluidez la movilidad del p\u00fablico asistente.<\/p>\n\n\n\n<p>La entrega del Premio se hizo en el Teatro Nacional Eduardo Brito, en Santo Domingo, en el marco de la inauguraci\u00f3n de la XIX Feria Internacional del Libro 2016 del, y anunciada con el veredicto del jurado, el cual consideraba en su laudo: que \u00abVargas Llosa (Per\u00fa, 1936) <em>\u201ces uno de los m\u00e1s grandes representantes de la creaci\u00f3n literaria en Am\u00e9rica Latina, con una prodigiosa obra narrativa, ensay\u00edstica y teatral, reconocida y traducida en el mundo entero<\/em>\u201d.<\/p>\n\n\n\n<p>Para entonces un grupo ultraderechista, llamado Polo Soberano, vinculado a la Fuerza Nacional Progresista (FNP), hab\u00eda anunciado una protesta para el d\u00eda en que el escritor recoja el galard\u00f3n, alegando que no estaba de acuerdo con unos art\u00edculos de Vargas Llosa, publicados en el diario espa\u00f1ol El pa\u00eds, en torno a la sentencia 178 sobre el status de los nacionales haitianos.<\/p>\n\n\n\n<p>El novelista peruano\/espa\u00f1ol rechazada una sentencia del Tribunal Constitucional que hab\u00eda negado el derecho a tener papeles una mujer nacida en el pa\u00eds, llamada Juliana Regis Pierre.<\/p>\n\n\n\n<p>Luego de ese momento, al Premio Internacional Pedro Henr\u00edquez Ure\u00f1a, le rode\u00f3 un aislamiento, que ahora, con este acto de justicia por partida doble, por la calidad de la obra de los galardonados y el s\u00edmbolo que representan ambos escritores frente a los bandazos de poder que se hace ciego en s\u00ed mismo y renuncia a toda racionalidad.<\/p>\n\n\n\n<p>Asistieron a la entrega de este 2023, adem\u00e1s de la vicepresidenta y la ministra de Cultura: Rafael Peralta Romero, director de la Biblioteca Nacional, Bruno Rosario Candelier, presidente de la Academia Dominicana de la Lengua; \u00c1ngela Hern\u00e1ndez, directora Nacional del Libro y la Lectura y el escritor Jose Enrique Garc\u00eda. Un numeroso p\u00fablico, sobre todo integrado por escritores, artistas, maestros y estudiantes, llenaron los asientos disponibles y algunos quedaron de pie. No era para menos.<\/p>\n\n\n\n<p>Jose Rafael Paula Sosa<a target=\"_blank\" href=\"mailto:joserafael.sosa@gmail.com\" rel=\"noreferrer noopener\">joserafael.sosa@gmail.com<\/a><\/p>\n","protected":false},"excerpt":{"rendered":"<p>Entregaron Raquel Pena, vicepresidenta, Milagros Germ\u00e1n, ministra de Cultura, Rafael Peralta Romero, director Biblioteca Nacional, Bruno Rosario Candelier, de la Academia Dominicana de la Lengua; \u00c1ngela Hern\u00e1ndez, de la Direcci\u00f3n del Libro y la Lectura y el escritor Jos\u00e9 Enrique Garc\u00eda. Lo expreso era obvio e innecesario proclamarlo: ambos escritores eran justamente reconocidos por su [&hellip;]<\/p>\n","protected":false},"author":28,"featured_media":482139,"comment_status":"closed","ping_status":"","sticky":true,"template":"","format":"standard","meta":{"footnotes":""},"categories":[21,36,20,27,32],"tags":[],"class_list":["post-482138","post","type-post","status-publish","format-standard","has-post-thumbnail","hentry","category-cultura","category-hombresmujeresycosas","category-dominicana-hoy","category-portada","category-turismo"],"_links":{"self":[{"href":"https:\/\/diariodominicano.com\/index.php?rest_route=\/wp\/v2\/posts\/482138","targetHints":{"allow":["GET"]}}],"collection":[{"href":"https:\/\/diariodominicano.com\/index.php?rest_route=\/wp\/v2\/posts"}],"about":[{"href":"https:\/\/diariodominicano.com\/index.php?rest_route=\/wp\/v2\/types\/post"}],"author":[{"embeddable":true,"href":"https:\/\/diariodominicano.com\/index.php?rest_route=\/wp\/v2\/users\/28"}],"replies":[{"embeddable":true,"href":"https:\/\/diariodominicano.com\/index.php?rest_route=%2Fwp%2Fv2%2Fcomments&post=482138"}],"version-history":[{"count":4,"href":"https:\/\/diariodominicano.com\/index.php?rest_route=\/wp\/v2\/posts\/482138\/revisions"}],"predecessor-version":[{"id":482147,"href":"https:\/\/diariodominicano.com\/index.php?rest_route=\/wp\/v2\/posts\/482138\/revisions\/482147"}],"wp:featuredmedia":[{"embeddable":true,"href":"https:\/\/diariodominicano.com\/index.php?rest_route=\/wp\/v2\/media\/482139"}],"wp:attachment":[{"href":"https:\/\/diariodominicano.com\/index.php?rest_route=%2Fwp%2Fv2%2Fmedia&parent=482138"}],"wp:term":[{"taxonomy":"category","embeddable":true,"href":"https:\/\/diariodominicano.com\/index.php?rest_route=%2Fwp%2Fv2%2Fcategories&post=482138"},{"taxonomy":"post_tag","embeddable":true,"href":"https:\/\/diariodominicano.com\/index.php?rest_route=%2Fwp%2Fv2%2Ftags&post=482138"}],"curies":[{"name":"wp","href":"https:\/\/api.w.org\/{rel}","templated":true}]}}