{"id":482111,"date":"2023-10-22T17:59:39","date_gmt":"2023-10-22T21:59:39","guid":{"rendered":"https:\/\/diariodominicano.com\/?p=482111"},"modified":"2023-10-23T07:31:05","modified_gmt":"2023-10-23T11:31:05","slug":"cumbre-palenque-reune-6-presidentes-en-mexico-para-discutir-tema-migracion-incluyendo-a-haiti","status":"publish","type":"post","link":"https:\/\/diariodominicano.com\/?p=482111","title":{"rendered":"Cumbre Palenque  re\u00fane 6 presidentes en M\u00e9xico para discutir tema migraci\u00f3n, incluyendo a Hait\u00ed"},"content":{"rendered":"\n<p>diariodominicano.com<\/p>\n\n\n\n<p>Ciudad de M\u00e9xico, 22 oct (Prensa Latina) El presidente de M\u00e9xico, Andr\u00e9s Manuel L\u00f3pez Obrador, declar\u00f3 hoy que la Cumbre de Palenque con mandatarios de 12 pa\u00edses busca sumar esfuerzos, voluntades y recursos para atender las causas de la migraci\u00f3n.<\/p>\n\n\n\n<p>En el sitio X public\u00f3 una foto con los gobernantes Miguel D\u00edaz-Canel, de Cuba; Xiomara Castro, de Honduras; Ariel Henry, de Hait\u00ed; Gustavo Petro, de Colombia; y Nicol\u00e1s Maduro, de Venezuela.<\/p>\n\n\n\n<p>Los dem\u00e1s pa\u00edses est\u00e1n representados por vicepresidentes y cancilleres.<\/p>\n\n\n\n<p>En el antiguo Twitter escribi\u00f3 que \u201cse trata de un asunto humanitario en el que tenemos que trabajar unidos. Presidenta, presidentes y primer ministro: cuenten con nuestra cooperaci\u00f3n en todo lo que se necesite\u201d.<\/p>\n\n\n\n<p>La reuni\u00f3n se realiza a puertas cerradas por las complejidades del tema tratado del cual debe salir, seg\u00fan adelant\u00f3 el propio presidente anfitri\u00f3n, un plan de acci\u00f3n para el beneficio y bienestar de los pueblos que sufren el flagelo del \u00e9xodo obligatorio. El encuentro debe concluir este domingo seg\u00fan lo programado, y al final los presidentes quedan libres para hacer declaraciones a la prensa si es su deseo, aunque al margen de esa posibilidad se realizar\u00e1 una conferencia con los cancilleres que presidir\u00e1 la secretaria anfitriona, Alicia B\u00e1rcenas.<\/p>\n\n\n\n<p>npg\/lma<\/p>\n","protected":false},"excerpt":{"rendered":"<p>diariodominicano.com Ciudad de M\u00e9xico, 22 oct (Prensa Latina) El presidente de M\u00e9xico, Andr\u00e9s Manuel L\u00f3pez Obrador, declar\u00f3 hoy que la Cumbre de Palenque con mandatarios de 12 pa\u00edses busca sumar esfuerzos, voluntades y recursos para atender las causas de la migraci\u00f3n. En el sitio X public\u00f3 una foto con los gobernantes Miguel D\u00edaz-Canel, de Cuba; [&hellip;]<\/p>\n","protected":false},"author":5,"featured_media":482117,"comment_status":"closed","ping_status":"","sticky":true,"template":"","format":"standard","meta":{"footnotes":""},"categories":[112,23,27],"tags":[],"class_list":["post-482111","post","type-post","status-publish","format-standard","has-post-thumbnail","hentry","category-haiti","category-internacional","category-portada"],"_links":{"self":[{"href":"https:\/\/diariodominicano.com\/index.php?rest_route=\/wp\/v2\/posts\/482111","targetHints":{"allow":["GET"]}}],"collection":[{"href":"https:\/\/diariodominicano.com\/index.php?rest_route=\/wp\/v2\/posts"}],"about":[{"href":"https:\/\/diariodominicano.com\/index.php?rest_route=\/wp\/v2\/types\/post"}],"author":[{"embeddable":true,"href":"https:\/\/diariodominicano.com\/index.php?rest_route=\/wp\/v2\/users\/5"}],"replies":[{"embeddable":true,"href":"https:\/\/diariodominicano.com\/index.php?rest_route=%2Fwp%2Fv2%2Fcomments&post=482111"}],"version-history":[{"count":1,"href":"https:\/\/diariodominicano.com\/index.php?rest_route=\/wp\/v2\/posts\/482111\/revisions"}],"predecessor-version":[{"id":482118,"href":"https:\/\/diariodominicano.com\/index.php?rest_route=\/wp\/v2\/posts\/482111\/revisions\/482118"}],"wp:featuredmedia":[{"embeddable":true,"href":"https:\/\/diariodominicano.com\/index.php?rest_route=\/wp\/v2\/media\/482117"}],"wp:attachment":[{"href":"https:\/\/diariodominicano.com\/index.php?rest_route=%2Fwp%2Fv2%2Fmedia&parent=482111"}],"wp:term":[{"taxonomy":"category","embeddable":true,"href":"https:\/\/diariodominicano.com\/index.php?rest_route=%2Fwp%2Fv2%2Fcategories&post=482111"},{"taxonomy":"post_tag","embeddable":true,"href":"https:\/\/diariodominicano.com\/index.php?rest_route=%2Fwp%2Fv2%2Ftags&post=482111"}],"curies":[{"name":"wp","href":"https:\/\/api.w.org\/{rel}","templated":true}]}}