{"id":482046,"date":"2023-10-22T00:56:31","date_gmt":"2023-10-22T04:56:31","guid":{"rendered":"http:\/\/diariodominicano.com\/?p=482046"},"modified":"2023-10-22T00:57:43","modified_gmt":"2023-10-22T04:57:43","slug":"gioconda-belli-y-sergio-ramirez-reciben-el-premio-internacional-pedro-henriquez-urena","status":"publish","type":"post","link":"https:\/\/diariodominicano.com\/?p=482046","title":{"rendered":"Gioconda Belli y Sergio Ram\u00edrez reciben el Premio Internacional Pedro Henr\u00edquez Ure\u00f1a"},"content":{"rendered":"\n<p><strong><em>El acto de entrega estuvo encabezado por la vicepresidenta de la Rep\u00fablica Dominicana, Raquel Pe\u00f1a<\/em><\/strong><\/p>\n\n\n\n<figure class=\"wp-block-image size-large\"><img loading=\"lazy\" decoding=\"async\" width=\"1024\" height=\"740\" src=\"https:\/\/diariodominicano.com\/wp-content\/uploads\/2023\/10\/El-acto-estuvo-encabezado-por-la-vicepresidenta-de-la-Republica-Raquel-Pena-1024x740.jpg\" alt=\"\" class=\"wp-image-482049\" srcset=\"https:\/\/diariodominicano.com\/wp-content\/uploads\/2023\/10\/El-acto-estuvo-encabezado-por-la-vicepresidenta-de-la-Republica-Raquel-Pena-1024x740.jpg 1024w, https:\/\/diariodominicano.com\/wp-content\/uploads\/2023\/10\/El-acto-estuvo-encabezado-por-la-vicepresidenta-de-la-Republica-Raquel-Pena-300x217.jpg 300w, https:\/\/diariodominicano.com\/wp-content\/uploads\/2023\/10\/El-acto-estuvo-encabezado-por-la-vicepresidenta-de-la-Republica-Raquel-Pena-768x555.jpg 768w, https:\/\/diariodominicano.com\/wp-content\/uploads\/2023\/10\/El-acto-estuvo-encabezado-por-la-vicepresidenta-de-la-Republica-Raquel-Pena-1536x1110.jpg 1536w, https:\/\/diariodominicano.com\/wp-content\/uploads\/2023\/10\/El-acto-estuvo-encabezado-por-la-vicepresidenta-de-la-Republica-Raquel-Pena-2048x1481.jpg 2048w, https:\/\/diariodominicano.com\/wp-content\/uploads\/2023\/10\/El-acto-estuvo-encabezado-por-la-vicepresidenta-de-la-Republica-Raquel-Pena-816x590.jpg 816w\" sizes=\"auto, (max-width: 1024px) 100vw, 1024px\" \/><\/figure>\n\n\n\n<p><strong>Santo Domingo. &#8211;<\/strong>&nbsp;El Gobierno dominicano, a trav\u00e9s del Ministerio de Cultura, celebr\u00f3 este s\u00e1bado el emotivo acto de entrega del Premio Internacional Pedro Henr\u00edquez Ure\u00f1a 2023, en el que los destacados escritores nicarag\u00fcenses Gioconda Belli y Sergio Ram\u00edrez fueron distinguidos con este prestigioso galard\u00f3n.<\/p>\n\n\n\n<p>Ambos literatos recibieron un certificado acreditativo y un premio de 25 mil d\u00f3lares de manos de la vicepresidenta de la Rep\u00fablica Dominicana, Raquel Pe\u00f1a; la ministra de Cultura, Milagros Germ\u00e1n, y la directora del Libro y la Lectura, \u00c1ngela Hern\u00e1ndez, en una ceremonia que tuvo lugar en la Biblioteca Nacional Pedro Henr\u00edquez Ure\u00f1a y que cont\u00f3 con la presencia de destacadas personalidades del \u00e1mbito cultural y literario del pa\u00eds.<\/p>\n\n\n\n<p>\u201cEn un mundo que a veces parece oscurecido por las sombras, la literatura sigue siendo una fuente de luz y esperanza, y hoy celebramos a dos figuras que han encendido esa luz, por generaciones, a trav\u00e9s de sus palabras\u201d, dijo Germ\u00e1n, quien manifest\u00f3 sentirse honrada de entregar el galard\u00f3n a ambos escritores, en representaci\u00f3n del pueblo dominicano.<\/p>\n\n\n\n<p>El jurado evaluador tom\u00f3 la decisi\u00f3n un\u00e1nime de otorgar el premio a estos dos renombrados autores nicarag\u00fcenses por su destacada obra y trayectoria en el \u00e1mbito cultural, que se alinea con los ideales del premio, relanzado bajo nuevos par\u00e1metros de selecci\u00f3n, en virtud del Decreto 770-22, del 31 de diciembre de 2022.<\/p>\n\n\n\n<p>Adem\u00e1s de la ministra de Cultura, el jurado estuvo compuesto por Pastor de Moya, viceministro de Identidad Cultural y Ciudadan\u00eda; \u00c1ngela Hern\u00e1ndez, directora general del Libro y la Lectura; Bruno Rosario Candelier, director de la Academia Dominicana de la Lengua; Rafael Peralta Romero, director de la Biblioteca Nacional Pedro Henr\u00edquez Ure\u00f1a, y el intelectual Jos\u00e9 Enrique Garc\u00eda.<\/p>\n\n\n\n<p>En palabras del jurado, \u201cGioconda Belli y Sergio Ram\u00edrez han puesto en alto las letras latinoamericanas en todo el mundo y, a la par, se han convertido en una luminosa referencia de honestidad intelectual, firmeza en las causas human\u00edsticas y valerosa postura frente a los abusos de poder. Su legado es un caudal literario inspirador, en el que fulgura nuestra lengua y sobresalen dimensiones trascendentes de la historia, configuradas desde la experiencia vital y la pasi\u00f3n creadora\u201d.<\/p>\n\n\n\n<p>Al recibir su premio, Gioconda Belli dijo que es una suerte haber venido a Rep\u00fablica Dominicana en tres ocasiones este a\u00f1o, un pa\u00eds que ella, como exiliada, valora el trato amable que se le ha dispensado. \u201cSeguir\u00e9 creyendo en las utop\u00edas, pero, por el momento, me conformo con la m\u00e1s real de todas: la de estar viva; la de recibir este premio\u201d, expres\u00f3 Belli, quien termin\u00f3 su intervenci\u00f3n recitando versos del poema \u201cSombras\u201d, de Salom\u00e9 Ure\u00f1a.<\/p>\n\n\n\n<p>Por su parte, Sergio Ram\u00edrez manifest\u00f3 que \u201cel premio que hoy me entrega con manos generosas Rep\u00fablica Dominicana, y que lleva el nombre de Pedro Henr\u00edquez Ure\u00f1a, uno de los m\u00e1s ilustres de nuestra Am\u00e9rica, me llena de orgullo y algo de vanidad, \u00bfpor qu\u00e9 negarlo?\u201d.<\/p>\n\n\n\n<p><strong>Excelencia literaria<\/strong><\/p>\n\n\n\n<p>Gioconda Belli naci\u00f3 el 9 de diciembre de 1948 en Managua, Nicaragua. Su obra se destaca por la habilidad para entrelazar poes\u00eda y narrativa, y est\u00e1 influida, en gran medida, por su participaci\u00f3n activa en el movimiento sandinista y su compromiso con la lucha por los derechos de las mujeres.<\/p>\n\n\n\n<p>Una de sus novelas principales, \u201cLa mujer habitada\u201d, que en 1989 gan\u00f3 el premio a mejor novela pol\u00edtica en Alemania, es un ejemplo brillante de su capacidad para explorar temas feministas y pol\u00edticos con una prosa cautivadora. En 1978 recibi\u00f3 en Cuba el Premio Literario Casa de las Am\u00e9ricas por su poemario&nbsp;\u201cL\u00ednea de fuego\u201d. Recientemente, gan\u00f3, adem\u00e1s, el XXXII Premio Reina Sof\u00eda de Poes\u00eda Iberoamericana.<\/p>\n\n\n\n<p>Por su parte, Sergio Ram\u00edrez, nacido el 5 de agosto de 1942 en Masatepe, Nicaragua, es un destacado escritor y pol\u00edtico. Reconocido por su prol\u00edfica carrera literaria y su compromiso con la causa de los derechos humanos, Ram\u00edrez se ha convertido en una figura emblem\u00e1tica de la literatura contempor\u00e1nea en espa\u00f1ol.<\/p>\n\n\n\n<p>Su obra, que abarca diversos g\u00e9neros, incluyendo la novela, el cuento y el ensayo,&nbsp; ha sido traducida a m\u00e1s de 20 idiomas. Su trayectoria literaria ha sido galardonada con el Premio de Narrativa Jos\u00e9 Mar\u00eda Arguedas en 2000, el Premio Carlos Fuentes en 2014 y el Premio Cervantes en 2017, entre otras distinciones.<\/p>\n\n\n\n<p><strong>Una larga pausa<\/strong><\/p>\n\n\n\n<p>En el pasado, el galard\u00f3n fue otorgado a destacados literatos latinoamericanos, como el puertorrique\u00f1o Luis Rafael S\u00e1nchez, en el a\u00f1o 2013, as\u00ed como el poeta nicarag\u00fcense Ernesto Cardenal y el periodista uruguayo Eduardo Galeano, ambos en 2014.<\/p>\n\n\n\n<p>A la periodista y escritora argentina Beatriz Sarlo se le concedi\u00f3 este lauro en 2015, y el premio nobel de literatura Mario Vargas Llosa la obtuvo en 2016, cuando se entreg\u00f3 por \u00faltima vez hasta su relanzamiento en abril del presente a\u00f1o.<\/p>\n\n\n\n<p>Ministerio de Cultura de la Rep\u00fablica Dominicana<a target=\"_blank\" href=\"mailto:prensa@cultura.gob.do\" rel=\"noreferrer noopener\">prensa@cultura.gob.do<\/a><\/p>\n","protected":false},"excerpt":{"rendered":"<p>El acto de entrega estuvo encabezado por la vicepresidenta de la Rep\u00fablica Dominicana, Raquel Pe\u00f1a Santo Domingo. &#8211;&nbsp;El Gobierno dominicano, a trav\u00e9s del Ministerio de Cultura, celebr\u00f3 este s\u00e1bado el emotivo acto de entrega del Premio Internacional Pedro Henr\u00edquez Ure\u00f1a 2023, en el que los destacados escritores nicarag\u00fcenses Gioconda Belli y Sergio Ram\u00edrez fueron distinguidos [&hellip;]<\/p>\n","protected":false},"author":28,"featured_media":482047,"comment_status":"closed","ping_status":"open","sticky":true,"template":"","format":"standard","meta":{"footnotes":""},"categories":[21,36,27,32],"tags":[],"class_list":["post-482046","post","type-post","status-publish","format-standard","has-post-thumbnail","hentry","category-cultura","category-hombresmujeresycosas","category-portada","category-turismo"],"_links":{"self":[{"href":"https:\/\/diariodominicano.com\/index.php?rest_route=\/wp\/v2\/posts\/482046","targetHints":{"allow":["GET"]}}],"collection":[{"href":"https:\/\/diariodominicano.com\/index.php?rest_route=\/wp\/v2\/posts"}],"about":[{"href":"https:\/\/diariodominicano.com\/index.php?rest_route=\/wp\/v2\/types\/post"}],"author":[{"embeddable":true,"href":"https:\/\/diariodominicano.com\/index.php?rest_route=\/wp\/v2\/users\/28"}],"replies":[{"embeddable":true,"href":"https:\/\/diariodominicano.com\/index.php?rest_route=%2Fwp%2Fv2%2Fcomments&post=482046"}],"version-history":[{"count":4,"href":"https:\/\/diariodominicano.com\/index.php?rest_route=\/wp\/v2\/posts\/482046\/revisions"}],"predecessor-version":[{"id":482052,"href":"https:\/\/diariodominicano.com\/index.php?rest_route=\/wp\/v2\/posts\/482046\/revisions\/482052"}],"wp:featuredmedia":[{"embeddable":true,"href":"https:\/\/diariodominicano.com\/index.php?rest_route=\/wp\/v2\/media\/482047"}],"wp:attachment":[{"href":"https:\/\/diariodominicano.com\/index.php?rest_route=%2Fwp%2Fv2%2Fmedia&parent=482046"}],"wp:term":[{"taxonomy":"category","embeddable":true,"href":"https:\/\/diariodominicano.com\/index.php?rest_route=%2Fwp%2Fv2%2Fcategories&post=482046"},{"taxonomy":"post_tag","embeddable":true,"href":"https:\/\/diariodominicano.com\/index.php?rest_route=%2Fwp%2Fv2%2Ftags&post=482046"}],"curies":[{"name":"wp","href":"https:\/\/api.w.org\/{rel}","templated":true}]}}