{"id":481861,"date":"2023-10-21T00:47:51","date_gmt":"2023-10-21T04:47:51","guid":{"rendered":"http:\/\/diariodominicano.com\/?p=481861"},"modified":"2023-10-21T00:52:13","modified_gmt":"2023-10-21T04:52:13","slug":"cortos-de-republica-dominicana-y-nueva-york-ganan-primeros-lugares-en-festminutoagua-2023","status":"publish","type":"post","link":"https:\/\/diariodominicano.com\/?p=481861","title":{"rendered":"Cortos de Rep\u00fablica Dominicana y Nueva York ganan primeros lugares en \u201cFestMinutoAgua 2023\u201d"},"content":{"rendered":"\n<p>Rebecca Dalmas\u00ed, ganadora en la categor\u00eda Nacional junto a sus compa\u00f1eros de crew que tambi\u00e9n obtuvieron galardones.<\/p>\n\n\n\n<p>La Fundaci\u00f3n Municipios Al D\u00eda, premi\u00f3 a los ganadores de la 8va versi\u00f3n del festival internacional de corto metrajes \u201cFestMinutoAgua 2023\u201d.<\/p>\n\n\n\n<figure class=\"wp-block-image size-full\"><img loading=\"lazy\" decoding=\"async\" width=\"720\" height=\"480\" src=\"https:\/\/diariodominicano.com\/wp-content\/uploads\/2023\/10\/Foto-2-3.jpeg\" alt=\"\" class=\"wp-image-481864\" srcset=\"https:\/\/diariodominicano.com\/wp-content\/uploads\/2023\/10\/Foto-2-3.jpeg 720w, https:\/\/diariodominicano.com\/wp-content\/uploads\/2023\/10\/Foto-2-3-300x200.jpeg 300w\" sizes=\"auto, (max-width: 720px) 100vw, 720px\" \/><figcaption>Starlin N\u00fa\u00f1ez, ganador de la categor\u00eda Preuniversitaria, acompa\u00f1ado de algunos de sus compa\u00f1eros de curso, junto a organizadores y patrocinadores del FestMinutoAgua.<\/figcaption><\/figure>\n\n\n\n<p>Resultaron ganadores una egresada de Unibe en la categor\u00eda Nacional, un dominicano residente en Estado Unidos en la categor\u00eda internacional y un estudiante del centro educativo en artes Jap\u00f3n de Santo Domingo.<\/p>\n\n\n\n<p>Wilmer Jael B\u00e1ez obtuvo el primer premio en la categor\u00eda internacional con su corto Tiempos sin Agua, el cual cuenta la historia de un hombre que camina las calles des\u00e9rticas de Nueva York por falta de agua.<\/p>\n\n\n\n<p>Luego se transporta en una m\u00e1quina del tiempo que necesita agua para funcionar, hasta que se queda atrapado porque no hay agua.<\/p>\n\n\n\n<p>En la categor\u00eda preuniversitaria gan\u00f3 por primera vez Starlin N\u00fa\u00f1ez del centro Educativo en Artes Jap\u00f3n, con su cortometraje La Ultima Gota, en el que plantea una mirada reflexiva de las consecuencias de tomar acci\u00f3n para evitar la escasez de agua.<\/p>\n\n\n\n<figure class=\"wp-block-image size-full\"><img loading=\"lazy\" decoding=\"async\" width=\"706\" height=\"525\" src=\"https:\/\/diariodominicano.com\/wp-content\/uploads\/2023\/10\/Foto-3-3.jpeg\" alt=\"\" class=\"wp-image-481866\" srcset=\"https:\/\/diariodominicano.com\/wp-content\/uploads\/2023\/10\/Foto-3-3.jpeg 706w, https:\/\/diariodominicano.com\/wp-content\/uploads\/2023\/10\/Foto-3-3-300x223.jpeg 300w\" sizes=\"auto, (max-width: 706px) 100vw, 706px\" \/><figcaption>Alexander Guerrero, en representaci\u00f3n de Wilmer Jael B\u00e1ez, ganador de la categor\u00eda Internacional junto organizadores, patrocinadores y representante del Pa\u00eds Invitado de Honor.<\/figcaption><\/figure>\n\n\n\n<p>Augusto Valdivia, presidente de la Fundaci\u00f3n Municipal al D\u00eda, dijo que a pesar de las diferencias entre los pa\u00edses, no debemos caer en la falta de humanismo e invit\u00f3 a practicar la solidaridad h\u00eddrica y alimentaria.<\/p>\n\n\n\n<p>Dijo que de esta forma se buscar\u00edan soluciones conjuntas que eviten los efectos de la guerra, en la que pagan ni\u00f1os, mujeres y ancianos que muchas veces no mueren de una bala sino por la falta de agua o de alimento.<\/p>\n\n\n\n<p>Valdivia hizo una llamado a las ONG nacionales e internacionales y a toda la sociedad dominicana a implementar campa\u00f1as de reforestaci\u00f3n en toda la isla para que el vecino pa\u00eds Hait\u00ed, tambi\u00e9n tengan agua y su escasez no sea la causa de conflictos.<\/p>\n\n\n\n<p>El ganador del primer lugar en la categor\u00eda Nacional recibi\u00f3 un video kit, el ganador de la categor\u00eda Internacional obtuvo un fin de semana para dos personas en el Hotel Lopes\u00e1n B\u00e1varo y la categor\u00eda Preuniversitaria un video kit con todos sus accesorios.<\/p>\n\n\n\n<p>&nbsp;El \u201cFestMinuto Agua 2023\u201d estuvo dedicado al municipio Para\u00edso de la provincia Barahona y tuvo como pa\u00eds invitado la Rep\u00fablica de Panam\u00e1.<\/p>\n\n\n\n<p>Los cortometrajes fueron calificados por un Consejo Curatorial con la participaci\u00f3n de especialistas en la formaci\u00f3n en audiovisual y cine de Rep\u00fablica Dominicana. Alicia \u00c1lvarez de la Universidad APEC; Tanya Valette de Chav\u00f3n; Mayra Poueriet de Intec; Tony Bacigaluppe P\u00e9rez del ITLA; Rafael Ernesto Gonz\u00e1lez de la UASD; Cristina Zapata UNIBE y Miguel Vega de la UCSD.<\/p>\n\n\n\n<p>El Jurado de Premiaci\u00f3n estuvo compuesto por Marianna Vargas, directora de DGCine; Hans Garc\u00eda, presidente de Adocine; Luis Romero, presidente de la Asociaci\u00f3n de realizadores de Panam\u00e1; Jairo Ramos, vicepresidente de la Asociaci\u00f3n de Realizadores de Panam\u00e1; Sixta D\u00edaz, secretaria de la<\/p>\n\n\n\n<p>Asociaci\u00f3n de realizadores de Panam\u00e1 y Jos\u00e9 A. Mont\u00e1s Fr\u00f3meta, gerente de la Divisi\u00f3n Producci\u00f3n Audiovisual del Banco Popular Dominicano.<\/p>\n\n\n\n<p>EI Festival cuenta como aliados con la Fundaci\u00f3n Popular, DGCINE, INAPA, Hotel Lopes\u00e1n, Asociaci\u00f3n Cibao de Ahorros y Pr\u00e9stamos, Induveca, EGEHID, FEDA, Palladium Hotel, el Banco BHD y el Ministerio de la Juventud.<\/p>\n\n\n\n<p>La gala de premiaci\u00f3n del FestMinutoAgua 2023 fue transmitida en vivo por Radio Televisi\u00f3n Educativa y una cadena de medios digitales y Telecable con alcance nacional e internacional y fue escogida para el segmento Fuera de la Caja del programa Luna Llena de RTVD, Canal 4.<\/p>\n\n\n\n<p>Estos son los ganadores en las ocho categor\u00edas adicionales que entrega el Festival Minuto del Agua 2023: Mejor Direcci\u00f3n, Rebecca Dalmasi y Ana Espino (Hab\u00eda una vez); Mejor historia o gui\u00f3n, \u00a0Rebecca Dalmas\u00ed (Hab\u00eda una vez); Mejor dise\u00f1o de arte, Alexander Guerrero (Dibujando el futuro); Mejor cinematograf\u00eda, \u00c1ngelo Vilorio (Hab\u00eda una vez); Mejor edici\u00f3n, \u00c1ngelo Vilorio (Hab\u00eda una vez); Mejor actuaci\u00f3n, Daniela Tav\u00e1rez Pe\u00f1a (Vita); Mejor cartel, \u00c1ngelo Vilorio y Rebecca Dalmasi (Hab\u00eda una vez); y Mejor edici\u00f3n de sonido, Mikejael Castro (Hab\u00eda una vez).<\/p>\n\n\n\n<p>Cinthia M German<a target=\"_blank\" href=\"mailto:cinthiagerman14@gmail.com\" rel=\"noreferrer noopener\">cinthiagerman14@gmail.com<\/a><\/p>\n","protected":false},"excerpt":{"rendered":"<p>Rebecca Dalmas\u00ed, ganadora en la categor\u00eda Nacional junto a sus compa\u00f1eros de crew que tambi\u00e9n obtuvieron galardones. La Fundaci\u00f3n Municipios Al D\u00eda, premi\u00f3 a los ganadores de la 8va versi\u00f3n del festival internacional de corto metrajes \u201cFestMinutoAgua 2023\u201d. Resultaron ganadores una egresada de Unibe en la categor\u00eda Nacional, un dominicano residente en Estado Unidos en [&hellip;]<\/p>\n","protected":false},"author":28,"featured_media":481862,"comment_status":"closed","ping_status":"","sticky":true,"template":"","format":"standard","meta":{"footnotes":""},"categories":[21,36,27,32],"tags":[],"class_list":["post-481861","post","type-post","status-publish","format-standard","has-post-thumbnail","hentry","category-cultura","category-hombresmujeresycosas","category-portada","category-turismo"],"_links":{"self":[{"href":"https:\/\/diariodominicano.com\/index.php?rest_route=\/wp\/v2\/posts\/481861","targetHints":{"allow":["GET"]}}],"collection":[{"href":"https:\/\/diariodominicano.com\/index.php?rest_route=\/wp\/v2\/posts"}],"about":[{"href":"https:\/\/diariodominicano.com\/index.php?rest_route=\/wp\/v2\/types\/post"}],"author":[{"embeddable":true,"href":"https:\/\/diariodominicano.com\/index.php?rest_route=\/wp\/v2\/users\/28"}],"replies":[{"embeddable":true,"href":"https:\/\/diariodominicano.com\/index.php?rest_route=%2Fwp%2Fv2%2Fcomments&post=481861"}],"version-history":[{"count":5,"href":"https:\/\/diariodominicano.com\/index.php?rest_route=\/wp\/v2\/posts\/481861\/revisions"}],"predecessor-version":[{"id":481869,"href":"https:\/\/diariodominicano.com\/index.php?rest_route=\/wp\/v2\/posts\/481861\/revisions\/481869"}],"wp:featuredmedia":[{"embeddable":true,"href":"https:\/\/diariodominicano.com\/index.php?rest_route=\/wp\/v2\/media\/481862"}],"wp:attachment":[{"href":"https:\/\/diariodominicano.com\/index.php?rest_route=%2Fwp%2Fv2%2Fmedia&parent=481861"}],"wp:term":[{"taxonomy":"category","embeddable":true,"href":"https:\/\/diariodominicano.com\/index.php?rest_route=%2Fwp%2Fv2%2Fcategories&post=481861"},{"taxonomy":"post_tag","embeddable":true,"href":"https:\/\/diariodominicano.com\/index.php?rest_route=%2Fwp%2Fv2%2Ftags&post=481861"}],"curies":[{"name":"wp","href":"https:\/\/api.w.org\/{rel}","templated":true}]}}