{"id":481841,"date":"2023-10-21T00:21:29","date_gmt":"2023-10-21T04:21:29","guid":{"rendered":"http:\/\/diariodominicano.com\/?p=481841"},"modified":"2023-10-21T00:31:18","modified_gmt":"2023-10-21T04:31:18","slug":"el-xi-festival-internacional-de-teatro-abre-el-telon-con-la-obra-al-pie-del-tamesis","status":"publish","type":"post","link":"https:\/\/diariodominicano.com\/?p=481841","title":{"rendered":"El XI Festival Internacional de Teatro abre el tel\u00f3n con la obra \u2018Al pie del T\u00e1mesis\u2019"},"content":{"rendered":"\n<p>El XI Festival Internacional de Teatro abre el tel\u00f3n con la obra \u2018Al pie del T\u00e1mesis\u2019 <\/p>\n\n\n\n<p><em>Dedicado a Karina Noble y a Mario Ernesto S\u00e1nchez, este evento cultural ofrecer\u00e1 funciones en Santiago, San Jos\u00e9 de las Matas, Bonao y Santo Domingo<\/em><\/p>\n\n\n\n<figure class=\"wp-block-image size-large\"><img loading=\"lazy\" decoding=\"async\" width=\"1024\" height=\"684\" src=\"https:\/\/diariodominicano.com\/wp-content\/uploads\/2023\/10\/Presentacion-de-la-obra-teatral-Al-pie-del-Tamesis-1-1024x684.jpg\" alt=\"\" class=\"wp-image-481852\" srcset=\"https:\/\/diariodominicano.com\/wp-content\/uploads\/2023\/10\/Presentacion-de-la-obra-teatral-Al-pie-del-Tamesis-1-1024x684.jpg 1024w, https:\/\/diariodominicano.com\/wp-content\/uploads\/2023\/10\/Presentacion-de-la-obra-teatral-Al-pie-del-Tamesis-1-300x200.jpg 300w, https:\/\/diariodominicano.com\/wp-content\/uploads\/2023\/10\/Presentacion-de-la-obra-teatral-Al-pie-del-Tamesis-1-768x513.jpg 768w, https:\/\/diariodominicano.com\/wp-content\/uploads\/2023\/10\/Presentacion-de-la-obra-teatral-Al-pie-del-Tamesis-1-1536x1027.jpg 1536w, https:\/\/diariodominicano.com\/wp-content\/uploads\/2023\/10\/Presentacion-de-la-obra-teatral-Al-pie-del-Tamesis-1-816x545.jpg 816w, https:\/\/diariodominicano.com\/wp-content\/uploads\/2023\/10\/Presentacion-de-la-obra-teatral-Al-pie-del-Tamesis-1.jpg 1616w\" sizes=\"auto, (max-width: 1024px) 100vw, 1024px\" \/><figcaption>Presentaci\u00f3n de la obra teatral Al pie del T\u00e1mesis <\/figcaption><\/figure>\n\n\n\n<p><strong>Santiago<\/strong>, RD. \u2013 Con la puesta en escena de la obra de Mario Vargas Llosa \u201cAl pie del T\u00e1mesis\u201d, dio inicio hoy el XI Festival Internacional de Teatro FITE RD 2023, que se celebrar\u00e1 hasta el pr\u00f3ximo 30 de octubre.<\/p>\n\n\n\n<p>Esta gran cita cultural, que se reanuda tras siete a\u00f1os de pausa, tiene lugar por primera vez fuera de la ciudad capital, con funciones en Santiago, San Jos\u00e9 de las Matas, Bonao y Santo Domingo.<\/p>\n\n\n\n<p>En la presente edici\u00f3n, el FITE RD cuenta con Colombia como pa\u00eds invitado de honor y con el colectivo teatral colombiano Matacandelas como invitado especial.<\/p>\n\n\n\n<figure class=\"wp-block-image size-large\"><img loading=\"lazy\" decoding=\"async\" width=\"1024\" height=\"684\" src=\"https:\/\/diariodominicano.com\/wp-content\/uploads\/2023\/10\/Milagros-German-ministra-de-Cultura-1024x684.jpg\" alt=\"\" class=\"wp-image-481845\" srcset=\"https:\/\/diariodominicano.com\/wp-content\/uploads\/2023\/10\/Milagros-German-ministra-de-Cultura-1024x684.jpg 1024w, https:\/\/diariodominicano.com\/wp-content\/uploads\/2023\/10\/Milagros-German-ministra-de-Cultura-300x200.jpg 300w, https:\/\/diariodominicano.com\/wp-content\/uploads\/2023\/10\/Milagros-German-ministra-de-Cultura-768x513.jpg 768w, https:\/\/diariodominicano.com\/wp-content\/uploads\/2023\/10\/Milagros-German-ministra-de-Cultura-1536x1027.jpg 1536w, https:\/\/diariodominicano.com\/wp-content\/uploads\/2023\/10\/Milagros-German-ministra-de-Cultura-816x545.jpg 816w, https:\/\/diariodominicano.com\/wp-content\/uploads\/2023\/10\/Milagros-German-ministra-de-Cultura.jpg 1616w\" sizes=\"auto, (max-width: 1024px) 100vw, 1024px\" \/><figcaption>Milagros Germ\u00e1n<\/figcaption><\/figure>\n\n\n\n<p>En su discurso durante el acto de inauguraci\u00f3n, la ministra de Cultura, Milagros Germ\u00e1n, destac\u00f3 el compromiso del Gobierno con la descentralizaci\u00f3n de la cultura al se\u00f1alar que la celebraci\u00f3n del XI Festival Internacional de Teatro FITE RD tendr\u00e1 lugar en Santiago de los Caballeros y otras localidades, lo que calific\u00f3 como un hito y un reflejo de esta visi\u00f3n.<\/p>\n\n\n\n<figure class=\"wp-block-image size-large\"><img loading=\"lazy\" decoding=\"async\" width=\"1024\" height=\"684\" src=\"https:\/\/diariodominicano.com\/wp-content\/uploads\/2023\/10\/Entrega-de-estatuilla-a-Karina-Noble.-1024x684.jpg\" alt=\"\" class=\"wp-image-481847\" srcset=\"https:\/\/diariodominicano.com\/wp-content\/uploads\/2023\/10\/Entrega-de-estatuilla-a-Karina-Noble.-1024x684.jpg 1024w, https:\/\/diariodominicano.com\/wp-content\/uploads\/2023\/10\/Entrega-de-estatuilla-a-Karina-Noble.-300x200.jpg 300w, https:\/\/diariodominicano.com\/wp-content\/uploads\/2023\/10\/Entrega-de-estatuilla-a-Karina-Noble.-768x513.jpg 768w, https:\/\/diariodominicano.com\/wp-content\/uploads\/2023\/10\/Entrega-de-estatuilla-a-Karina-Noble.-1536x1027.jpg 1536w, https:\/\/diariodominicano.com\/wp-content\/uploads\/2023\/10\/Entrega-de-estatuilla-a-Karina-Noble.-816x545.jpg 816w, https:\/\/diariodominicano.com\/wp-content\/uploads\/2023\/10\/Entrega-de-estatuilla-a-Karina-Noble..jpg 1616w\" sizes=\"auto, (max-width: 1024px) 100vw, 1024px\" \/><figcaption>Entrega de estatuilla a Karina Noble.<\/figcaption><\/figure>\n\n\n\n<p>Asimismo, subray\u00f3 el inter\u00e9s de la presente gesti\u00f3n en la construcci\u00f3n de ciudadan\u00eda a trav\u00e9s de la formaci\u00f3n y la promoci\u00f3n de la industria creativa, se\u00f1alando que el festival cumple con ambas funciones.<\/p>\n\n\n\n<p>\u201cHoy, con gran orgullo, podemos decir que el Festival Internacional de Teatro al fin ha regresado a los escenarios dominicanos de Santiago, Santo Domingo, Bonao y Sajoma. Por ahora, estamos felices de llegar hasta aqu\u00ed, esperando que estas obras encuentren en su p\u00fablico el cierre del circuito emocional y art\u00edstico que se cumple con cada puesta en escena. \u00a1Que la emoci\u00f3n del teatro encuentre cabida en sus corazones! \u00a1Que se abra el tel\u00f3n!\u201d, manifest\u00f3 la ministra Germ\u00e1n.<\/p>\n\n\n\n<p>Por su parte, el embajador de Colombia en la Rep\u00fablica Dominicana, Dar\u00edo Villamizar Herrera, se\u00f1al\u00f3 que para Colombia es un honor participar como pa\u00eds invitado de honor en esta edici\u00f3n del festival, en la cual el p\u00fablico podr\u00e1 disfrutar del arte y talento de destacadas compa\u00f1\u00edas de teatro de esa nacionalidad.<\/p>\n\n\n\n<p>Asimismo, indic\u00f3 que la Embajada de Colombia se vincula al festival en el contexto del Plan de Promoci\u00f3n de Colombia en el Exterior, una herramienta de diplomacia cultural del Ministerio de Relaciones Exteriores. Este plan tiene como objetivo respaldar la consecuci\u00f3n de los objetivos de pol\u00edtica exterior de esa naci\u00f3n suramericana a trav\u00e9s de la difusi\u00f3n de sus expresiones art\u00edsticas y culturales en el \u00e1mbito internacional.<\/p>\n\n\n\n<p>De su lado, Giovanny Cruz, viceministro de Creatividad y Formaci\u00f3n Art\u00edstica y presidente del Comit\u00e9 Organizador del festival, manifest\u00f3 su satisfacci\u00f3n por el inicio de esta und\u00e9cima edici\u00f3n del FITE RD y resalt\u00f3 la funci\u00f3n social del teatro, reivindicando su papel como arma pol\u00edtica en el proceso de construcci\u00f3n de la nacionalidad dominicana. \u201cReitero, siempre orgulloso, que la \u00fanica revoluci\u00f3n independentista que sale de los escenarios es la nuestra\u201d, afirm\u00f3 el funcionario.<\/p>\n\n\n\n<figure class=\"wp-block-image size-large\"><img loading=\"lazy\" decoding=\"async\" width=\"1024\" height=\"684\" src=\"https:\/\/diariodominicano.com\/wp-content\/uploads\/2023\/10\/Entrega-de-estatuilla-a-Mario-Ernesto-Sanchez-1024x684.jpg\" alt=\"\" class=\"wp-image-481850\" srcset=\"https:\/\/diariodominicano.com\/wp-content\/uploads\/2023\/10\/Entrega-de-estatuilla-a-Mario-Ernesto-Sanchez-1024x684.jpg 1024w, https:\/\/diariodominicano.com\/wp-content\/uploads\/2023\/10\/Entrega-de-estatuilla-a-Mario-Ernesto-Sanchez-300x200.jpg 300w, https:\/\/diariodominicano.com\/wp-content\/uploads\/2023\/10\/Entrega-de-estatuilla-a-Mario-Ernesto-Sanchez-768x513.jpg 768w, https:\/\/diariodominicano.com\/wp-content\/uploads\/2023\/10\/Entrega-de-estatuilla-a-Mario-Ernesto-Sanchez-1536x1027.jpg 1536w, https:\/\/diariodominicano.com\/wp-content\/uploads\/2023\/10\/Entrega-de-estatuilla-a-Mario-Ernesto-Sanchez-816x545.jpg 816w, https:\/\/diariodominicano.com\/wp-content\/uploads\/2023\/10\/Entrega-de-estatuilla-a-Mario-Ernesto-Sanchez.jpg 1616w\" sizes=\"auto, (max-width: 1024px) 100vw, 1024px\" \/><figcaption>Entrega de estatuilla a Mario Ernesto S\u00e1nchez<\/figcaption><\/figure>\n\n\n\n<p><strong>Dedicatorias<\/strong><\/p>\n\n\n\n<p>Uno de los momentos m\u00e1s emotivos de la ceremonia inaugural fue la entrega de estatuillas a los actores Karina Noble, dominicana, y Mario Ernesto S\u00e1nchez, cubano-estadounidense, sobre quienes recayeron las dedicatorias nacional e internacional, respectivamente, de la presente edici\u00f3n del FITE RD.<\/p>\n\n\n\n<p>Ambos profesionales de las tablas agradecieron la distinci\u00f3n. \u201cRecibir un homenaje, un reconocimiento en vida, significa mucho\u201d, expres\u00f3 Karina Noble.<\/p>\n\n\n\n<p>Mario Ernesto S\u00e1nchez, por su parte, exhort\u00f3 a continuar dando vida a los festivales de teatro y reconoci\u00f3 como un gran logro del Ministerio de Cultura y de su titular haber reanudado el FITE luego de siete a\u00f1os de inactividad.<\/p>\n\n\n\n<p><strong>Se abre el tel\u00f3n<\/strong><\/p>\n\n\n\n<p>Para dar inicio al FITE RD 2023 se present\u00f3 la obra de Mario Vargas Llosa \u00abAl pie del T\u00e1mesis\u00bb, dirigida y producida por Mario Ernesto S\u00e1nchez, en la sala H\u00e9ctor Inch\u00e1ustegui del Centro Cultural Ercilia Pep\u00edn, con una segunda funci\u00f3n programada para el s\u00e1bado 21 de octubre a las 8:00 de la noche.<\/p>\n\n\n\n<p><strong>Muestra \u201c101 emociones de actores dominicanos\u201d<\/strong><\/p>\n\n\n\n<p>Tras la ceremonia inaugural y el disfrute de la pieza teatral en cartelera, los asistentes se dirigieron a la sala Yoryi Morel del mencionado centro cultural, donde participaron en la inauguraci\u00f3n de la exposici\u00f3n \u201c101 emociones de actores dominicanos\u201d, una selecci\u00f3n de fotograf\u00edas de actores nacionales tanto de larga trayectoria como emergentes, de la serie \u201cEmociones 101\u201d, obra del fot\u00f3grafo Jochy Campusano.<\/p>\n\n\n\n<p><strong>Comit\u00e9 organizador<\/strong><\/p>\n\n\n\n<p>Giovanny Cruz, viceministro de Creatividad y Formaci\u00f3n Art\u00edstica, preside el Comit\u00e9 Organizador del XI FITE RD 2023, que tambi\u00e9n est\u00e1 integrado por Freddy Ginebra, coordinador de participaci\u00f3n de compa\u00f1\u00edas de teatro internacionales; Robinson Aybar, director del Centro Cultural Ercilia Pep\u00edn de Santiago de los Caballeros, y Juana Mar\u00eda Checo, directora del Gran Teatro del Cibao.<\/p>\n\n\n\n<p>Tambi\u00e9n conforman dicho comit\u00e9 Sergio Acosta, director de la Escuela de Bellas Artes de Santiago; Yanilsa Cruz, directora de Cultura de la Alcald\u00eda de Santiago de los Caballeros, y Anny Samir, representante del sector teatral independiente.<\/p>\n\n\n\n<p>La cartelera completa del XI FITE RD 2023 se encuentra disponible en la p\u00e1gina web del Ministerio de Cultura (<a rel=\"noreferrer noopener\" href=\"http:\/\/www.cultura.gob.do\/\" target=\"_blank\">www.cultura.gob.do<\/a>).<\/p>\n\n\n\n<p>Ministerio de Cultura de la Rep\u00fablica Dominicana<a target=\"_blank\" href=\"mailto:prensa@cultura.gob.do\" rel=\"noreferrer noopener\">prensa@cultura.gob.do<\/a><\/p>\n","protected":false},"excerpt":{"rendered":"<p>El XI Festival Internacional de Teatro abre el tel\u00f3n con la obra \u2018Al pie del T\u00e1mesis\u2019 Dedicado a Karina Noble y a Mario Ernesto S\u00e1nchez, este evento cultural ofrecer\u00e1 funciones en Santiago, San Jos\u00e9 de las Matas, Bonao y Santo Domingo Santiago, RD. \u2013 Con la puesta en escena de la obra de Mario Vargas [&hellip;]<\/p>\n","protected":false},"author":28,"featured_media":481842,"comment_status":"closed","ping_status":"","sticky":true,"template":"","format":"standard","meta":{"footnotes":""},"categories":[21,36,27,32],"tags":[],"class_list":["post-481841","post","type-post","status-publish","format-standard","has-post-thumbnail","hentry","category-cultura","category-hombresmujeresycosas","category-portada","category-turismo"],"_links":{"self":[{"href":"https:\/\/diariodominicano.com\/index.php?rest_route=\/wp\/v2\/posts\/481841","targetHints":{"allow":["GET"]}}],"collection":[{"href":"https:\/\/diariodominicano.com\/index.php?rest_route=\/wp\/v2\/posts"}],"about":[{"href":"https:\/\/diariodominicano.com\/index.php?rest_route=\/wp\/v2\/types\/post"}],"author":[{"embeddable":true,"href":"https:\/\/diariodominicano.com\/index.php?rest_route=\/wp\/v2\/users\/28"}],"replies":[{"embeddable":true,"href":"https:\/\/diariodominicano.com\/index.php?rest_route=%2Fwp%2Fv2%2Fcomments&post=481841"}],"version-history":[{"count":8,"href":"https:\/\/diariodominicano.com\/index.php?rest_route=\/wp\/v2\/posts\/481841\/revisions"}],"predecessor-version":[{"id":481854,"href":"https:\/\/diariodominicano.com\/index.php?rest_route=\/wp\/v2\/posts\/481841\/revisions\/481854"}],"wp:featuredmedia":[{"embeddable":true,"href":"https:\/\/diariodominicano.com\/index.php?rest_route=\/wp\/v2\/media\/481842"}],"wp:attachment":[{"href":"https:\/\/diariodominicano.com\/index.php?rest_route=%2Fwp%2Fv2%2Fmedia&parent=481841"}],"wp:term":[{"taxonomy":"category","embeddable":true,"href":"https:\/\/diariodominicano.com\/index.php?rest_route=%2Fwp%2Fv2%2Fcategories&post=481841"},{"taxonomy":"post_tag","embeddable":true,"href":"https:\/\/diariodominicano.com\/index.php?rest_route=%2Fwp%2Fv2%2Ftags&post=481841"}],"curies":[{"name":"wp","href":"https:\/\/api.w.org\/{rel}","templated":true}]}}