{"id":481747,"date":"2023-10-20T22:14:25","date_gmt":"2023-10-21T02:14:25","guid":{"rendered":"http:\/\/diariodominicano.com\/?p=481747"},"modified":"2023-10-20T22:14:54","modified_gmt":"2023-10-21T02:14:54","slug":"asociacion-cibao-y-apedi-anuncian-proyecto-de-restauracion-ambiental-en-la-cordillera-septentrional","status":"publish","type":"post","link":"https:\/\/diariodominicano.com\/?p=481747","title":{"rendered":"Asociaci\u00f3n Cibao y APEDI anuncian proyecto de restauraci\u00f3n ambiental en la cordillera Septentrional"},"content":{"rendered":"\n<p>Simo\u0301n Genao, Herson Corona, Yolanda Guzma\u0301n, Luis Pen\u0303a, Jose\u0301 Luis Ventura, Juan Alfonso Mera Montero, Walkiria Este\u0301vez, Yara Herna\u0301ndez, y Sau\u0301l Abreu.<\/p>\n\n\n\n<p><strong><em>Con una inversi\u00f3n de RD$4.5 millones, el proyecto busca la restauraci\u00f3n de los servicios ecosist\u00e9micos en la parte alta de la cuenca del r\u00edo Jacagua, a trav\u00e9s de la protecci\u00f3n de las zonas de captaci\u00f3n h\u00eddrica, el incremento de la cobertura boscosa y la promoci\u00f3n del compromiso ciudadano y la educaci\u00f3n ambiental<\/em><\/strong><\/p>\n\n\n\n<figure class=\"wp-block-image size-large\"><img loading=\"lazy\" decoding=\"async\" width=\"1024\" height=\"683\" src=\"https:\/\/diariodominicano.com\/wp-content\/uploads\/2023\/10\/Luis-Pen\u0303a-Jose\u0301-Luis-Ventura-Juan-Alfonso-Mera-Montero-Saul-Abreu-y-Walkiria-Estevez-octubre-2023-1024x683.jpg\" alt=\"\" class=\"wp-image-481749\" srcset=\"https:\/\/diariodominicano.com\/wp-content\/uploads\/2023\/10\/Luis-Pen\u0303a-Jose\u0301-Luis-Ventura-Juan-Alfonso-Mera-Montero-Saul-Abreu-y-Walkiria-Estevez-octubre-2023-1024x683.jpg 1024w, https:\/\/diariodominicano.com\/wp-content\/uploads\/2023\/10\/Luis-Pen\u0303a-Jose\u0301-Luis-Ventura-Juan-Alfonso-Mera-Montero-Saul-Abreu-y-Walkiria-Estevez-octubre-2023-300x200.jpg 300w, https:\/\/diariodominicano.com\/wp-content\/uploads\/2023\/10\/Luis-Pen\u0303a-Jose\u0301-Luis-Ventura-Juan-Alfonso-Mera-Montero-Saul-Abreu-y-Walkiria-Estevez-octubre-2023-768x513.jpg 768w, https:\/\/diariodominicano.com\/wp-content\/uploads\/2023\/10\/Luis-Pen\u0303a-Jose\u0301-Luis-Ventura-Juan-Alfonso-Mera-Montero-Saul-Abreu-y-Walkiria-Estevez-octubre-2023-1536x1025.jpg 1536w, https:\/\/diariodominicano.com\/wp-content\/uploads\/2023\/10\/Luis-Pen\u0303a-Jose\u0301-Luis-Ventura-Juan-Alfonso-Mera-Montero-Saul-Abreu-y-Walkiria-Estevez-octubre-2023-2048x1367.jpg 2048w, https:\/\/diariodominicano.com\/wp-content\/uploads\/2023\/10\/Luis-Pen\u0303a-Jose\u0301-Luis-Ventura-Juan-Alfonso-Mera-Montero-Saul-Abreu-y-Walkiria-Estevez-octubre-2023-816x545.jpg 816w\" sizes=\"auto, (max-width: 1024px) 100vw, 1024px\" \/><figcaption>Luis Pen\u0303a, Jose\u0301 Luis Ventura, Juan Alfonso Mera Montero, Saul Abreu y Walkiria Est\u00e9vez <\/figcaption><\/figure>\n\n\n\n<p><strong>Santiago, Rep\u00fablica Dominicana<\/strong>.-&nbsp;La Asociaci\u00f3n Cibao de Ahorros y Pr\u00e9stamos (ACAP) y la Asociaci\u00f3n para el Desarrollo, Inc. (APEDI) se unieron a trav\u00e9s de un convenio para restaurar los servicios ecosist\u00e9micos de la margen sur de la cordillera Septentrional, perteneciente a la cuenca del r\u00edo Yaque del Norte, espec\u00edficamente en la parte alta del r\u00edo Jacagua.&nbsp;<\/p>\n\n\n\n<p>Este proyecto, fruto de meses de colaboraci\u00f3n y planificaci\u00f3n conjunta, busca promover los beneficios que aportan a la sociedad los ecosistemas del r\u00edo Jacagua, proteger las zonas de captaci\u00f3n h\u00eddrica y fomentar la concienciaci\u00f3n sobre la importancia de la cuenca y el compromiso ciudadano en su preservaci\u00f3n.&nbsp;<\/p>\n\n\n\n<p>La iniciativa incluye una serie de acciones concretas, como la restauraci\u00f3n de la cobertura boscosa de dos nacientes de agua y sus zonas de amortiguamiento, el aislamiento y protecci\u00f3n de los afloramientos de agua, la promoci\u00f3n de plantaciones agroforestales y sistemas silvopastoriles, que incluyen la siembra de 50,000 \u00e1rboles de especies nativas, adem\u00e1s de cacao, caf\u00e9 y frutales, contribuyendo a la diversificaci\u00f3n productiva de la zona.&nbsp;<\/p>\n\n\n\n<p>Adicionalmente, se identific\u00f3 una naciente bien conservada a ser utilizada como ejemplo de buenas pr\u00e1cticas y se construir\u00e1 un mirador con vistas a una amplia zona de la subcuenca. Este mirador contar\u00e1 con murales informativos y mensajes de educaci\u00f3n ambiental. Adem\u00e1s, se trabajar\u00e1 con los centros educativos de la comunidad para ense\u00f1ar a los estudiantes sobre la clasificaci\u00f3n correcta de residuos y la protecci\u00f3n del medio ambiente.&nbsp;<\/p>\n\n\n\n<p>El acuerdo, firmado por Jos\u00e9 Luis Ventura, presidente ejecutivo de ACAP y Juan Alfonso Mera Montero, presidente de APEDI tiene vigencia de un a\u00f1o. Durante este per\u00edodo, ambas entidades trabajar\u00e1n en estrecha colaboraci\u00f3n para implementar las acciones planificadas y lograr los objetivos establecidos.<\/p>\n\n\n\n<p>\u201cEste proyecto representa un hito significativo en la preservaci\u00f3n de la biodiversidad y la gesti\u00f3n sostenible de los recursos h\u00eddricos en la regi\u00f3n. La Asociaci\u00f3n Cibao se enorgullece de unir esfuerzos estrat\u00e9gicos con APEDI, una entidad hermana, para contribuir al bienestar de las comunidades locales y al cuidado del medio ambiente\u201d, expres\u00f3 Ventura.&nbsp;<\/p>\n\n\n\n<p>Mientras que, Juan Alfonso Mera destac\u00f3 las relaciones existentes entre ambas entidades y manifest\u00f3 que: \u201cEs todo un honor formalizar esta alianza con ACAP para el desarrollo de una iniciativa de mucha importancia, adem\u00e1s de que sella las colaboraciones que hemos trabajado desde hace mucho tiempo, a trav\u00e9s de los voluntariados y las jornadas de siembra\u201d.&nbsp;<\/p>\n\n\n\n<p>Sa\u00fal Abreu, director ejecutivo de APEDI explic\u00f3 que la intervenci\u00f3n generar\u00e1 un impacto positivo en las comunidades de la zona, atendiendo a su importancia estrat\u00e9gica para la provisi\u00f3n de agua potable. Resalt\u00f3 que el proyecto facilitar\u00e1 la articulaci\u00f3n de varias instituciones que trabajan en favor de la sostenibilidad, como el Fondo Agua Yaque del Norte.<\/p>\n\n\n\n<p>La restauraci\u00f3n de los servicios ecosist\u00e9micos en la parte alta del r\u00edo Jacagua contempla un presupuesto ascendente a cuatro millones quinientos cuarenta y tres mil pesos dominicanos (RD$4,543,000.00), de los cuales, Asociaci\u00f3n Cibao aportar\u00e1 3.5 millones de pesos y APEDI invertir\u00e1 1 mill\u00f3n 43 mil pesos; un compromiso financiero que refleja la importancia que ambas organizaciones otorgan a la preservaci\u00f3n de los recursos naturales y la sostenibilidad de la regi\u00f3n.<\/p>\n\n\n\n<p>Laurelis Montero<a target=\"_blank\" href=\"mailto:laurelis@mediaticos.com.do\" rel=\"noreferrer noopener\">laurelis@mediaticos.com.do<\/a><\/p>\n","protected":false},"excerpt":{"rendered":"<p>Simo\u0301n Genao, Herson Corona, Yolanda Guzma\u0301n, Luis Pen\u0303a, Jose\u0301 Luis Ventura, Juan Alfonso Mera Montero, Walkiria Este\u0301vez, Yara Herna\u0301ndez, y Sau\u0301l Abreu. Con una inversi\u00f3n de RD$4.5 millones, el proyecto busca la restauraci\u00f3n de los servicios ecosist\u00e9micos en la parte alta de la cuenca del r\u00edo Jacagua, a trav\u00e9s de la protecci\u00f3n de las zonas [&hellip;]<\/p>\n","protected":false},"author":28,"featured_media":481748,"comment_status":"closed","ping_status":"","sticky":true,"template":"","format":"standard","meta":{"footnotes":""},"categories":[36,20,27,32],"tags":[],"class_list":["post-481747","post","type-post","status-publish","format-standard","has-post-thumbnail","hentry","category-hombresmujeresycosas","category-dominicana-hoy","category-portada","category-turismo"],"_links":{"self":[{"href":"https:\/\/diariodominicano.com\/index.php?rest_route=\/wp\/v2\/posts\/481747","targetHints":{"allow":["GET"]}}],"collection":[{"href":"https:\/\/diariodominicano.com\/index.php?rest_route=\/wp\/v2\/posts"}],"about":[{"href":"https:\/\/diariodominicano.com\/index.php?rest_route=\/wp\/v2\/types\/post"}],"author":[{"embeddable":true,"href":"https:\/\/diariodominicano.com\/index.php?rest_route=\/wp\/v2\/users\/28"}],"replies":[{"embeddable":true,"href":"https:\/\/diariodominicano.com\/index.php?rest_route=%2Fwp%2Fv2%2Fcomments&post=481747"}],"version-history":[{"count":2,"href":"https:\/\/diariodominicano.com\/index.php?rest_route=\/wp\/v2\/posts\/481747\/revisions"}],"predecessor-version":[{"id":481751,"href":"https:\/\/diariodominicano.com\/index.php?rest_route=\/wp\/v2\/posts\/481747\/revisions\/481751"}],"wp:featuredmedia":[{"embeddable":true,"href":"https:\/\/diariodominicano.com\/index.php?rest_route=\/wp\/v2\/media\/481748"}],"wp:attachment":[{"href":"https:\/\/diariodominicano.com\/index.php?rest_route=%2Fwp%2Fv2%2Fmedia&parent=481747"}],"wp:term":[{"taxonomy":"category","embeddable":true,"href":"https:\/\/diariodominicano.com\/index.php?rest_route=%2Fwp%2Fv2%2Fcategories&post=481747"},{"taxonomy":"post_tag","embeddable":true,"href":"https:\/\/diariodominicano.com\/index.php?rest_route=%2Fwp%2Fv2%2Ftags&post=481747"}],"curies":[{"name":"wp","href":"https:\/\/api.w.org\/{rel}","templated":true}]}}