{"id":48163,"date":"2012-03-23T20:01:30","date_gmt":"2012-03-23T20:01:30","guid":{"rendered":"http:\/\/diariodominicano.ddns.net\/?p=48163"},"modified":"2012-03-23T20:01:30","modified_gmt":"2012-03-23T20:01:30","slug":"presidente-fernandez-con-intensa-agenda-de-inauguraciones-y-supervision-de-obras","status":"publish","type":"post","link":"https:\/\/diariodominicano.com\/?p=48163","title":{"rendered":"Presidente Fern\u00e1ndez con intensa agenda de inauguraciones y supervisi\u00f3n de obras"},"content":{"rendered":"<p><body><\/p>\n<p><span class=\"text1noticias\">Santo Domingo RD 23 marzo(4:01 pm).- El presidente Leonel Fern\u00e1ndez desarrollar\u00e1 desde hoy una agenda que incluye la inauguraci\u00f3n e inspecci\u00f3n de varias obras que construye el gobierno en El Seibo, Hato Mayor y la provincia Duarte. <\/span><\/p>\n<\/p>\n<p><span class=\"text1noticias\">Hoy al mediod\u00eda, el primer mandatario pronunci\u00f3 el discurso central en la apertura del foro empresarial franco-dominicano, en el sal\u00f3n Framboy\u00e1n, Casa de Campo, en La Romana; ma\u00f1ana a las 11:00 de la ma\u00f1ana, el gobernante dar\u00e1 el primer picazo para dejar iniciados los trabajos de construcci\u00f3n del proyecto habitacional INVI, a la entrada de El Seibo, y una hora m\u00e1s tarde cortar\u00e1 la cinta simb\u00f3lica para dejar en funcionamiento las instalaciones de los Comedores Econ\u00f3micos de Villa Guerrero.<\/span><\/p>\n<\/p>\n<p><span class=\"text1noticias\">Asimismo, en Hato Mayor el mandatario inaugurar\u00e1 a la una de la tarde la remodelaci\u00f3n del parque central, el liceo secundario C\u00e9sar Nicol\u00e1s Penson y las calles del centro urbano. El gobierno tambi\u00e9n trabaja en la reconstrucci\u00f3n de las calles de los municipios de Sabana de la Mar y El Valle.<\/span><\/p>\n<\/p>\n<p><span class=\"text1noticias\">El jefe de Estado visitar\u00e1 este domingo la provincia Duarte, donde a las 11:00 de la ma\u00f1ana, supervisar\u00e1 la construcci\u00f3n de la Carretera Puente La Reforma-El Guayabo, el Polit\u00e9cnico Profesor Juan Bosch de Villa Rivas y, en Castillo, cortar\u00e1 la cinta para dejar en funcionamiento las calles de la Yaiva, as\u00ed como un multiuso.<\/span><\/p>\n<\/p>\n<p><span class=\"text1noticias\">En tanto, que a la 1:30 de la tarde, Fern\u00e1ndez se trasladar\u00e1 a Pimentel para supervisar la construcci\u00f3n de la escuela B\u00e1sica Agust\u00edn Fern\u00e1ndez P\u00e9rez y un multiuso. A las 2:00 de la tarde, el jefe Estado viajar\u00e1 al distrito municipal de La Pe\u00f1a para inaugurar las calles, las cuales fueron debidamente asfaltadas por el Ministerio de Obras P\u00fablicas. Fern\u00e1ndez har\u00e1 lo mismo en la calle Barrio Aguas Vivas de Las Gu\u00e1ranas y entregar\u00e1 un cheque a la Parroquia Nuestra Se\u00f1ora del Carmen.<\/span><\/p>\n<\/p>\n<p><span class=\"text1noticias\">El Presidente de la Rep\u00fablica tambi\u00e9n tiene previsto a las 4:00 de la tarde del domingo realizar el corte de cinta del Centro Educativo Hern\u00e1n Jos\u00e9 S\u00e1nchez del distrito municipal de Aguayo y, m\u00e1s tarde, entregar\u00e1 el hospital Mario Fern\u00e1ndez Mena y la carretera Gu\u00e1zuma-La Bajada, en Cenov\u00ed.(AD).<\/span>&#8211;<\/p>\n<\/p>\n<\/p>\n<h6> 2012-03-23 20:01:30 <\/h6>\n<p><!--\n<link rel=\"stylesheet\" href=\"css\/bootstrap.min.css\">\n\n\n<ul class=\"pagination\">\n\t    \n\t\n\n<li >\n\t<a href='?page_no=702'>Previous<\/a>\n\t<\/li>\n\n\n       \n    \n\n<li><a href='?page_no=1'>1<\/a><\/li>\n\n\n\n<li><a href='?page_no=2'>2<\/a><\/li>\n\n\n\n<li><a>...<\/a><\/li>\n\n\n\n<li><a href='?page_no=701'>701<\/a><\/li>\n\n\n\n<li><a href='?page_no=702'>702<\/a><\/li>\n\n\n\n<li class='active'><a>703<\/a><\/li>\n\n\n\n<li><a href='?page_no=704'>704<\/a><\/li>\n\n\n\n<li><a href='?page_no=705'>705<\/a><\/li>\n\n\n\n<li><a>...<\/a><\/li>\n\n\n\n<li><a href='?page_no=745'>745<\/a><\/li>\n\n\n\n<li><a href='?page_no=746'>746<\/a><\/li>\n\n    \n\t\n\n<li >\n\t<a href='?page_no=704'>Next<\/a>\n\t<\/li>\n\n\n    \n\n<li><a href='?page_no=746'>Last &rsaquo;&rsaquo;<\/a><\/li>\n\n<\/ul>\n\n\n--><br \/>\n<\/body><\/p>\n","protected":false},"excerpt":{"rendered":"<p>Santo Domingo RD 23 marzo(4:01 pm).- El presidente Leonel Fern\u00e1ndez desarrollar\u00e1 desde hoy una agenda que incluye la inauguraci\u00f3n e inspecci\u00f3n de varias obras que construye el gobierno en El Seibo, Hato Mayor y la provincia Duarte. Hoy al mediod\u00eda, el primer mandatario pronunci\u00f3 el discurso central en la apertura del foro empresarial franco-dominicano, en [&hellip;]<\/p>\n","protected":false},"author":3,"featured_media":0,"comment_status":"open","ping_status":"open","sticky":false,"template":"","format":"standard","meta":{"footnotes":""},"categories":[27],"tags":[],"class_list":["post-48163","post","type-post","status-publish","format-standard","hentry","category-portada"],"_links":{"self":[{"href":"https:\/\/diariodominicano.com\/index.php?rest_route=\/wp\/v2\/posts\/48163","targetHints":{"allow":["GET"]}}],"collection":[{"href":"https:\/\/diariodominicano.com\/index.php?rest_route=\/wp\/v2\/posts"}],"about":[{"href":"https:\/\/diariodominicano.com\/index.php?rest_route=\/wp\/v2\/types\/post"}],"author":[{"embeddable":true,"href":"https:\/\/diariodominicano.com\/index.php?rest_route=\/wp\/v2\/users\/3"}],"replies":[{"embeddable":true,"href":"https:\/\/diariodominicano.com\/index.php?rest_route=%2Fwp%2Fv2%2Fcomments&post=48163"}],"version-history":[{"count":0,"href":"https:\/\/diariodominicano.com\/index.php?rest_route=\/wp\/v2\/posts\/48163\/revisions"}],"wp:attachment":[{"href":"https:\/\/diariodominicano.com\/index.php?rest_route=%2Fwp%2Fv2%2Fmedia&parent=48163"}],"wp:term":[{"taxonomy":"category","embeddable":true,"href":"https:\/\/diariodominicano.com\/index.php?rest_route=%2Fwp%2Fv2%2Fcategories&post=48163"},{"taxonomy":"post_tag","embeddable":true,"href":"https:\/\/diariodominicano.com\/index.php?rest_route=%2Fwp%2Fv2%2Ftags&post=48163"}],"curies":[{"name":"wp","href":"https:\/\/api.w.org\/{rel}","templated":true}]}}