{"id":48153,"date":"2012-04-01T18:51:52","date_gmt":"2012-04-01T18:51:52","guid":{"rendered":"http:\/\/diariodominicano.ddns.net\/?p=48153"},"modified":"2012-04-01T18:51:52","modified_gmt":"2012-04-01T18:51:52","slug":"inundaciones-por-crecidas-de-rios-provocan-dos-muertes-y-danos-en-la-rd","status":"publish","type":"post","link":"https:\/\/diariodominicano.com\/?p=48153","title":{"rendered":"Inundaciones por crecidas de r\u00edos provocan dos muertes y da\u00f1os en la RD"},"content":{"rendered":"<p><body><\/p>\n<p><span class=\"text1noticias\">Bonao, RD 1 abril (2:50 pm).- Dos personas muertas, inundaciones de casas y plantaciones agr\u00edcolas y otros da\u00f1os materiales se han registrado en las provincias monse\u00f1or Nouel y S\u00e1nchez Ram\u00edrez, como consecuencia de fuertes aguaceros que en las \u00faltimas horas han afectado distintas zonas de la Rep\u00fablica Dominicana.<\/span><\/p>\n<p><span class=\"text1noticias\"> <\/span><\/p>\n<p><span class=\"text1noticias\">Las muertes se registraron en Bonao a causa de crecidas de los r\u00edos Yuna y Yuboa, que inundaron decenas de viviendas y aislaron comunidades de ese municipio y de la provincia S\u00e1nchez Ram\u00edrez.  Las v\u00edctimas son Amaury Ortega N\u00fa\u00f1ez, de 30 a\u00f1os, y la ni\u00f1a Channy S\u00e1ndez, quienes se ahogaron en los r\u00edos Yuna y Yuboa, respectivamente.<\/span><\/p>\n<p><span class=\"text1noticias\"> <\/span><\/p>\n<p><span class=\"text1noticias\">El primero estaba desaparecido desde el viernes cuando fue arrastrado por las aguas en momentos en que trataba de cruzar el r\u00edo en una motocicleta tipo passola, luego que se desplomara el puente colgante que une las comunidades Salvia y Arroyo Toro. Otros dos hombres que le acompa\u00f1aban se salvaron.<\/span><\/p>\n<p><span class=\"text1noticias\"> <\/span><\/p>\n<p><span class=\"text1noticias\">La ni\u00f1a Channy S\u00e1nchez resid\u00eda en la localidad de La Colonia, donde un grupo de casas permanecen inundadas.<\/span><\/p>\n<p><span class=\"text1noticias\"> <\/span><\/p>\n<p><span class=\"text1noticias\">Las lluvias han provocado da\u00f1os a caminos vecinales y a plantaciones agr\u00edcolas y han inundado casas en Los Platanitos, Juma, Caribe, El Verde, Arroyo Toro y otras zonas.<\/span><\/p>\n<p><span class=\"text1noticias\"> <\/span><\/p>\n<p><span class=\"text1noticias\">En S\u00e1nchez Ram\u00edrez<\/span><\/p>\n<p><span class=\"text1noticias\"> <\/span><\/p>\n<p><span class=\"text1noticias\">Los aguaceros en Comedero Arriba, Comedero Abajo, Caballero y Hernando Alonzo en S\u00e1nchez Ram\u00edrez, desbordaron los r\u00edos Cuay\u00e1, La Chiva, Guanam\u00e1, La Manga, Cabirmal, R\u00edo Piedra, y arroyos que dejaron a familias aisladas al anegar la carretera que los comunica.<\/span><\/p>\n<p><span class=\"text1noticias\"> <\/span><\/p>\n<p><span class=\"text1noticias\">Los agricultores temen que las aguas ocasionen da\u00f1os a la agricultura y a los caminos vecinales.<\/span><\/p>\n<p><span class=\"text1noticias\"> <\/span><\/p>\n<p><span class=\"text1noticias\">Ayer la Oficina Nacional de Meteorolog\u00eda inform\u00f3 que est\u00e1n bajo alerta contra posibles inundaciones repentinas y deslizamientos de tierra La Vega, S\u00e1nchez Ram\u00edrez, Monse\u00f1or Nouel, Hermanas Mirabal, Mar\u00eda Trinidad S\u00e1nchez, y Duarte en especial en la zona del Bajo Yuna. Las lluvias seguir\u00e1n hoy.<\/span><\/p>\n<p><span class=\"text1noticias\"> <\/span><\/p>\n<p><span class=\"text1noticias\">Indic\u00f3 que en la costa caribe\u00f1a se presentan vientos y olas anormales mar adentro, por lo que las fr\u00e1giles y peque\u00f1as embarcaciones deben limitarse a navegar con precauci\u00f3n cerca de ese per\u00edmetro y no aventurarse m\u00e1s all\u00e1.(AD)<\/span>.<\/p>\n<\/p>\n<\/p>\n<h6> 2012-04-01 18:51:52 <\/h6>\n<p><!--\n<link rel=\"stylesheet\" href=\"css\/bootstrap.min.css\">\n\n\n<ul class=\"pagination\">\n\t    \n\t\n\n<li >\n\t<a href='?page_no=694'>Previous<\/a>\n\t<\/li>\n\n\n       \n    \n\n<li><a href='?page_no=1'>1<\/a><\/li>\n\n\n\n<li><a href='?page_no=2'>2<\/a><\/li>\n\n\n\n<li><a>...<\/a><\/li>\n\n\n\n<li><a href='?page_no=693'>693<\/a><\/li>\n\n\n\n<li><a href='?page_no=694'>694<\/a><\/li>\n\n\n\n<li class='active'><a>695<\/a><\/li>\n\n\n\n<li><a href='?page_no=696'>696<\/a><\/li>\n\n\n\n<li><a href='?page_no=697'>697<\/a><\/li>\n\n\n\n<li><a>...<\/a><\/li>\n\n\n\n<li><a href='?page_no=745'>745<\/a><\/li>\n\n\n\n<li><a href='?page_no=746'>746<\/a><\/li>\n\n    \n\t\n\n<li >\n\t<a href='?page_no=696'>Next<\/a>\n\t<\/li>\n\n\n    \n\n<li><a href='?page_no=746'>Last &rsaquo;&rsaquo;<\/a><\/li>\n\n<\/ul>\n\n\n--><br \/>\n<\/body><\/p>\n","protected":false},"excerpt":{"rendered":"<p>Bonao, RD 1 abril (2:50 pm).- Dos personas muertas, inundaciones de casas y plantaciones agr\u00edcolas y otros da\u00f1os materiales se han registrado en las provincias monse\u00f1or Nouel y S\u00e1nchez Ram\u00edrez, como consecuencia de fuertes aguaceros que en las \u00faltimas horas han afectado distintas zonas de la Rep\u00fablica Dominicana. Las muertes se registraron en Bonao a [&hellip;]<\/p>\n","protected":false},"author":3,"featured_media":0,"comment_status":"open","ping_status":"open","sticky":false,"template":"","format":"standard","meta":{"footnotes":""},"categories":[27],"tags":[],"class_list":["post-48153","post","type-post","status-publish","format-standard","hentry","category-portada"],"_links":{"self":[{"href":"https:\/\/diariodominicano.com\/index.php?rest_route=\/wp\/v2\/posts\/48153","targetHints":{"allow":["GET"]}}],"collection":[{"href":"https:\/\/diariodominicano.com\/index.php?rest_route=\/wp\/v2\/posts"}],"about":[{"href":"https:\/\/diariodominicano.com\/index.php?rest_route=\/wp\/v2\/types\/post"}],"author":[{"embeddable":true,"href":"https:\/\/diariodominicano.com\/index.php?rest_route=\/wp\/v2\/users\/3"}],"replies":[{"embeddable":true,"href":"https:\/\/diariodominicano.com\/index.php?rest_route=%2Fwp%2Fv2%2Fcomments&post=48153"}],"version-history":[{"count":0,"href":"https:\/\/diariodominicano.com\/index.php?rest_route=\/wp\/v2\/posts\/48153\/revisions"}],"wp:attachment":[{"href":"https:\/\/diariodominicano.com\/index.php?rest_route=%2Fwp%2Fv2%2Fmedia&parent=48153"}],"wp:term":[{"taxonomy":"category","embeddable":true,"href":"https:\/\/diariodominicano.com\/index.php?rest_route=%2Fwp%2Fv2%2Fcategories&post=48153"},{"taxonomy":"post_tag","embeddable":true,"href":"https:\/\/diariodominicano.com\/index.php?rest_route=%2Fwp%2Fv2%2Ftags&post=48153"}],"curies":[{"name":"wp","href":"https:\/\/api.w.org\/{rel}","templated":true}]}}