{"id":481450,"date":"2023-10-19T22:35:25","date_gmt":"2023-10-20T02:35:25","guid":{"rendered":"http:\/\/diariodominicano.com\/?p=481450"},"modified":"2023-10-19T22:35:25","modified_gmt":"2023-10-20T02:35:25","slug":"eligen-dominicano-jorge-blas-diaz-presidente-de-la-union-caribena-de-ciclismo","status":"publish","type":"post","link":"https:\/\/diariodominicano.com\/?p=481450","title":{"rendered":"Eligen dominicano Jorge Blas D\u00edaz presidente de la Uni\u00f3n Caribe\u00f1a de Ciclismo"},"content":{"rendered":"\n<p> <strong>En el centro, el dominicano ingeniero Jorge Blas D\u00edaz, elegido presidente de la Uni\u00f3n de Ciclismo del Caribe, rodeado de los nuevos ejecutivos, Cyril Mangal, Rowena Williams, Sharon Lowe, Peter Dunne, Henny Bonafacio, Donna Kay Sharpe, Charles Lynch y Edsel Romney.<\/strong> <\/p>\n\n\n\n<p><strong>GUADALUPE.- 19 de octubre 2023.- E<\/strong>l principal ejecutivo de la Federaci\u00f3n Dominicana de Ciclismo, ingeniero Jorge Blas D\u00edaz, fue electo presidente de la Uni\u00f3n Caribe\u00f1a de ese deporte (Caribbean Cycling Union), en elecciones realizadas el pasado s\u00e1bado en Guadalupe.<\/p>\n\n\n\n<p>El dominicano D\u00edaz consigui\u00f3 15 de los 22 votos de los pa\u00edses oficialmente representados en la elecci\u00f3n para la presidencia de esa entidad, el cual tuvo de rivales a Rowena Williams y Clif Williams, quienes consiguieron, 6 y un votos, respectivamente.<\/p>\n\n\n\n<p>Le acompa\u00f1an en la nueva directiva: Primer vicepresidente, Cyril Mangal y segundo, Rowena Williams; secretaria general, Sharon Lowe; tesorero, Peter Dunne; miembros, Henny Bonafacio, Donna Kay Sharpe, Charles Lynch y Edsel Romney.<\/p>\n\n\n\n<p>El se\u00f1or Pierre Laflamme, encabez\u00f3 la comisi\u00f3n electoral, hizo oficial las votaciones, donde participaron representantes de 22 pa\u00edses de los 27 afiliados, seg\u00fan se inform\u00f3, en la actividad realizada en el marco de los campeonatos del caribe de ciclismo celebrados en Guadalupe el pasado s\u00e1bado 14 de octubre.<\/p>\n\n\n\n<p>Oscar Polanco<a target=\"_blank\" href=\"mailto:oscarpolanco.santiagord@gmail.com\" rel=\"noreferrer noopener\">oscarpolanco.santiagord@gmail.com<\/a><\/p>\n","protected":false},"excerpt":{"rendered":"<p>En el centro, el dominicano ingeniero Jorge Blas D\u00edaz, elegido presidente de la Uni\u00f3n de Ciclismo del Caribe, rodeado de los nuevos ejecutivos, Cyril Mangal, Rowena Williams, Sharon Lowe, Peter Dunne, Henny Bonafacio, Donna Kay Sharpe, Charles Lynch y Edsel Romney. GUADALUPE.- 19 de octubre 2023.- El principal ejecutivo de la Federaci\u00f3n Dominicana de Ciclismo, [&hellip;]<\/p>\n","protected":false},"author":28,"featured_media":481451,"comment_status":"closed","ping_status":"","sticky":true,"template":"","format":"standard","meta":{"footnotes":""},"categories":[17,27,32],"tags":[],"class_list":["post-481450","post","type-post","status-publish","format-standard","has-post-thumbnail","hentry","category-deportes","category-portada","category-turismo"],"_links":{"self":[{"href":"https:\/\/diariodominicano.com\/index.php?rest_route=\/wp\/v2\/posts\/481450","targetHints":{"allow":["GET"]}}],"collection":[{"href":"https:\/\/diariodominicano.com\/index.php?rest_route=\/wp\/v2\/posts"}],"about":[{"href":"https:\/\/diariodominicano.com\/index.php?rest_route=\/wp\/v2\/types\/post"}],"author":[{"embeddable":true,"href":"https:\/\/diariodominicano.com\/index.php?rest_route=\/wp\/v2\/users\/28"}],"replies":[{"embeddable":true,"href":"https:\/\/diariodominicano.com\/index.php?rest_route=%2Fwp%2Fv2%2Fcomments&post=481450"}],"version-history":[{"count":1,"href":"https:\/\/diariodominicano.com\/index.php?rest_route=\/wp\/v2\/posts\/481450\/revisions"}],"predecessor-version":[{"id":481452,"href":"https:\/\/diariodominicano.com\/index.php?rest_route=\/wp\/v2\/posts\/481450\/revisions\/481452"}],"wp:featuredmedia":[{"embeddable":true,"href":"https:\/\/diariodominicano.com\/index.php?rest_route=\/wp\/v2\/media\/481451"}],"wp:attachment":[{"href":"https:\/\/diariodominicano.com\/index.php?rest_route=%2Fwp%2Fv2%2Fmedia&parent=481450"}],"wp:term":[{"taxonomy":"category","embeddable":true,"href":"https:\/\/diariodominicano.com\/index.php?rest_route=%2Fwp%2Fv2%2Fcategories&post=481450"},{"taxonomy":"post_tag","embeddable":true,"href":"https:\/\/diariodominicano.com\/index.php?rest_route=%2Fwp%2Fv2%2Ftags&post=481450"}],"curies":[{"name":"wp","href":"https:\/\/api.w.org\/{rel}","templated":true}]}}