{"id":481431,"date":"2023-10-19T22:17:28","date_gmt":"2023-10-20T02:17:28","guid":{"rendered":"http:\/\/diariodominicano.com\/?p=481431"},"modified":"2023-10-19T22:30:47","modified_gmt":"2023-10-20T02:30:47","slug":"british-motors-presenta-el-nuevo-modelo-mg-4-electrico-2024-con-el-objetivo-de-impulsar-la-movilidad-sostenible","status":"publish","type":"post","link":"https:\/\/diariodominicano.com\/?p=481431","title":{"rendered":"British Motors presenta el nuevo modelo MG 4 El\u00e9ctrico 2024 Con el objetivo de impulsar la movilidad sostenible"},"content":{"rendered":"\n<p> <strong>\u00a0Eduardo Jos\u00e9 Pellerano,\u00a0Marielle Pellerano,\u00a0Eduardo Pellerano,\u00a0Glenys Suberv\u00ed\u00a0y\u00a0Hugo S\u00e1nchez<\/strong>.<\/p>\n\n\n\n<figure class=\"wp-block-image size-large is-resized\"><img loading=\"lazy\" decoding=\"async\" src=\"https:\/\/diariodominicano.com\/wp-content\/uploads\/2023\/10\/Hugo-Sanchez-Gerente-Comercial-de-British-Motors-mostrando-el-nuevo-vehiculo-1024x683.jpg\" alt=\"\" class=\"wp-image-481447\" width=\"616\" height=\"410\" srcset=\"https:\/\/diariodominicano.com\/wp-content\/uploads\/2023\/10\/Hugo-Sanchez-Gerente-Comercial-de-British-Motors-mostrando-el-nuevo-vehiculo-1024x683.jpg 1024w, https:\/\/diariodominicano.com\/wp-content\/uploads\/2023\/10\/Hugo-Sanchez-Gerente-Comercial-de-British-Motors-mostrando-el-nuevo-vehiculo-300x200.jpg 300w, https:\/\/diariodominicano.com\/wp-content\/uploads\/2023\/10\/Hugo-Sanchez-Gerente-Comercial-de-British-Motors-mostrando-el-nuevo-vehiculo-768x512.jpg 768w, https:\/\/diariodominicano.com\/wp-content\/uploads\/2023\/10\/Hugo-Sanchez-Gerente-Comercial-de-British-Motors-mostrando-el-nuevo-vehiculo-1536x1024.jpg 1536w, https:\/\/diariodominicano.com\/wp-content\/uploads\/2023\/10\/Hugo-Sanchez-Gerente-Comercial-de-British-Motors-mostrando-el-nuevo-vehiculo-2048x1365.jpg 2048w, https:\/\/diariodominicano.com\/wp-content\/uploads\/2023\/10\/Hugo-Sanchez-Gerente-Comercial-de-British-Motors-mostrando-el-nuevo-vehiculo-816x544.jpg 816w\" sizes=\"auto, (max-width: 616px) 100vw, 616px\" \/><figcaption>Hugo S\u00e1nchez-Gerente Comercial de British Motors mostrando el nuevo veh\u00edculo <\/figcaption><\/figure>\n\n\n\n<p><strong>SANTO DOMINGO, RD.-<\/strong>\u00a0Durante un coctel realizado en el showroom de\u00a0<a>British Motors<\/a>,\u00a0sus ejecutivos presentaron el\u00a0nuevo modelo MG 4 el\u00e9ctrico 2024, un veh\u00edculo con movilidad el\u00e9ctrica y soluci\u00f3n con visi\u00f3n de futuro.<\/p>\n\n\n\n<figure class=\"wp-block-image size-large\"><img loading=\"lazy\" decoding=\"async\" width=\"857\" height=\"1024\" src=\"https:\/\/diariodominicano.com\/wp-content\/uploads\/2023\/10\/DSC02841-Miguel-Rojas-y-Charles-Sanchez--857x1024.jpg\" alt=\"\" class=\"wp-image-481434\" srcset=\"https:\/\/diariodominicano.com\/wp-content\/uploads\/2023\/10\/DSC02841-Miguel-Rojas-y-Charles-Sanchez--857x1024.jpg 857w, https:\/\/diariodominicano.com\/wp-content\/uploads\/2023\/10\/DSC02841-Miguel-Rojas-y-Charles-Sanchez--251x300.jpg 251w, https:\/\/diariodominicano.com\/wp-content\/uploads\/2023\/10\/DSC02841-Miguel-Rojas-y-Charles-Sanchez--768x918.jpg 768w, https:\/\/diariodominicano.com\/wp-content\/uploads\/2023\/10\/DSC02841-Miguel-Rojas-y-Charles-Sanchez--1285x1536.jpg 1285w, https:\/\/diariodominicano.com\/wp-content\/uploads\/2023\/10\/DSC02841-Miguel-Rojas-y-Charles-Sanchez--1714x2048.jpg 1714w, https:\/\/diariodominicano.com\/wp-content\/uploads\/2023\/10\/DSC02841-Miguel-Rojas-y-Charles-Sanchez--816x975.jpg 816w\" sizes=\"auto, (max-width: 857px) 100vw, 857px\" \/><figcaption>\u00a0Miguel Rojas y Charles S\u00e1nchez\u00a0<\/figcaption><\/figure>\n\n\n\n<p>Hugo S\u00e1nchez, Gerente Comercial de&nbsp;British Motors, al pronunciar las palabras centrales defini\u00f3 el&nbsp;MG4 el\u00e9ctrico como un compacto tradicional, divertido, funcional, espacioso y a la vez impulsa la movilidad sostenible.&nbsp;<\/p>\n\n\n\n<p>\u201cEs un veh\u00edculo 100% el\u00e9ctrico de la familia MG. Con una versi\u00f3n Confort, un banco de bater\u00eda de 51 Kwh y en la versi\u00f3n Luxury y X-Power AWD de 64 Kwh. Cuenta con un cuadro de instrumento digital de 7 pulgadas, as\u00ed como con una pantalla flotante del sistema de info entretenimiento de 10,25 pulgadas con Apple Carplay y Android Auto\u201d, explic\u00f3.&nbsp;<\/p>\n\n\n\n<p>Resalt\u00f3 que el MG4 X-Power monta dos potentes motores el\u00e9ctricos, uno en cada eje. Con una potencia m\u00e1xima combinada de 435 hp y 600 Nm de torque, es capaz de acelerar de 0 a 100 km\/h en apenas 3,8 segundos con el sistema launch control.<\/p>\n\n\n\n<figure class=\"wp-block-image size-large\"><img loading=\"lazy\" decoding=\"async\" width=\"1024\" height=\"683\" src=\"https:\/\/diariodominicano.com\/wp-content\/uploads\/2023\/10\/DSC02853-Nildia-Rosario-y-Karihna-Martinez--1024x683.jpg\" alt=\"\" class=\"wp-image-481436\" srcset=\"https:\/\/diariodominicano.com\/wp-content\/uploads\/2023\/10\/DSC02853-Nildia-Rosario-y-Karihna-Martinez--1024x683.jpg 1024w, https:\/\/diariodominicano.com\/wp-content\/uploads\/2023\/10\/DSC02853-Nildia-Rosario-y-Karihna-Martinez--300x200.jpg 300w, https:\/\/diariodominicano.com\/wp-content\/uploads\/2023\/10\/DSC02853-Nildia-Rosario-y-Karihna-Martinez--768x512.jpg 768w, https:\/\/diariodominicano.com\/wp-content\/uploads\/2023\/10\/DSC02853-Nildia-Rosario-y-Karihna-Martinez--1536x1024.jpg 1536w, https:\/\/diariodominicano.com\/wp-content\/uploads\/2023\/10\/DSC02853-Nildia-Rosario-y-Karihna-Martinez--2048x1365.jpg 2048w, https:\/\/diariodominicano.com\/wp-content\/uploads\/2023\/10\/DSC02853-Nildia-Rosario-y-Karihna-Martinez--816x544.jpg 816w\" sizes=\"auto, (max-width: 1024px) 100vw, 1024px\" \/><figcaption>Nildia Rosario y Karihna Mart\u00ednez\u00a0<\/figcaption><\/figure>\n\n\n\n<figure class=\"wp-block-image size-large\"><img loading=\"lazy\" decoding=\"async\" width=\"683\" height=\"1024\" src=\"https:\/\/diariodominicano.com\/wp-content\/uploads\/2023\/10\/DSC02861-Carlos-Suzana-Marlene-Taveras-y-Jose-Lantigua--683x1024.jpg\" alt=\"\" class=\"wp-image-481441\" srcset=\"https:\/\/diariodominicano.com\/wp-content\/uploads\/2023\/10\/DSC02861-Carlos-Suzana-Marlene-Taveras-y-Jose-Lantigua--683x1024.jpg 683w, https:\/\/diariodominicano.com\/wp-content\/uploads\/2023\/10\/DSC02861-Carlos-Suzana-Marlene-Taveras-y-Jose-Lantigua--200x300.jpg 200w, https:\/\/diariodominicano.com\/wp-content\/uploads\/2023\/10\/DSC02861-Carlos-Suzana-Marlene-Taveras-y-Jose-Lantigua--768x1152.jpg 768w, https:\/\/diariodominicano.com\/wp-content\/uploads\/2023\/10\/DSC02861-Carlos-Suzana-Marlene-Taveras-y-Jose-Lantigua--1024x1536.jpg 1024w, https:\/\/diariodominicano.com\/wp-content\/uploads\/2023\/10\/DSC02861-Carlos-Suzana-Marlene-Taveras-y-Jose-Lantigua--1365x2048.jpg 1365w, https:\/\/diariodominicano.com\/wp-content\/uploads\/2023\/10\/DSC02861-Carlos-Suzana-Marlene-Taveras-y-Jose-Lantigua--816x1224.jpg 816w, https:\/\/diariodominicano.com\/wp-content\/uploads\/2023\/10\/DSC02861-Carlos-Suzana-Marlene-Taveras-y-Jose-Lantigua--scaled.jpg 1707w\" sizes=\"auto, (max-width: 683px) 100vw, 683px\" \/><figcaption>Carlos Suza\u00f1a, Marlene Taveras y Jos\u00e9 Lantigua\u00a0<\/figcaption><\/figure>\n\n\n\n<figure class=\"wp-block-image size-large\"><img loading=\"lazy\" decoding=\"async\" width=\"1024\" height=\"892\" src=\"https:\/\/diariodominicano.com\/wp-content\/uploads\/2023\/10\/DSC02868-Sarah-Cordero-Simon-Cepeda-y-Monika-Mera--1024x892.jpg\" alt=\"\" class=\"wp-image-481438\" srcset=\"https:\/\/diariodominicano.com\/wp-content\/uploads\/2023\/10\/DSC02868-Sarah-Cordero-Simon-Cepeda-y-Monika-Mera--1024x892.jpg 1024w, https:\/\/diariodominicano.com\/wp-content\/uploads\/2023\/10\/DSC02868-Sarah-Cordero-Simon-Cepeda-y-Monika-Mera--300x261.jpg 300w, https:\/\/diariodominicano.com\/wp-content\/uploads\/2023\/10\/DSC02868-Sarah-Cordero-Simon-Cepeda-y-Monika-Mera--768x669.jpg 768w, https:\/\/diariodominicano.com\/wp-content\/uploads\/2023\/10\/DSC02868-Sarah-Cordero-Simon-Cepeda-y-Monika-Mera--1536x1339.jpg 1536w, https:\/\/diariodominicano.com\/wp-content\/uploads\/2023\/10\/DSC02868-Sarah-Cordero-Simon-Cepeda-y-Monika-Mera--2048x1785.jpg 2048w, https:\/\/diariodominicano.com\/wp-content\/uploads\/2023\/10\/DSC02868-Sarah-Cordero-Simon-Cepeda-y-Monika-Mera--816x711.jpg 816w\" sizes=\"auto, (max-width: 1024px) 100vw, 1024px\" \/><figcaption>Sarah Cordero, Sim\u00f3n Cepeda y Monika Mera\u00a0<\/figcaption><\/figure>\n\n\n\n<p>De igual manera S\u00e1nchez dijo que la marca MG tiene una garant\u00eda de 6 a\u00f1os o 120,000 km. en la carrocer\u00eda y tren motriz y en el banco de bater\u00eda de 8 a\u00f1os o 160,000 km. Las revisiones t\u00e9cnicas se deben realizar cada 22,000 km. o una (1) vez al a\u00f1o, lo primero que ocurra. La empresa cuenta con un departamento de Post Venta con las capacitaciones, entrenamientos y experiencias, para el debido mantenimiento de veh\u00edculos el\u00e9ctricos, as\u00ed como las herramientas especiales y con suficientes piezas en stock para satisfacer los requerimientos de los clientes.&nbsp;&nbsp;&nbsp;<\/p>\n\n\n\n<p>&nbsp;\u201cEs un veh\u00edculo que permite a todo el mundo adentrarse en la experiencia de la movilidad el\u00e9ctrica pura. Sus caracter\u00edsticas de dise\u00f1o agiles y en\u00e9rgicas expresan la diversidad y el esp\u00edritu libre de la marca MG con casi 100 a\u00f1os de existencia\u201d, afirm\u00f3.<\/p>\n\n\n\n<figure class=\"wp-block-image size-large\"><img loading=\"lazy\" decoding=\"async\" width=\"683\" height=\"1024\" src=\"https:\/\/diariodominicano.com\/wp-content\/uploads\/2023\/10\/DSC02888-Pedro-Tio-Jahaziel-Henriquez-y-Doris-de-Henriquez--683x1024.jpg\" alt=\"\" class=\"wp-image-481444\" srcset=\"https:\/\/diariodominicano.com\/wp-content\/uploads\/2023\/10\/DSC02888-Pedro-Tio-Jahaziel-Henriquez-y-Doris-de-Henriquez--683x1024.jpg 683w, https:\/\/diariodominicano.com\/wp-content\/uploads\/2023\/10\/DSC02888-Pedro-Tio-Jahaziel-Henriquez-y-Doris-de-Henriquez--200x300.jpg 200w, https:\/\/diariodominicano.com\/wp-content\/uploads\/2023\/10\/DSC02888-Pedro-Tio-Jahaziel-Henriquez-y-Doris-de-Henriquez--768x1152.jpg 768w, https:\/\/diariodominicano.com\/wp-content\/uploads\/2023\/10\/DSC02888-Pedro-Tio-Jahaziel-Henriquez-y-Doris-de-Henriquez--1024x1536.jpg 1024w, https:\/\/diariodominicano.com\/wp-content\/uploads\/2023\/10\/DSC02888-Pedro-Tio-Jahaziel-Henriquez-y-Doris-de-Henriquez--1366x2048.jpg 1366w, https:\/\/diariodominicano.com\/wp-content\/uploads\/2023\/10\/DSC02888-Pedro-Tio-Jahaziel-Henriquez-y-Doris-de-Henriquez--816x1224.jpg 816w, https:\/\/diariodominicano.com\/wp-content\/uploads\/2023\/10\/DSC02888-Pedro-Tio-Jahaziel-Henriquez-y-Doris-de-Henriquez--scaled.jpg 1707w\" sizes=\"auto, (max-width: 683px) 100vw, 683px\" \/><figcaption> Pedro Ti\u00f3, Jahaziel Henr\u00edquez y Doris de Henr\u00edquez\u00a0 <\/figcaption><\/figure>\n\n\n\n<p>A su entender, esta nueva&nbsp;<strong>plataforma MSP<\/strong>&nbsp;(Modular Scalable Platatform) dise\u00f1ada para veh\u00edculos el\u00e9ctricos, ofrece la m\u00e1s alta excelencia, m\u00e1s resistente, m\u00e1s inteligente y con mejor dise\u00f1o. La tecnolog\u00eda One-Pedal driving, asistencia activa MG Pilot, c\u00e1mara 360 y 6 airbags. Cuenta con&nbsp;<strong>5 estrellas EURO NCAP.<\/strong><\/p>\n\n\n\n<p>Al&nbsp;lanzamiento asistieron amigos, clientes y relacionados de la prensa, quienes adem\u00e1s de conocer el MG4 el\u00e9ctrico 2024, apreciaron la gama de veh\u00edculos el\u00e9ctricos disponibles que tiene&nbsp;British Motors&nbsp;para brindar a sus clientes una experiencia de pura movilidad el\u00e9ctrica.&nbsp;<\/p>\n\n\n\n<p>A la actividad asistieron los principales ejecutivos de&nbsp;British Motors entre ellos&nbsp;Eduardo Pellerano, presidente; Eduardo Jos\u00e9 Pellerano, vicepresidente; Marielle Pellerano, vicepresidenta financiera, y Glenys Suberv\u00ed, encargada de mercadeo, entre otros.<\/p>\n\n\n\n<p><strong>Sobre British<\/strong><\/p>\n\n\n\n<p>British Motors se fund\u00f3 en el 2011. Es una empresa del Grupo Pellerano con m\u00e1s de 75 a\u00f1os de experiencia en el sector de veh\u00edculos de pasajeros y comerciales, que cuenta con una amplia trayectoria a nivel nacional en la distribuci\u00f3n y comercializaci\u00f3n de veh\u00edculos. Tiene un equipo de personas calificadas y continuamente entrenadas para poder ofrecer un servicio con los m\u00e1s altos est\u00e1ndares de calidad. De igual manera, la empresa se caracteriza por tener disponibilidad de un amplio inventario de las diferentes piezas de los modelos de veh\u00edculos que importan bajo la marca MG. La marca cuenta con una garant\u00eda de seis a\u00f1os o ciento veinte mil kil\u00f3metros (120,000 km.), y los servicios de mantenimientos se deben realizar cada 10,000 km. Y en la parte de veh\u00edculos el\u00e9ctricos cuenta con una garant\u00eda en el banco de bater\u00eda de ocho a\u00f1os o ciento sesenta mil kil\u00f3metros (160,000 km.), lo que ocurra primero, esto para satisfacer los requerimientos que pudieran tener sus clientes.\u00a0<\/p>\n\n\n\n<p>Henry Coradin<a target=\"_blank\" href=\"mailto:henrycoradinrelacionespublicas@gmail.com\" rel=\"noreferrer noopener\">henrycoradinrelacionespublicas@gmail.com<\/a><\/p>\n","protected":false},"excerpt":{"rendered":"<p>\u00a0Eduardo Jos\u00e9 Pellerano,\u00a0Marielle Pellerano,\u00a0Eduardo Pellerano,\u00a0Glenys Suberv\u00ed\u00a0y\u00a0Hugo S\u00e1nchez. SANTO DOMINGO, RD.-\u00a0Durante un coctel realizado en el showroom de\u00a0British Motors,\u00a0sus ejecutivos presentaron el\u00a0nuevo modelo MG 4 el\u00e9ctrico 2024, un veh\u00edculo con movilidad el\u00e9ctrica y soluci\u00f3n con visi\u00f3n de futuro. Hugo S\u00e1nchez, Gerente Comercial de&nbsp;British Motors, al pronunciar las palabras centrales defini\u00f3 el&nbsp;MG4 el\u00e9ctrico como un compacto tradicional, [&hellip;]<\/p>\n","protected":false},"author":28,"featured_media":481432,"comment_status":"closed","ping_status":"","sticky":true,"template":"","format":"standard","meta":{"footnotes":""},"categories":[36,18,25,27,32],"tags":[],"class_list":["post-481431","post","type-post","status-publish","format-standard","has-post-thumbnail","hentry","category-hombresmujeresycosas","category-economia","category-gente","category-portada","category-turismo"],"_links":{"self":[{"href":"https:\/\/diariodominicano.com\/index.php?rest_route=\/wp\/v2\/posts\/481431","targetHints":{"allow":["GET"]}}],"collection":[{"href":"https:\/\/diariodominicano.com\/index.php?rest_route=\/wp\/v2\/posts"}],"about":[{"href":"https:\/\/diariodominicano.com\/index.php?rest_route=\/wp\/v2\/types\/post"}],"author":[{"embeddable":true,"href":"https:\/\/diariodominicano.com\/index.php?rest_route=\/wp\/v2\/users\/28"}],"replies":[{"embeddable":true,"href":"https:\/\/diariodominicano.com\/index.php?rest_route=%2Fwp%2Fv2%2Fcomments&post=481431"}],"version-history":[{"count":11,"href":"https:\/\/diariodominicano.com\/index.php?rest_route=\/wp\/v2\/posts\/481431\/revisions"}],"predecessor-version":[{"id":481449,"href":"https:\/\/diariodominicano.com\/index.php?rest_route=\/wp\/v2\/posts\/481431\/revisions\/481449"}],"wp:featuredmedia":[{"embeddable":true,"href":"https:\/\/diariodominicano.com\/index.php?rest_route=\/wp\/v2\/media\/481432"}],"wp:attachment":[{"href":"https:\/\/diariodominicano.com\/index.php?rest_route=%2Fwp%2Fv2%2Fmedia&parent=481431"}],"wp:term":[{"taxonomy":"category","embeddable":true,"href":"https:\/\/diariodominicano.com\/index.php?rest_route=%2Fwp%2Fv2%2Fcategories&post=481431"},{"taxonomy":"post_tag","embeddable":true,"href":"https:\/\/diariodominicano.com\/index.php?rest_route=%2Fwp%2Fv2%2Ftags&post=481431"}],"curies":[{"name":"wp","href":"https:\/\/api.w.org\/{rel}","templated":true}]}}