{"id":481420,"date":"2023-10-19T22:03:34","date_gmt":"2023-10-20T02:03:34","guid":{"rendered":"http:\/\/diariodominicano.com\/?p=481420"},"modified":"2023-10-19T22:05:20","modified_gmt":"2023-10-20T02:05:20","slug":"escogen-senorita-crismarlyn-almonte-abreu-nueva-madrina-de-los-gigantes-del-cibao","status":"publish","type":"post","link":"https:\/\/diariodominicano.com\/?p=481420","title":{"rendered":"Escogen se\u00f1orita Crismarlyn Almonte Abreu nueva madrina de los Gigantes del Cibao"},"content":{"rendered":"\n<p> Crismarlyn Almonte Abreu <\/p>\n\n\n\n<figure class=\"wp-block-image size-large\"><img loading=\"lazy\" decoding=\"async\" width=\"819\" height=\"1024\" src=\"https:\/\/diariodominicano.com\/wp-content\/uploads\/2023\/10\/391609275_18390956806038148_7654451934749331620_n-819x1024.jpg\" alt=\"\" class=\"wp-image-481424\" srcset=\"https:\/\/diariodominicano.com\/wp-content\/uploads\/2023\/10\/391609275_18390956806038148_7654451934749331620_n-819x1024.jpg 819w, https:\/\/diariodominicano.com\/wp-content\/uploads\/2023\/10\/391609275_18390956806038148_7654451934749331620_n-240x300.jpg 240w, https:\/\/diariodominicano.com\/wp-content\/uploads\/2023\/10\/391609275_18390956806038148_7654451934749331620_n-768x960.jpg 768w, https:\/\/diariodominicano.com\/wp-content\/uploads\/2023\/10\/391609275_18390956806038148_7654451934749331620_n-1229x1536.jpg 1229w, https:\/\/diariodominicano.com\/wp-content\/uploads\/2023\/10\/391609275_18390956806038148_7654451934749331620_n-816x1020.jpg 816w, https:\/\/diariodominicano.com\/wp-content\/uploads\/2023\/10\/391609275_18390956806038148_7654451934749331620_n.jpg 1440w\" sizes=\"auto, (max-width: 819px) 100vw, 819px\" \/><\/figure>\n\n\n\n<p>La se\u00f1orita Crismarlyn Almonte Abreu fue escogida la nueva madrina de<br>los Gigantes del Cibao para la temporada del b\u00e9isbol oto\u00f1o invernal<br>dominicano dedicado a la comunicadora Onfalia Morillo.<\/p>\n\n\n\n<p><br>Almonte Abreu sustituye la se\u00f1orita Ashel Javier quien realiz\u00f3 una<br>loable labor durante su participaci\u00f3n como madrina\u00a0 del equipo en\u00a0 la<br>pasada temporada.<\/p>\n\n\n\n<figure class=\"wp-block-image size-large\"><img loading=\"lazy\" decoding=\"async\" width=\"819\" height=\"1024\" src=\"https:\/\/diariodominicano.com\/wp-content\/uploads\/2023\/10\/391628341_18390956788038148_5955034053759280446_n-819x1024.jpg\" alt=\"\" class=\"wp-image-481425\" srcset=\"https:\/\/diariodominicano.com\/wp-content\/uploads\/2023\/10\/391628341_18390956788038148_5955034053759280446_n-819x1024.jpg 819w, https:\/\/diariodominicano.com\/wp-content\/uploads\/2023\/10\/391628341_18390956788038148_5955034053759280446_n-240x300.jpg 240w, https:\/\/diariodominicano.com\/wp-content\/uploads\/2023\/10\/391628341_18390956788038148_5955034053759280446_n-768x960.jpg 768w, https:\/\/diariodominicano.com\/wp-content\/uploads\/2023\/10\/391628341_18390956788038148_5955034053759280446_n-1229x1536.jpg 1229w, https:\/\/diariodominicano.com\/wp-content\/uploads\/2023\/10\/391628341_18390956788038148_5955034053759280446_n-816x1020.jpg 816w, https:\/\/diariodominicano.com\/wp-content\/uploads\/2023\/10\/391628341_18390956788038148_5955034053759280446_n.jpg 1440w\" sizes=\"auto, (max-width: 819px) 100vw, 819px\" \/><\/figure>\n\n\n\n<p><br>La se\u00f1orita Almonte Abreu de 20 a\u00f1os de edad\u00a0 es nativa de la pujante<br>comunidad\u00a0 la Malena del Cigual hija de los prestigiosos educadores<br>Jos\u00e9 Joaqu\u00edn Almonte e Iluminada Abreu.<\/p>\n\n\n\n<p><br>En la actualidad es estudiante de s\u00e9ptimo semestre de la reputada<br>Universidad Cat\u00f3lica Nordestana de esta ciudad del Jaya.<\/p>\n\n\n\n<p><br>Para la noche de hoy en el estadio Cibao de Santiago previo al partido<br>de la apertura de la temporada\u00a0 2023-2024 la se\u00f1orita Almonte Abreu<br>estar\u00e1 intercambiando arreglos florales con la madrina del equipo<br>Santiagues\u00a0 Melanny\u00a0 Bergaglio.<\/p>\n\n\n\n<p><\/p>\n\n\n\n<p>As\u00ed mismo para el viernes 20 en el juego de inauguraci\u00f3n en el estadio<br>Juli\u00e1n Javier la madrina de los Gigantes del Cibao intercambiar\u00e1<br>arreglos florales con la representante de los Tigres del Licey Michel<br>Marie Guerra.<\/p>\n\n\n\n<p><br>La nueva madrina de los Gigantes del Cibao Crismarlyn Almonte<br>agradeci\u00f3 al pueblo francomacorisano tras su escogencia como reina de<br>las Fiestas patronales Santa Ana y a la vez\u00a0 madrina del\u00a0 equipo.<\/p>\n\n\n\n<p><br>\u201cEs un gran honor para mi como reina Santa Ana 2023 del municipio de<br>San Francisco de Macor\u00eds\u00a0 representar\u00a0 como madrina a nuestro<br>extraordinario equipo de los Gigantes del Cibao, me honra acompa\u00f1arles<br>y estoy segura que con la ayuda de Dios, el trabajo del equipo\u00a0 y el<br>apoyo de la fanaticada nos coronaremos campeones y seguir siendo<br>tierra de Gigantes, de hombres\u00a0 mujeres trabajadores\u00a0 \u00a0y\u00a0 nobles\u201d<br>enfatiz\u00f3 Almonte Abreu.<\/p>\n\n\n\n<p>Tony Reyes<a target=\"_blank\" href=\"mailto:tonyreyes1966@gmail.com\" rel=\"noreferrer noopener\">tonyreyes1966@gmail.com<\/a><\/p>\n","protected":false},"excerpt":{"rendered":"<p>Crismarlyn Almonte Abreu La se\u00f1orita Crismarlyn Almonte Abreu fue escogida la nueva madrina delos Gigantes del Cibao para la temporada del b\u00e9isbol oto\u00f1o invernaldominicano dedicado a la comunicadora Onfalia Morillo. Almonte Abreu sustituye la se\u00f1orita Ashel Javier quien realiz\u00f3 unaloable labor durante su participaci\u00f3n como madrina\u00a0 del equipo en\u00a0 lapasada temporada. La se\u00f1orita Almonte Abreu [&hellip;]<\/p>\n","protected":false},"author":28,"featured_media":481423,"comment_status":"closed","ping_status":"","sticky":true,"template":"","format":"standard","meta":{"footnotes":""},"categories":[17,27,32],"tags":[],"class_list":["post-481420","post","type-post","status-publish","format-standard","has-post-thumbnail","hentry","category-deportes","category-portada","category-turismo"],"_links":{"self":[{"href":"https:\/\/diariodominicano.com\/index.php?rest_route=\/wp\/v2\/posts\/481420","targetHints":{"allow":["GET"]}}],"collection":[{"href":"https:\/\/diariodominicano.com\/index.php?rest_route=\/wp\/v2\/posts"}],"about":[{"href":"https:\/\/diariodominicano.com\/index.php?rest_route=\/wp\/v2\/types\/post"}],"author":[{"embeddable":true,"href":"https:\/\/diariodominicano.com\/index.php?rest_route=\/wp\/v2\/users\/28"}],"replies":[{"embeddable":true,"href":"https:\/\/diariodominicano.com\/index.php?rest_route=%2Fwp%2Fv2%2Fcomments&post=481420"}],"version-history":[{"count":4,"href":"https:\/\/diariodominicano.com\/index.php?rest_route=\/wp\/v2\/posts\/481420\/revisions"}],"predecessor-version":[{"id":481427,"href":"https:\/\/diariodominicano.com\/index.php?rest_route=\/wp\/v2\/posts\/481420\/revisions\/481427"}],"wp:featuredmedia":[{"embeddable":true,"href":"https:\/\/diariodominicano.com\/index.php?rest_route=\/wp\/v2\/media\/481423"}],"wp:attachment":[{"href":"https:\/\/diariodominicano.com\/index.php?rest_route=%2Fwp%2Fv2%2Fmedia&parent=481420"}],"wp:term":[{"taxonomy":"category","embeddable":true,"href":"https:\/\/diariodominicano.com\/index.php?rest_route=%2Fwp%2Fv2%2Fcategories&post=481420"},{"taxonomy":"post_tag","embeddable":true,"href":"https:\/\/diariodominicano.com\/index.php?rest_route=%2Fwp%2Fv2%2Ftags&post=481420"}],"curies":[{"name":"wp","href":"https:\/\/api.w.org\/{rel}","templated":true}]}}