{"id":481393,"date":"2023-10-19T13:15:11","date_gmt":"2023-10-19T17:15:11","guid":{"rendered":"http:\/\/diariodominicano.com\/?p=481393"},"modified":"2023-10-19T13:15:11","modified_gmt":"2023-10-19T17:15:11","slug":"rd-se-convierte-en-epicentro-del-teatro-con-fite-2023","status":"publish","type":"post","link":"https:\/\/diariodominicano.com\/?p=481393","title":{"rendered":"RD se convierte en epicentro del teatro con FITE 2023"},"content":{"rendered":"\n<p>Cecilia B<\/p>\n\n\n\n<p><strong><em>A lo largo de 10 d\u00edas se presentar\u00e1n cerca de 60 obras en salas de Santiago, Santo Domingo, Bonao y Sajoma<\/em><\/strong><\/p>\n\n\n\n<p><strong>Santo Domingo, RD.-<\/strong>\u00a0La Rep\u00fablica Dominicana se erigir\u00e1 como el epicentro de las artes esc\u00e9nicas en toda la regi\u00f3n del 20 al 30 de octubre al levantarse el tel\u00f3n del XI Festival Internacional de Teatro RD 2023 (FITE RD 2023), evento en el que se ofrecer\u00e1n alrededor de 60 funciones teatrales y contar\u00e1 con Santiago de los Caballeros como sede principal.<\/p>\n\n\n\n<p>La cartelera del FITE RD 2023, que este a\u00f1o est\u00e1 dedicado a la actriz dominicana Karina Noble y al dramaturgo y director teatral cubano Mario Ernesto S\u00e1nchez, se inaugurar\u00e1 el d\u00eda 20 con \u201cAl pie del T\u00e1mesis\u201d, obra dirigida y producida por el mismo Mario Ernesto S\u00e1nchez, de Teatro Avante (Miami, EE. UU.).<\/p>\n\n\n\n<p>En el festival participar\u00e1n 12 grupos teatrales dominicanos, as\u00ed como compa\u00f1\u00edas procedentes de Colombia (pa\u00eds invitado de honor), Estados Unidos, Espa\u00f1a, Cuba, Argentina, M\u00e9xico y Per\u00fa, que presentar\u00e1n sus obras en 10 sedes repartidas entre Santiago, San Jos\u00e9 de las Matas, Bonao y Santo Domingo.<\/p>\n\n\n\n<p><strong>Cartelera<\/strong><\/p>\n\n\n\n<p>La sala H\u00e9ctor Inch\u00e1ustegui del Centro Cultural Ercilia Pep\u00edn ser\u00e1 la sede del acto inaugural y en ella se presentar\u00e1 la obra \u00abAl pie del T\u00e1mesis\u00bb los d\u00edas 20 y 21 de octubre. Este espacio esc\u00e9nico acoger\u00e1 otras representaciones teatrales durante el FITE 2023, entre las que se incluyen \u00abMakandal\u00bb, \u00abTiempo de vivir\u00bb y \u00abMe mato el 24\u00bb.<\/p>\n\n\n\n<p>En la sala Restauraci\u00f3n del Gran Teatro del Cibao se llevar\u00e1 a cabo una serie de presentaciones de teatro de improvisaci\u00f3n del 21 al 25 de octubre, con la participaci\u00f3n de elencos de Espa\u00f1a, Argentina, Colombia, M\u00e9xico, Per\u00fa y la Rep\u00fablica Dominicana.<\/p>\n\n\n\n<p>Asimismo, en esta sala, la compa\u00f1\u00eda invitada especial al FITE 2023, el Colectivo Teatral Matacandelas, de Colombia, subir\u00e1 a las tablas \u00abBlanca Nieves. El embrujo de la manzana\u00bb.<\/p>\n\n\n\n<p>Por su parte, la sala Julio Alberto Hern\u00e1ndez del Gran Teatro del Cibao acoger\u00e1 diversas puestas en escena, como \u00abViaje sonoro\u00bb, \u00abPinocho\u00bb y \u00abEl \u00faltimo personaje de Cecilia B.\u00bb, entre otras.<\/p>\n\n\n\n<p>En el bar Mois\u00e9s Zouain del Gran Teatro del Cibao se presentar\u00e1n \u00abLas cosas extraordinarias\u00bb y \u00abCambumbo\u00bb entre el 26 y el 29 de octubre.<\/p>\n\n\n\n<p>Fuera de Santiago, el auditorio de la Escuela de Bellas Artes de Bonao servir\u00e1 de escenario para la tragicomedia \u201cLa Cocodrila\u201d y la comedia \u00abPasqu\u00edn\u00bb, obra de la cual tambi\u00e9n se ofrecer\u00e1 una funci\u00f3n en el Patio Cultural de San Jos\u00e9 de las Matas.<\/p>\n\n\n\n<p>De su lado, en la sala Ravelo del Teatro Nacional Eduardo Brito se presentar\u00e1n los montajes \u00abAndrea Evangelina\u00bb, \u00abEl m\u00e9dico a palos\u00bb, \u00abLa breve y maravillosa vida de Oscar Wao\u00bb y \u00abLa abuela del escorpi\u00f3n\u00bb.<\/p>\n\n\n\n<p>La sala Manuel Rueda, en la Plaza del Conservatorio, albergar\u00e1 propuestas de danza-teatro, dramas y producciones familiares, entre las que se incluyen \u00abro.TO\u00bb, \u00abIntruso\u00bb, \u00abPara subir al cielo se necesita\u2026\u00bb y \u00abEsperando a Odiseo\u00bb. Adem\u00e1s, se ofrecer\u00e1 la obra \u00abClownti\u00bb, de la compa\u00f1\u00eda de t\u00edteres Jabr\u00fa, de Colombia.<\/p>\n\n\n\n<p>Casa de Teatro en Santo Domingo presentar\u00e1 la tragicomedia \u00abMar nuestro\u00bb, al tiempo que en el Teatro Guloya subir\u00e1 a escena la pieza \u00abAjonjol\u00ed\u00bb, a cargo del Teatro PiedePuente. Las funciones tendr\u00e1n lugar en diferentes fechas y horarios durante el festival.<\/p>\n\n\n\n<p><strong>Ciclo de formaci\u00f3n<\/strong><\/p>\n\n\n\n<p>Previamente a la inauguraci\u00f3n oficial del FITE RD 2023, los organizadores programaron un ciclo de formaci\u00f3n en diversos aspectos teatrales, que tuvo su inicio el 11 de septiembre y concluy\u00f3 el pasado 13 de octubre.<\/p>\n\n\n\n<p>Durante el mismo, cinco maestros del teatro internacional: los colombianos Tania C\u00e1rdenas y Jorge Zabara\u00edn, el argentino Marcelo Jaureguiberry, as\u00ed como el ecuatoriano Eduardo Mart\u00edn Pe\u00f1a y la cubana Laura de la Uz impartieron talleres sobre dramaturgia, escenograf\u00eda, expresi\u00f3n y lenguaje corporal, direcci\u00f3n teatral y t\u00edteres.<\/p>\n\n\n\n<p>Este programa de formaci\u00f3n benefici\u00f3 a 125 profesionales del teatro y se llev\u00f3 a cabo en Santiago de los Caballeros y Santo Domingo.<\/p>\n\n\n\n<p>Cabe recordar que esta es la primera vez que el FITE RD sale de la capital dominicana para celebrarse, conjuntamente, en otras localidades del pa\u00eds.<\/p>\n\n\n\n<p><\/p>\n","protected":false},"excerpt":{"rendered":"<p>Cecilia B A lo largo de 10 d\u00edas se presentar\u00e1n cerca de 60 obras en salas de Santiago, Santo Domingo, Bonao y Sajoma Santo Domingo, RD.-\u00a0La Rep\u00fablica Dominicana se erigir\u00e1 como el epicentro de las artes esc\u00e9nicas en toda la regi\u00f3n del 20 al 30 de octubre al levantarse el tel\u00f3n del XI Festival Internacional [&hellip;]<\/p>\n","protected":false},"author":28,"featured_media":481394,"comment_status":"closed","ping_status":"","sticky":true,"template":"","format":"standard","meta":{"footnotes":""},"categories":[21,27,32],"tags":[],"class_list":["post-481393","post","type-post","status-publish","format-standard","has-post-thumbnail","hentry","category-cultura","category-portada","category-turismo"],"_links":{"self":[{"href":"https:\/\/diariodominicano.com\/index.php?rest_route=\/wp\/v2\/posts\/481393","targetHints":{"allow":["GET"]}}],"collection":[{"href":"https:\/\/diariodominicano.com\/index.php?rest_route=\/wp\/v2\/posts"}],"about":[{"href":"https:\/\/diariodominicano.com\/index.php?rest_route=\/wp\/v2\/types\/post"}],"author":[{"embeddable":true,"href":"https:\/\/diariodominicano.com\/index.php?rest_route=\/wp\/v2\/users\/28"}],"replies":[{"embeddable":true,"href":"https:\/\/diariodominicano.com\/index.php?rest_route=%2Fwp%2Fv2%2Fcomments&post=481393"}],"version-history":[{"count":1,"href":"https:\/\/diariodominicano.com\/index.php?rest_route=\/wp\/v2\/posts\/481393\/revisions"}],"predecessor-version":[{"id":481395,"href":"https:\/\/diariodominicano.com\/index.php?rest_route=\/wp\/v2\/posts\/481393\/revisions\/481395"}],"wp:featuredmedia":[{"embeddable":true,"href":"https:\/\/diariodominicano.com\/index.php?rest_route=\/wp\/v2\/media\/481394"}],"wp:attachment":[{"href":"https:\/\/diariodominicano.com\/index.php?rest_route=%2Fwp%2Fv2%2Fmedia&parent=481393"}],"wp:term":[{"taxonomy":"category","embeddable":true,"href":"https:\/\/diariodominicano.com\/index.php?rest_route=%2Fwp%2Fv2%2Fcategories&post=481393"},{"taxonomy":"post_tag","embeddable":true,"href":"https:\/\/diariodominicano.com\/index.php?rest_route=%2Fwp%2Fv2%2Ftags&post=481393"}],"curies":[{"name":"wp","href":"https:\/\/api.w.org\/{rel}","templated":true}]}}