{"id":481339,"date":"2023-10-19T11:05:10","date_gmt":"2023-10-19T15:05:10","guid":{"rendered":"https:\/\/diariodominicano.com\/?p=481339"},"modified":"2023-10-19T11:28:45","modified_gmt":"2023-10-19T15:28:45","slug":"comercio-e-industria-de-haiti-busca-pequenos-productores-aumenten-produccion-de-huevos-en-foro-de-dos-dias-en-cabo-haitiano","status":"publish","type":"post","link":"https:\/\/diariodominicano.com\/?p=481339","title":{"rendered":"Comercio e Industria de Hait\u00ed busca peque\u00f1os productores aumenten producci\u00f3n de huevos en foro de dos d\u00edas en Cabo Haitiano"},"content":{"rendered":"\n<p>  <\/p>\n\n\n\n<p>diariodominicano.com<\/p>\n\n\n\n<p>Puerto Pr\u00edncipe, 19 oct (Prensa Latina) El Ministerio de Comercio e Industria de Hait\u00ed anunci\u00f3 hoy la organizaci\u00f3n de un foro de dos d\u00edas en Cabo Haitiano para buscar soluciones a la escasez de huevos como consecuencia del cierre fronterizo.<\/p>\n\n\n\n<div class=\"wp-block-image\"><figure class=\"alignleft size-large is-resized\"><img loading=\"lazy\" decoding=\"async\" src=\"https:\/\/diariodominicano.com\/wp-content\/uploads\/2023\/10\/Haiti-Mercado-huevos-19-10-23-1024x687.jpg\" alt=\"\" class=\"wp-image-481348\" width=\"368\" height=\"247\" srcset=\"https:\/\/diariodominicano.com\/wp-content\/uploads\/2023\/10\/Haiti-Mercado-huevos-19-10-23-1024x687.jpg 1024w, https:\/\/diariodominicano.com\/wp-content\/uploads\/2023\/10\/Haiti-Mercado-huevos-19-10-23-300x201.jpg 300w, https:\/\/diariodominicano.com\/wp-content\/uploads\/2023\/10\/Haiti-Mercado-huevos-19-10-23-768x516.jpg 768w, https:\/\/diariodominicano.com\/wp-content\/uploads\/2023\/10\/Haiti-Mercado-huevos-19-10-23-1536x1031.jpg 1536w, https:\/\/diariodominicano.com\/wp-content\/uploads\/2023\/10\/Haiti-Mercado-huevos-19-10-23-816x548.jpg 816w, https:\/\/diariodominicano.com\/wp-content\/uploads\/2023\/10\/Haiti-Mercado-huevos-19-10-23.jpg 1771w\" sizes=\"auto, (max-width: 368px) 100vw, 368px\" \/><\/figure><\/div>\n\n\n\n<p>La cartera convoc\u00f3 a los 10 directores departamentales del organismo para instruirlos sobre los mecanismos que se definir\u00e1n en el marco de la encuesta nacional de todos los peque\u00f1os productores de huevos del pa\u00eds.<\/p>\n\n\n\n<p>El objetivo del foro es propiciar el debate y formular estrategias para reforzar a los productores locales, lo que permita satisfacer las necesidades inmediatas de la poblaci\u00f3n.<\/p>\n\n\n\n<p>A mediados de septiembre, el presidente Luis Abinader orden\u00f3 el cierre unilateral de la frontera en represalia por la construcci\u00f3n del lado haitiano de un canal de riego para abastecer tres mil hect\u00e1reas de la llanura Maribaroux en el nordeste del pa\u00eds.<\/p>\n\n\n\n<div class=\"wp-block-image\"><figure class=\"alignright size-full is-resized\"><img loading=\"lazy\" decoding=\"async\" src=\"https:\/\/diariodominicano.com\/wp-content\/uploads\/2023\/10\/haiti-broiler-19-10-23.jpg\" alt=\"\" class=\"wp-image-481350\" width=\"182\" height=\"136\" srcset=\"https:\/\/diariodominicano.com\/wp-content\/uploads\/2023\/10\/haiti-broiler-19-10-23.jpg 487w, https:\/\/diariodominicano.com\/wp-content\/uploads\/2023\/10\/haiti-broiler-19-10-23-300x225.jpg 300w\" sizes=\"auto, (max-width: 182px) 100vw, 182px\" \/><\/figure><\/div>\n\n\n\n<p>Santo Domingo tambi\u00e9n prohibi\u00f3 la emisi\u00f3n de visados a ciudadanos haitianos y la transportaci\u00f3n binacional.<\/p>\n\n\n\n<p>El 11 de octubre las autoridades vecinas establecieron un corredor comercial para medicamentos y alimentos, sin embargo, las fronteras permanecen cerradas del lado haitiano en varios de los puntos del lim\u00edtrofe.<\/p>\n\n\n\n<p>De hecho, los gobernadores locales aseguraron que las fronteras permanecer\u00e1n cerradas hasta nuevo aviso y confiscaron las mercanc\u00edas de ciudadanos que regresaron al pa\u00eds con productos dominicanos.<\/p>\n\n\n\n<p>mem\/ane<\/p>\n","protected":false},"excerpt":{"rendered":"<p>diariodominicano.com Puerto Pr\u00edncipe, 19 oct (Prensa Latina) El Ministerio de Comercio e Industria de Hait\u00ed anunci\u00f3 hoy la organizaci\u00f3n de un foro de dos d\u00edas en Cabo Haitiano para buscar soluciones a la escasez de huevos como consecuencia del cierre fronterizo. La cartera convoc\u00f3 a los 10 directores departamentales del organismo para instruirlos sobre los [&hellip;]<\/p>\n","protected":false},"author":5,"featured_media":481346,"comment_status":"closed","ping_status":"","sticky":true,"template":"","format":"standard","meta":{"footnotes":""},"categories":[112,23,27],"tags":[],"class_list":["post-481339","post","type-post","status-publish","format-standard","has-post-thumbnail","hentry","category-haiti","category-internacional","category-portada"],"_links":{"self":[{"href":"https:\/\/diariodominicano.com\/index.php?rest_route=\/wp\/v2\/posts\/481339","targetHints":{"allow":["GET"]}}],"collection":[{"href":"https:\/\/diariodominicano.com\/index.php?rest_route=\/wp\/v2\/posts"}],"about":[{"href":"https:\/\/diariodominicano.com\/index.php?rest_route=\/wp\/v2\/types\/post"}],"author":[{"embeddable":true,"href":"https:\/\/diariodominicano.com\/index.php?rest_route=\/wp\/v2\/users\/5"}],"replies":[{"embeddable":true,"href":"https:\/\/diariodominicano.com\/index.php?rest_route=%2Fwp%2Fv2%2Fcomments&post=481339"}],"version-history":[{"count":2,"href":"https:\/\/diariodominicano.com\/index.php?rest_route=\/wp\/v2\/posts\/481339\/revisions"}],"predecessor-version":[{"id":481351,"href":"https:\/\/diariodominicano.com\/index.php?rest_route=\/wp\/v2\/posts\/481339\/revisions\/481351"}],"wp:featuredmedia":[{"embeddable":true,"href":"https:\/\/diariodominicano.com\/index.php?rest_route=\/wp\/v2\/media\/481346"}],"wp:attachment":[{"href":"https:\/\/diariodominicano.com\/index.php?rest_route=%2Fwp%2Fv2%2Fmedia&parent=481339"}],"wp:term":[{"taxonomy":"category","embeddable":true,"href":"https:\/\/diariodominicano.com\/index.php?rest_route=%2Fwp%2Fv2%2Fcategories&post=481339"},{"taxonomy":"post_tag","embeddable":true,"href":"https:\/\/diariodominicano.com\/index.php?rest_route=%2Fwp%2Fv2%2Ftags&post=481339"}],"curies":[{"name":"wp","href":"https:\/\/api.w.org\/{rel}","templated":true}]}}