{"id":481286,"date":"2023-10-19T01:46:38","date_gmt":"2023-10-19T05:46:38","guid":{"rendered":"http:\/\/diariodominicano.com\/?p=481286"},"modified":"2023-10-19T01:53:01","modified_gmt":"2023-10-19T05:53:01","slug":"ateneo-amantes-de-la-luz-presentara-a-ingrid-gonzalez-en-tertulia-el-sentido-del-arte-en-nuestras-vidas","status":"publish","type":"post","link":"https:\/\/diariodominicano.com\/?p=481286","title":{"rendered":"Ateneo Amantes de la Luz Presentar\u00e1 a Ingrid Gonz\u00e1lez En tertulia \u201cEl Sentido del Arte en Nuestras Vidas\u201d"},"content":{"rendered":"\n<p>Ingrid Gonz\u00e1lez<\/p>\n\n\n\n<p>Por: CARLOS RICARDO FONDEUR MORONTA<\/p>\n\n\n\n<p>Santiago de los Caballeros.- El Ateneo Amantes de la Luz, Inc. realizar\u00e1 \u00e9ste mi\u00e9rcoles 18 de octubre, la tertulia \u201cEl Oficio de la Palabra\u201d, a cargo de la catedr\u00e1tica, gestora cultural y escritora Ingrid Gonz\u00e1lez, viuda Rodr\u00edguez, con el tema \u201cEl Sentido del Arte en Nuestras Vidas\u201d, a partir de las siete de la noche, adonde se han sido citados connotadas figuras de la literatura, educaci\u00f3n y filosof\u00eda del pa\u00eds.<\/p>\n\n\n\n<p>Ingrid Gonz\u00e1lez, productora de la columna Reflejos, que se publica en el diario santiagu\u00e9s La Informaci\u00f3n, es una destacada promotora y gestora cultural, viuda del empresario Pr\u00edamo Rodr\u00edguez, con perfil profesional amplio, desarrollado en el plano educativo y cultural. Es licenciada en Educaci\u00f3n y sus versiones de concentraci\u00f3n, ciencias sociales y Pedagog\u00eda, catedr\u00e1tica en la Facultad de Arquitectura en la Universidad Tecnol\u00f3gica de Santiago.<\/p>\n\n\n\n<p>El tema en cuesti\u00f3n, tratar\u00e1 de la relaci\u00f3n del arte en todas sus expresiones, con el diario transcurrir de la sociedad y su aprovechamiento para lograr una paz interior que se manifestar\u00e1 en nuestras relaciones humanas y la sociedad en sentido general.<\/p>\n\n\n\n<figure class=\"wp-block-image size-full\"><img loading=\"lazy\" decoding=\"async\" width=\"151\" height=\"169\" src=\"https:\/\/diariodominicano.com\/wp-content\/uploads\/2023\/10\/image-3.png\" alt=\"\" class=\"wp-image-481291\"\/><figcaption> Ingrid Gonz\u00e1lez <\/figcaption><\/figure>\n\n\n\n<p>El Oficio de la Palabra, es un programa de actividades de corte cultural que lleva a cabo la Biblioteca Amantes de la Luz, en Santiago de los Caballeros, con la presentaci\u00f3n de destacados exponentes del arte y la cultura del pa\u00eds, dirigido por la escritora y gestora cultural Marcela Montes de Oca, autora del libro \u201cCr\u00f3nicas sin Tiempo\u201d.<\/p>\n\n\n\n<p>La Biblioteca Amantes de la Luz, est\u00e1 ubicada en la calle Espa\u00f1a, entre las avenidas Las Carreras y 27 de Febrero, contigua al Cuartel General de los Bomberos de Santiago.<\/p>\n\n\n\n<p><a href=\"https:\/\/acento.com.do\/tags\/?tag=marcela-antonia-montes-de-oca-gonzalez-publica-cronicas-sin-tiempo\"><strong>MARCELA ANTONIA MONTES DE OCA GONZ\u00c1LEZ PUBLICA \u201cCR\u00d3NICAS SIN TIEMPO\u201d<\/strong><\/a><a href=\"https:\/\/acento.com.do\/tags\/?tag=mildred-mata\"><strong>M<\/strong><\/a><\/p>\n\n\n\n<p><a href=\"https:\/\/acento.com.do\/tags\/?tag=mildred-mata\">El autor es periodista, ensayista literario, cr\u00edtico de cine, articulista, residente en Santiago de los Caballeros, Rep\u00fablica Dominicana.<\/a><\/p>\n\n\n\n<p><a href=\"https:\/\/acento.com.do\/tags\/?tag=mildred-mata\">&#8212;<\/a><\/p>\n","protected":false},"excerpt":{"rendered":"<p>Ingrid Gonz\u00e1lez Por: CARLOS RICARDO FONDEUR MORONTA Santiago de los Caballeros.- El Ateneo Amantes de la Luz, Inc. realizar\u00e1 \u00e9ste mi\u00e9rcoles 18 de octubre, la tertulia \u201cEl Oficio de la Palabra\u201d, a cargo de la catedr\u00e1tica, gestora cultural y escritora Ingrid Gonz\u00e1lez, viuda Rodr\u00edguez, con el tema \u201cEl Sentido del Arte en Nuestras Vidas\u201d, a [&hellip;]<\/p>\n","protected":false},"author":28,"featured_media":481294,"comment_status":"closed","ping_status":"","sticky":true,"template":"","format":"standard","meta":{"footnotes":""},"categories":[21,36,27,32],"tags":[],"class_list":["post-481286","post","type-post","status-publish","format-standard","has-post-thumbnail","hentry","category-cultura","category-hombresmujeresycosas","category-portada","category-turismo"],"_links":{"self":[{"href":"https:\/\/diariodominicano.com\/index.php?rest_route=\/wp\/v2\/posts\/481286","targetHints":{"allow":["GET"]}}],"collection":[{"href":"https:\/\/diariodominicano.com\/index.php?rest_route=\/wp\/v2\/posts"}],"about":[{"href":"https:\/\/diariodominicano.com\/index.php?rest_route=\/wp\/v2\/types\/post"}],"author":[{"embeddable":true,"href":"https:\/\/diariodominicano.com\/index.php?rest_route=\/wp\/v2\/users\/28"}],"replies":[{"embeddable":true,"href":"https:\/\/diariodominicano.com\/index.php?rest_route=%2Fwp%2Fv2%2Fcomments&post=481286"}],"version-history":[{"count":4,"href":"https:\/\/diariodominicano.com\/index.php?rest_route=\/wp\/v2\/posts\/481286\/revisions"}],"predecessor-version":[{"id":481295,"href":"https:\/\/diariodominicano.com\/index.php?rest_route=\/wp\/v2\/posts\/481286\/revisions\/481295"}],"wp:featuredmedia":[{"embeddable":true,"href":"https:\/\/diariodominicano.com\/index.php?rest_route=\/wp\/v2\/media\/481294"}],"wp:attachment":[{"href":"https:\/\/diariodominicano.com\/index.php?rest_route=%2Fwp%2Fv2%2Fmedia&parent=481286"}],"wp:term":[{"taxonomy":"category","embeddable":true,"href":"https:\/\/diariodominicano.com\/index.php?rest_route=%2Fwp%2Fv2%2Fcategories&post=481286"},{"taxonomy":"post_tag","embeddable":true,"href":"https:\/\/diariodominicano.com\/index.php?rest_route=%2Fwp%2Fv2%2Ftags&post=481286"}],"curies":[{"name":"wp","href":"https:\/\/api.w.org\/{rel}","templated":true}]}}