{"id":481269,"date":"2023-10-19T01:30:27","date_gmt":"2023-10-19T05:30:27","guid":{"rendered":"http:\/\/diariodominicano.com\/?p=481269"},"modified":"2023-10-19T01:30:37","modified_gmt":"2023-10-19T05:30:37","slug":"ozuna-recibe-5-nominaciones-en-los40-music-awards-2023-de-espana-y-debutara-en-el-escenario-de-los-mtv-europe-music-awards-en-francia","status":"publish","type":"post","link":"https:\/\/diariodominicano.com\/?p=481269","title":{"rendered":"OZUNA Recibe 5 nominaciones en \u201cLos40 Music Awards 2023\u201d de Espa\u00f1a y debutar\u00e1 en el escenario de los \u201cMTV Europe Music Awards\u201d en Francia"},"content":{"rendered":"\n<p>Ozuna<\/p>\n\n\n\n<p><strong><em><br><\/em><\/strong><\/p>\n\n\n\n<p><strong>SAN JUAN, PR &#8211; 18 de octubre de 2023<\/strong>. OZUNA, la superestrella global puertorrique\u00f1a, contin\u00faa&nbsp; acaparando el mercado de Europa. El destacado artista ha obtenido&nbsp;<strong>cinco nominaciones en \u201cLOS40 MUSIC AWARDS SANTANDER 2023\u201d, que se celebra el 3 de noviembre en el WiZink Center de Madrid<\/strong>.&nbsp;<\/p>\n\n\n\n<p>Las nominaciones que ha recibido&nbsp;<strong>OZUNA<\/strong>&nbsp;en la Categor\u00eda Global Latina incluyen:<\/p>\n\n\n\n<p><strong>&#8211; Mejor colaboraci\u00f3n urbana: \u00abHey Mor\u00bb, Ozuna ft. Feid<\/strong><\/p>\n\n\n\n<p><strong>-Mejor canci\u00f3n urbana: \u00abEva Longoria\u00bb<\/strong><\/p>\n\n\n\n<p><strong>&#8211; Mejor \u00e1lbum: \u00abAfro\u00bb<\/strong><\/p>\n\n\n\n<p><strong>&#8211; Mejor artista\/grupo en directo<\/strong><\/p>\n\n\n\n<p><strong>&#8211; Mejor artista o productor urbano<\/strong><\/p>\n\n\n\n<p>Asimismo,&nbsp;<strong>se anunci\u00f3 que Ozuna tambi\u00e9n se prepara para regresar a la ciudad de Par\u00eds en su muy esperada presentaci\u00f3n en los \u201cMTV EMAs 2023\u201d el pr\u00f3ximo 5 de noviembre; lo que marcar\u00e1 su debut en el escenario de esta importante premiaci\u00f3n de nivel internacional<\/strong>.&nbsp;<\/p>\n\n\n\n<figure class=\"wp-block-image size-full\"><img loading=\"lazy\" decoding=\"async\" width=\"674\" height=\"379\" src=\"https:\/\/diariodominicano.com\/wp-content\/uploads\/2023\/10\/1668524156_213568_1668524265_rrss_normal-e1675792523966.jpeg\" alt=\"\" class=\"wp-image-481271\" srcset=\"https:\/\/diariodominicano.com\/wp-content\/uploads\/2023\/10\/1668524156_213568_1668524265_rrss_normal-e1675792523966.jpeg 674w, https:\/\/diariodominicano.com\/wp-content\/uploads\/2023\/10\/1668524156_213568_1668524265_rrss_normal-e1675792523966-300x169.jpeg 300w\" sizes=\"auto, (max-width: 674px) 100vw, 674px\" \/><figcaption>Ozuna<\/figcaption><\/figure>\n\n\n\n<p><strong>Ozuna ha coronado todas las listas musicales en Espa\u00f1a con su s\u00faper \u00e9xito \u201cEVA LONGORIA\u201d, alcanzando el N\u00famero 1 de Los 40 por tercera vez en su carrera<\/strong>. Sin duda, este sencillo ha tenido gran aceptaci\u00f3n en el pa\u00eds, donde ya supera m\u00e1s de 30 millones de reproducciones y ha&nbsp; permanecido durante semanas en el Top 10 de Spotify Espa\u00f1a; adem\u00e1s de situarse en el Top 20 de las canciones m\u00e1s escuchadas en la radio.&nbsp;<\/p>\n\n\n\n<p>Cabe destacar que su EP&nbsp;<strong>\u201cAFRO\u201d<\/strong>, lanzado este verano, ha recibido una extraordinaria acogida, gracias a una cautivante producci\u00f3n regida por el afro-beat con una fusi\u00f3n urbana-caribe\u00f1a y, por supuesto, la emblem\u00e1tica voz melodiosa del artista. El resultado, una irresistible colecci\u00f3n de m\u00fasica contagiosa. Adem\u00e1s, Ozuna complet\u00f3 recientemente una gira por Europa con una agenda de conciertos con 15 fechas en distintos pa\u00edses en apoyo a este proyecto.<\/p>\n\n\n\n<p>Por otro lado, el pasado mes de septiembre \u201cTUCU\u201d, otro de los sencillo incluido en esta producci\u00f3n, alcanz\u00f3 el puesto No. 1 en el listado Latin Airplay de Billboard; acumulando un impresionante total de 33 sencillos No.1 en el mencionado listado.&nbsp;&nbsp;&nbsp;&nbsp;&nbsp;&nbsp;<\/p>\n\n\n\n<p>&nbsp;&nbsp;Para escuchar y\/o descargar Afro, haga click<a href=\"https:\/\/orcd.co\/ozunaafro\" target=\"_blank\" rel=\"noreferrer noopener\">&nbsp;AQU\u00cd<\/a>.&nbsp;<\/p>\n\n\n\n<p>Sum\u00e1ndose a su lista de nominaciones y reconocimientos en lo que va de a\u00f1o, Ozuna cuenta con una nominaci\u00f3n a Mejor Interpretaci\u00f3n de Reggaeton por su tema \u00abHEY MOR\u00bb junto al artista Feid en la 24\u00aa edici\u00f3n de los Latin Grammy, que este a\u00f1o se celebran el 16 de noviembre en Sevilla, Espa\u00f1a.<\/p>\n\n\n\n<p>Hector Romero<a target=\"_blank\" href=\"mailto:hferom@dparranda.net\" rel=\"noreferrer noopener\">hferom@dparranda.net<\/a><\/p>\n","protected":false},"excerpt":{"rendered":"<p>Ozuna SAN JUAN, PR &#8211; 18 de octubre de 2023. OZUNA, la superestrella global puertorrique\u00f1a, contin\u00faa&nbsp; acaparando el mercado de Europa. El destacado artista ha obtenido&nbsp;cinco nominaciones en \u201cLOS40 MUSIC AWARDS SANTANDER 2023\u201d, que se celebra el 3 de noviembre en el WiZink Center de Madrid.&nbsp; Las nominaciones que ha recibido&nbsp;OZUNA&nbsp;en la Categor\u00eda Global Latina [&hellip;]<\/p>\n","protected":false},"author":28,"featured_media":481270,"comment_status":"closed","ping_status":"","sticky":true,"template":"","format":"standard","meta":{"footnotes":""},"categories":[36,25,27,32],"tags":[],"class_list":["post-481269","post","type-post","status-publish","format-standard","has-post-thumbnail","hentry","category-hombresmujeresycosas","category-gente","category-portada","category-turismo"],"_links":{"self":[{"href":"https:\/\/diariodominicano.com\/index.php?rest_route=\/wp\/v2\/posts\/481269","targetHints":{"allow":["GET"]}}],"collection":[{"href":"https:\/\/diariodominicano.com\/index.php?rest_route=\/wp\/v2\/posts"}],"about":[{"href":"https:\/\/diariodominicano.com\/index.php?rest_route=\/wp\/v2\/types\/post"}],"author":[{"embeddable":true,"href":"https:\/\/diariodominicano.com\/index.php?rest_route=\/wp\/v2\/users\/28"}],"replies":[{"embeddable":true,"href":"https:\/\/diariodominicano.com\/index.php?rest_route=%2Fwp%2Fv2%2Fcomments&post=481269"}],"version-history":[{"count":3,"href":"https:\/\/diariodominicano.com\/index.php?rest_route=\/wp\/v2\/posts\/481269\/revisions"}],"predecessor-version":[{"id":481274,"href":"https:\/\/diariodominicano.com\/index.php?rest_route=\/wp\/v2\/posts\/481269\/revisions\/481274"}],"wp:featuredmedia":[{"embeddable":true,"href":"https:\/\/diariodominicano.com\/index.php?rest_route=\/wp\/v2\/media\/481270"}],"wp:attachment":[{"href":"https:\/\/diariodominicano.com\/index.php?rest_route=%2Fwp%2Fv2%2Fmedia&parent=481269"}],"wp:term":[{"taxonomy":"category","embeddable":true,"href":"https:\/\/diariodominicano.com\/index.php?rest_route=%2Fwp%2Fv2%2Fcategories&post=481269"},{"taxonomy":"post_tag","embeddable":true,"href":"https:\/\/diariodominicano.com\/index.php?rest_route=%2Fwp%2Fv2%2Ftags&post=481269"}],"curies":[{"name":"wp","href":"https:\/\/api.w.org\/{rel}","templated":true}]}}