{"id":481240,"date":"2023-10-19T01:01:47","date_gmt":"2023-10-19T05:01:47","guid":{"rendered":"http:\/\/diariodominicano.com\/?p=481240"},"modified":"2023-10-19T01:04:01","modified_gmt":"2023-10-19T05:04:01","slug":"circula-libro-sobre-ajedrez-femenino-en-republica-dominicana","status":"publish","type":"post","link":"https:\/\/diariodominicano.com\/?p=481240","title":{"rendered":"Circula Libro sobre ajedrez femenino en Rep\u00fablica Dominicana"},"content":{"rendered":"\n<p>Fabio S\u00e1nchez Bello y Mar\u00eda Garc\u00eda, reconocen a Ana E. Garc\u00eda Portes, junto a Pedro Dom\u00ednguez Brito, \u201cMaestra del Ajedrez Dominicano. <\/p>\n\n\n\n<p>\u201cMaestras del Ajedrez Dominicano\u201d, de Fabio S\u00e1nchez fue presentado en el Teatro Nacional<\/p>\n\n\n\n<p>SANTO DOMINGO, RD.- Distinguidas damas del ajedrez nacional fueron resaltadas en el libro \u201cMaestras del Ajedrez Dominicano\u201d, puestas a circular este martes en el sal\u00f3n Aida Bonnelly de D\u00edaz del Teatro Nacional Eduardo Brito.<\/p>\n\n\n\n<figure class=\"wp-block-image size-full\"><img loading=\"lazy\" decoding=\"async\" width=\"1024\" height=\"568\" src=\"https:\/\/diariodominicano.com\/wp-content\/uploads\/2023\/10\/Selecto-grupo-de-ajedrecista-que-fueron-reconocidas-como-Maestra-del-Ajedrez-Dominicano-1.jpg\" alt=\"\" class=\"wp-image-481242\" srcset=\"https:\/\/diariodominicano.com\/wp-content\/uploads\/2023\/10\/Selecto-grupo-de-ajedrecista-que-fueron-reconocidas-como-Maestra-del-Ajedrez-Dominicano-1.jpg 1024w, https:\/\/diariodominicano.com\/wp-content\/uploads\/2023\/10\/Selecto-grupo-de-ajedrecista-que-fueron-reconocidas-como-Maestra-del-Ajedrez-Dominicano-1-300x166.jpg 300w, https:\/\/diariodominicano.com\/wp-content\/uploads\/2023\/10\/Selecto-grupo-de-ajedrecista-que-fueron-reconocidas-como-Maestra-del-Ajedrez-Dominicano-1-768x426.jpg 768w, https:\/\/diariodominicano.com\/wp-content\/uploads\/2023\/10\/Selecto-grupo-de-ajedrecista-que-fueron-reconocidas-como-Maestra-del-Ajedrez-Dominicano-1-816x453.jpg 816w\" sizes=\"auto, (max-width: 1024px) 100vw, 1024px\" \/><figcaption> Desde la izquierda y arriba, Ariella Adames, Nuridys Gonz\u00e1lez, Jennesis Santos, Pedro Dom\u00ednguez, Fabio S\u00e1nchez Bello, Mar\u00eda Garc\u00eda y Patricia Castillo. En la fila de abajo, Alba Rosa Mariano, Ana Esther Garc\u00eda, Josefa Santana, Laura Capell\u00e1n y Gregoria Guzm\u00e1n. <\/figcaption><\/figure>\n\n\n\n<p>La valiosa obra literaria puesta en circulaci\u00f3n es de la autor\u00eda de Fabio S\u00e1nchez Bello, quien distingue a un selecto grupo de f\u00e9minas que han dedicado su vida al ajedrez e importantes participaciones y competencias en diferentes escenarios nacionales e internacionales.<\/p>\n\n\n\n<p>Esas f\u00e9minas del ajedrez dominicano que fueron honradas en la obra son Ariella Adames, Nuridys Gonz\u00e1lez, Jennesis Santos, Patricia Castillo, Alba Rosa Mariano, Ana Esther Garc\u00eda Portes, Josefa Santana, Laura Capell\u00e1n y Gregoria Guzm\u00e1n, quienes estuvieron presentes y recibieron cada una un reconocimiento.<\/p>\n\n\n\n<p>Para S\u00e1nchez Bello es la tercera producci\u00f3n literaria sobre temas del bien calificado juego ciencia. Antes escribi\u00f3 \u201cUna D\u00e9cada de Ajedrez e Historia\u201d y en marzo del pasado a\u00f1o puso a circular \u201cMedio Siglo de Ajedrez Azuano\u201d, en el marco de las Fiestas Patri\u00f3ticas Azua 2022, gracias al apoyo de la Comisi\u00f3n Permanente de Efem\u00e9rides Patrias.<\/p>\n\n\n\n<p>\u201cMaestras del Ajedrez Dominicano\u201d est\u00e1 prologado por el ingeniero Rafael Damir\u00f3n Dickson, pasado presidente de la Federaci\u00f3n Dominicana de Ajedrez (FDA) y exdirector de la Academia Ol\u00edmpica Dominicana, quien hizo una extraordinaria presentaci\u00f3n de la obra.<\/p>\n\n\n\n<p>En la misma se resume desde el inicio formal del ajedrez femenino en San Crist\u00f3bal hasta las participaciones de Rep\u00fablica Dominicana en Olimpiadas Mundiales de la exigente disciplina, as\u00ed como tambi\u00e9n perfiles de las 19 f\u00e9minas que, a la fecha, han logrado el t\u00edtulo de Maestra.<\/p>\n\n\n\n<p>La mesa de honor en la regia sala de cultura, adem\u00e1s de Fabio y Damir\u00f3n, estuvo integrada por la hero\u00edna nacional ingeniera Tomasina Cabral, el doctor Pedro Dom\u00ednguez Brito, quien preside la Federaci\u00f3n Dominicana de Ajedrez (FDA), y la se\u00f1ora Mar\u00eda Garc\u00eda, representante de la Alcald\u00eda del Distrito Nacional.<\/p>\n\n\n\n<p>Luego de la puesta en circulaci\u00f3n de la obra la Federaci\u00f3n Dominicana de Ajedrez entreg\u00f3 vistosos certificados a cada una de las Maestras.<\/p>\n\n\n\n<p>La actividad fue respaldada por una nutrida cantidad de p\u00fablico, destac\u00e1ndose el grupo de dameros agrupados en la Asociaci\u00f3n de Duvergenses Residentes en el Distrito Nacional, Inc. (ADUREDIN).<\/p>\n\n\n\n<p>Odalis Sanchez<a target=\"_blank\" href=\"mailto:odalissanchez@gmail.com\" rel=\"noreferrer noopener\">odalissanchez@gmail.com<\/a><\/p>\n","protected":false},"excerpt":{"rendered":"<p>Fabio S\u00e1nchez Bello y Mar\u00eda Garc\u00eda, reconocen a Ana E. Garc\u00eda Portes, junto a Pedro Dom\u00ednguez Brito, \u201cMaestra del Ajedrez Dominicano. \u201cMaestras del Ajedrez Dominicano\u201d, de Fabio S\u00e1nchez fue presentado en el Teatro Nacional SANTO DOMINGO, RD.- Distinguidas damas del ajedrez nacional fueron resaltadas en el libro \u201cMaestras del Ajedrez Dominicano\u201d, puestas a circular este [&hellip;]<\/p>\n","protected":false},"author":28,"featured_media":481241,"comment_status":"closed","ping_status":"","sticky":true,"template":"","format":"standard","meta":{"footnotes":""},"categories":[36,17,27,32],"tags":[],"class_list":["post-481240","post","type-post","status-publish","format-standard","has-post-thumbnail","hentry","category-hombresmujeresycosas","category-deportes","category-portada","category-turismo"],"_links":{"self":[{"href":"https:\/\/diariodominicano.com\/index.php?rest_route=\/wp\/v2\/posts\/481240","targetHints":{"allow":["GET"]}}],"collection":[{"href":"https:\/\/diariodominicano.com\/index.php?rest_route=\/wp\/v2\/posts"}],"about":[{"href":"https:\/\/diariodominicano.com\/index.php?rest_route=\/wp\/v2\/types\/post"}],"author":[{"embeddable":true,"href":"https:\/\/diariodominicano.com\/index.php?rest_route=\/wp\/v2\/users\/28"}],"replies":[{"embeddable":true,"href":"https:\/\/diariodominicano.com\/index.php?rest_route=%2Fwp%2Fv2%2Fcomments&post=481240"}],"version-history":[{"count":3,"href":"https:\/\/diariodominicano.com\/index.php?rest_route=\/wp\/v2\/posts\/481240\/revisions"}],"predecessor-version":[{"id":481245,"href":"https:\/\/diariodominicano.com\/index.php?rest_route=\/wp\/v2\/posts\/481240\/revisions\/481245"}],"wp:featuredmedia":[{"embeddable":true,"href":"https:\/\/diariodominicano.com\/index.php?rest_route=\/wp\/v2\/media\/481241"}],"wp:attachment":[{"href":"https:\/\/diariodominicano.com\/index.php?rest_route=%2Fwp%2Fv2%2Fmedia&parent=481240"}],"wp:term":[{"taxonomy":"category","embeddable":true,"href":"https:\/\/diariodominicano.com\/index.php?rest_route=%2Fwp%2Fv2%2Fcategories&post=481240"},{"taxonomy":"post_tag","embeddable":true,"href":"https:\/\/diariodominicano.com\/index.php?rest_route=%2Fwp%2Fv2%2Ftags&post=481240"}],"curies":[{"name":"wp","href":"https:\/\/api.w.org\/{rel}","templated":true}]}}