{"id":481195,"date":"2023-10-18T23:28:36","date_gmt":"2023-10-19T03:28:36","guid":{"rendered":"http:\/\/diariodominicano.com\/?p=481195"},"modified":"2023-10-18T23:30:54","modified_gmt":"2023-10-19T03:30:54","slug":"fedotenis-anuncia-copa-barrancoli-y-carpintero-j30","status":"publish","type":"post","link":"https:\/\/diariodominicano.com\/?p=481195","title":{"rendered":"Fedotenis anuncia Copa Barrancol\u00ed y Carpintero J30"},"content":{"rendered":"\n<p> Fachada de la parte frontal del Centro Nacional de Tenis del Parque del Este. <\/p>\n\n\n\n<p>SANTO DOMINGO, RD.- La Federaci\u00f3n Dominicana de Tenis (Fedotenis) anunci\u00f3 este mi\u00e9rcoles dos nuevos torneos internacionales ITF U18 en sencillos y dobles, con m\u00e1s de 150 jugadores de 20 pa\u00edses.<\/p>\n\n\n\n<figure class=\"wp-block-image size-large\"><img loading=\"lazy\" decoding=\"async\" width=\"1024\" height=\"689\" src=\"https:\/\/diariodominicano.com\/wp-content\/uploads\/2023\/10\/Alberto-Puello-y-Maria-Gell.-1-1024x689.jpg\" alt=\"\" class=\"wp-image-481196\" srcset=\"https:\/\/diariodominicano.com\/wp-content\/uploads\/2023\/10\/Alberto-Puello-y-Maria-Gell.-1-1024x689.jpg 1024w, https:\/\/diariodominicano.com\/wp-content\/uploads\/2023\/10\/Alberto-Puello-y-Maria-Gell.-1-300x202.jpg 300w, https:\/\/diariodominicano.com\/wp-content\/uploads\/2023\/10\/Alberto-Puello-y-Maria-Gell.-1-768x517.jpg 768w, https:\/\/diariodominicano.com\/wp-content\/uploads\/2023\/10\/Alberto-Puello-y-Maria-Gell.-1-1536x1034.jpg 1536w, https:\/\/diariodominicano.com\/wp-content\/uploads\/2023\/10\/Alberto-Puello-y-Maria-Gell.-1-816x549.jpg 816w, https:\/\/diariodominicano.com\/wp-content\/uploads\/2023\/10\/Alberto-Puello-y-Maria-Gell.-1.jpg 1600w\" sizes=\"auto, (max-width: 1024px) 100vw, 1024px\" \/><figcaption> Alberto Puello y Mar\u00eda Gell.\u00a0 <\/figcaption><\/figure>\n\n\n\n<p>El primer evento a jugarse es la Copa Barrancol\u00ed Santo Domingo J30, a celebrarse del 23 al 28 octubre del presente a\u00f1o, en el Centro Nacional de Tenis del Parque del Este.<\/p>\n\n\n\n<p>El segundo torneo es la Copa Carpintero, a jugarse en el mismo complejo, del 30 de octubre al 04 de noviembre.<\/p>\n\n\n\n<p>Ambos torneos dan 30 puntos a los campeones de ambas ramas.<\/p>\n\n\n\n<p>Se espera la participaci\u00f3n de los tenistas dominicanos Jossting Cruz, Alberto Puello, los primeros favoritos del torneo, al igual que \u00c1lvaro P\u00e9rez. Entre las criollas se espera a Mar\u00eda Gell, Rosario Elm\u00fadesi, Paz Cabral, y otras.<\/p>\n\n\n\n<p>&nbsp;Wilson Joya, de Colombia, es el r\u00e9feri de los dos torneos, asistido por el dominicano Francisco de los Santos. Sergio Tobal vicepresidente de Fedotenis es el director general.<\/p>\n\n\n\n<p>La informaci\u00f3n la dio a conocer Tobal, quien revel\u00f3 que estos son los \u00faltimos dos torneos juveniles del a\u00f1o que organizar\u00e1 la Fedotenis.<\/p>\n\n\n\n<p>Los eventos organizados por la Fedotenis son gracias al Ministerio de Turismo, Banco De Reservas, Transporte Sheila, Banco BHD, Mazola, Avena Americana, Creso, Ekatex, El Nuevo Diario, Wilson, Pl\u00e1sticos Vi\u00f1als, Vilas Tennis Academy y D\u2019oficinas.<\/p>\n\n\n\n<p>Federacion Dominicana de Tenis Fedotenis<a target=\"_blank\" href=\"mailto:prensafedotenis@gmail.com\" rel=\"noreferrer noopener\">prensafedotenis@gmail.com<\/a><\/p>\n\n\n\n<p>PRENSA FEDOTENIS&nbsp;<\/p>\n","protected":false},"excerpt":{"rendered":"<p>Fachada de la parte frontal del Centro Nacional de Tenis del Parque del Este. SANTO DOMINGO, RD.- La Federaci\u00f3n Dominicana de Tenis (Fedotenis) anunci\u00f3 este mi\u00e9rcoles dos nuevos torneos internacionales ITF U18 en sencillos y dobles, con m\u00e1s de 150 jugadores de 20 pa\u00edses. El primer evento a jugarse es la Copa Barrancol\u00ed Santo Domingo [&hellip;]<\/p>\n","protected":false},"author":28,"featured_media":481199,"comment_status":"closed","ping_status":"","sticky":true,"template":"","format":"standard","meta":{"footnotes":""},"categories":[17,27,32],"tags":[],"class_list":["post-481195","post","type-post","status-publish","format-standard","has-post-thumbnail","hentry","category-deportes","category-portada","category-turismo"],"_links":{"self":[{"href":"https:\/\/diariodominicano.com\/index.php?rest_route=\/wp\/v2\/posts\/481195","targetHints":{"allow":["GET"]}}],"collection":[{"href":"https:\/\/diariodominicano.com\/index.php?rest_route=\/wp\/v2\/posts"}],"about":[{"href":"https:\/\/diariodominicano.com\/index.php?rest_route=\/wp\/v2\/types\/post"}],"author":[{"embeddable":true,"href":"https:\/\/diariodominicano.com\/index.php?rest_route=\/wp\/v2\/users\/28"}],"replies":[{"embeddable":true,"href":"https:\/\/diariodominicano.com\/index.php?rest_route=%2Fwp%2Fv2%2Fcomments&post=481195"}],"version-history":[{"count":1,"href":"https:\/\/diariodominicano.com\/index.php?rest_route=\/wp\/v2\/posts\/481195\/revisions"}],"predecessor-version":[{"id":481197,"href":"https:\/\/diariodominicano.com\/index.php?rest_route=\/wp\/v2\/posts\/481195\/revisions\/481197"}],"wp:featuredmedia":[{"embeddable":true,"href":"https:\/\/diariodominicano.com\/index.php?rest_route=\/wp\/v2\/media\/481199"}],"wp:attachment":[{"href":"https:\/\/diariodominicano.com\/index.php?rest_route=%2Fwp%2Fv2%2Fmedia&parent=481195"}],"wp:term":[{"taxonomy":"category","embeddable":true,"href":"https:\/\/diariodominicano.com\/index.php?rest_route=%2Fwp%2Fv2%2Fcategories&post=481195"},{"taxonomy":"post_tag","embeddable":true,"href":"https:\/\/diariodominicano.com\/index.php?rest_route=%2Fwp%2Fv2%2Ftags&post=481195"}],"curies":[{"name":"wp","href":"https:\/\/api.w.org\/{rel}","templated":true}]}}