{"id":481025,"date":"2023-10-18T01:47:21","date_gmt":"2023-10-18T05:47:21","guid":{"rendered":"http:\/\/diariodominicano.com\/?p=481025"},"modified":"2023-10-18T01:48:50","modified_gmt":"2023-10-18T05:48:50","slug":"canciller-roberto-alvarez-sera-orador-invitado-en-almuerzo-mensual-de-octubre-de-la-amchamdr","status":"publish","type":"post","link":"https:\/\/diariodominicano.com\/?p=481025","title":{"rendered":"Canciller Roberto \u00c1lvarez ser\u00e1 orador invitado en almuerzo mensual de octubre de la AMCHAMDR"},"content":{"rendered":"\n<figure class=\"wp-block-table\"><table><tbody><tr><td><\/td><\/tr><\/tbody><\/table><\/figure>\n\n\n\n<figure class=\"wp-block-table\"><table><tbody><tr><td>SANTO DOMINGO.- El ministro de Relaciones Exteriores de Rep\u00fablica Dominicana, Roberto \u00c1lvarez, ser\u00e1 el orador invitado y hu\u00e9sped de honor del Almuerzo Empresarial de la C\u00e1mara Americana de Comercio de la Rep\u00fablica Dominicana (AMCHAMDR) el jueves 19 de octubre a partir de las 12 del mediod\u00eda.<br><br>Durante el encuentro, que se celebrar\u00e1 en el sal\u00f3n Garden Tent del Hotel El Embajador, el canciller abordar\u00e1 temas relacionados a las perspectivas y tendencias internacionales en consonancia con las nuevas din\u00e1micas de las relaciones pol\u00edticas y comerciales del pa\u00eds. \u00a0<br><br>Se recuerda, que Rep\u00fablica Dominicana ha desempe\u00f1ado roles importantes en distintas iniciativas de impacto regional, como la Alianza para el Desarrollo en Democracia, el Sistema de la Integraci\u00f3n Centroamericana, la Conferencia Iberoamericana, la Organizaci\u00f3n de las Naciones Unidas, y la Organizaci\u00f3n de los Estados Americanos, entre otros espacios. Por otro lado, recientemente result\u00f3 electo como miembro del Consejo de Derechos Humanos de la ONU para el per\u00edodo 2024-2026. Adem\u00e1s, el pa\u00eds mantuvo una ofensiva diplom\u00e1tica con la comunidad internacional, hasta lograr la aprobaci\u00f3n del despliegue de una Misi\u00f3n Multinacional para la Seguridad en Hait\u00ed.<br><br>Se espera que el ministro \u00c1lvarez aborde estos y otros temas en este encuentro de la c\u00fapula empresarial dominicana.<br><br><strong>Sobre el almuerzo<\/strong><br><br>Forma parte de este Almuerzo AMCHAMDR registr\u00e1ndote a trav\u00e9s del enlace:\u00a0<a rel=\"noreferrer noopener\" href=\"https:\/\/amcham.us7.list-manage.com\/track\/click?u=c0b5c2e18b788edd25737cb92&amp;id=f62901a671&amp;e=97b5332a40\" target=\"_blank\">forms.office.com\/r\/Pr1kjN4Htk<\/a>, para m\u00e1s informaci\u00f3n, cont\u00e1ctenos al correo\u00a0<a rel=\"noreferrer noopener\" href=\"mailto:mricart@amcham.org.do\" target=\"_blank\">mricart@amcham.org.do<\/a>. \u00a0<br><br>Este almuerzo ser\u00e1 posible gracias al apoyo de las marcas pertenecientes a nuestro C\u00edrculo \u00c9lite: AES Dominicana, Barrick Pueblo Viejo, Cervecer\u00eda Nacional Dominicana, Citi, HIT Puerto R\u00edo Haina, Grupo Humano, Inicia, Grupo Mart\u00ed, Altice Dominicana, Grupo Rica, Grupo SID, Grupo Punta Cana, Grupo Estrella y Squire Patton Boggs.<br><br><strong>Sobre la C\u00e1mara Americana de Comercio de la Rep\u00fablica Dominicana (AMCHAMDR)<\/strong><br><br>La C\u00e1mara Americana de Comercio de la Rep\u00fablica Dominicana (AMCHAMDR por sus siglas en ingl\u00e9s) es una asociaci\u00f3n sin fines de lucro, incorporada legalmente el 8 de noviembre de 1923, que fomenta un clima de inversi\u00f3n saludable basado en el acceso de conocimiento, oportunidades y una cultura de mejores pr\u00e1cticas para el desarrollo socioecon\u00f3mico y profesional de sus socios. AMCHAMDR est\u00e1 afiliada a la U.S. Chamber of Commerce y es miembro fundador de la Asociaci\u00f3n de C\u00e1maras Americanas de Comercio en Am\u00e9rica Latina (AACCLA por sus siglas en ingl\u00e9s).<br><br>Comunicaciones AMCHAMDR<br><a rel=\"noreferrer noopener\" target=\"_blank\" href=\"mailto:comunicaciones@amcham.org.do\">comunicaciones@amcham.org.do<\/a><br><br><br><br><strong>Natalia Camarena<\/strong>,\u00a0<a rel=\"noreferrer noopener\" href=\"mailto:ncamarena@amcham.org.do\" target=\"_blank\">ncamarena@amcham.org.do<\/a>\u00a0\u00a0\u00a0<br><strong>X\u00f3chitl Cordero,<\/strong>\u00a0<a rel=\"noreferrer noopener\" href=\"mailto:xcordero@amcham.org.do\" target=\"_blank\">xcordero@amcham.org.do<\/a><br><strong>Oliver Balbuena,<\/strong>\u00a0<a rel=\"noreferrer noopener\" href=\"mailto:obalbuena@amcham.org.do\" target=\"_blank\">obalbuena@amcham.org.do<\/a>\u00a0<\/td><\/tr><\/tbody><\/table><\/figure>\n","protected":false},"excerpt":{"rendered":"<p>SANTO DOMINGO.- El ministro de Relaciones Exteriores de Rep\u00fablica Dominicana, Roberto \u00c1lvarez, ser\u00e1 el orador invitado y hu\u00e9sped de honor del Almuerzo Empresarial de la C\u00e1mara Americana de Comercio de la Rep\u00fablica Dominicana (AMCHAMDR) el jueves 19 de octubre a partir de las 12 del mediod\u00eda. Durante el encuentro, que se celebrar\u00e1 en el sal\u00f3n [&hellip;]<\/p>\n","protected":false},"author":28,"featured_media":481026,"comment_status":"closed","ping_status":"","sticky":true,"template":"","format":"standard","meta":{"footnotes":""},"categories":[20,22,27,32],"tags":[],"class_list":["post-481025","post","type-post","status-publish","format-standard","has-post-thumbnail","hentry","category-dominicana-hoy","category-politica","category-portada","category-turismo"],"_links":{"self":[{"href":"https:\/\/diariodominicano.com\/index.php?rest_route=\/wp\/v2\/posts\/481025","targetHints":{"allow":["GET"]}}],"collection":[{"href":"https:\/\/diariodominicano.com\/index.php?rest_route=\/wp\/v2\/posts"}],"about":[{"href":"https:\/\/diariodominicano.com\/index.php?rest_route=\/wp\/v2\/types\/post"}],"author":[{"embeddable":true,"href":"https:\/\/diariodominicano.com\/index.php?rest_route=\/wp\/v2\/users\/28"}],"replies":[{"embeddable":true,"href":"https:\/\/diariodominicano.com\/index.php?rest_route=%2Fwp%2Fv2%2Fcomments&post=481025"}],"version-history":[{"count":1,"href":"https:\/\/diariodominicano.com\/index.php?rest_route=\/wp\/v2\/posts\/481025\/revisions"}],"predecessor-version":[{"id":481027,"href":"https:\/\/diariodominicano.com\/index.php?rest_route=\/wp\/v2\/posts\/481025\/revisions\/481027"}],"wp:featuredmedia":[{"embeddable":true,"href":"https:\/\/diariodominicano.com\/index.php?rest_route=\/wp\/v2\/media\/481026"}],"wp:attachment":[{"href":"https:\/\/diariodominicano.com\/index.php?rest_route=%2Fwp%2Fv2%2Fmedia&parent=481025"}],"wp:term":[{"taxonomy":"category","embeddable":true,"href":"https:\/\/diariodominicano.com\/index.php?rest_route=%2Fwp%2Fv2%2Fcategories&post=481025"},{"taxonomy":"post_tag","embeddable":true,"href":"https:\/\/diariodominicano.com\/index.php?rest_route=%2Fwp%2Fv2%2Ftags&post=481025"}],"curies":[{"name":"wp","href":"https:\/\/api.w.org\/{rel}","templated":true}]}}