{"id":480997,"date":"2023-10-18T01:18:13","date_gmt":"2023-10-18T05:18:13","guid":{"rendered":"http:\/\/diariodominicano.com\/?p=480997"},"modified":"2023-10-18T01:20:21","modified_gmt":"2023-10-18T05:20:21","slug":"inician-proyecto-coralcarib-para-restauracion-de-corales-caribe","status":"publish","type":"post","link":"https:\/\/diariodominicano.com\/?p=480997","title":{"rendered":"Inician proyecto CoralCarib para restauraci\u00f3n de corales Caribe"},"content":{"rendered":"\n<p>Federico Franco<\/p>\n\n\n\n<p><em>El objetivo es contribuir a mejorar la biodiversidad marina de&nbsp;1,871hect\u00e1reas de arrecifes de coral distribuidos en cuatro pa\u00edses&nbsp;del Caribe.<\/em><\/p>\n\n\n\n<figure class=\"wp-block-image size-large\"><img loading=\"lazy\" decoding=\"async\" width=\"1024\" height=\"577\" src=\"https:\/\/diariodominicano.com\/wp-content\/uploads\/2023\/10\/IMG-0010-1024x577.jpg\" alt=\"\" class=\"wp-image-480999\" srcset=\"https:\/\/diariodominicano.com\/wp-content\/uploads\/2023\/10\/IMG-0010-1024x577.jpg 1024w, https:\/\/diariodominicano.com\/wp-content\/uploads\/2023\/10\/IMG-0010-300x169.jpg 300w, https:\/\/diariodominicano.com\/wp-content\/uploads\/2023\/10\/IMG-0010-768x432.jpg 768w, https:\/\/diariodominicano.com\/wp-content\/uploads\/2023\/10\/IMG-0010-1536x865.jpg 1536w, https:\/\/diariodominicano.com\/wp-content\/uploads\/2023\/10\/IMG-0010-816x459.jpg 816w, https:\/\/diariodominicano.com\/wp-content\/uploads\/2023\/10\/IMG-0010.jpg 2048w\" sizes=\"auto, (max-width: 1024px) 100vw, 1024px\" \/><\/figure>\n\n\n\n<p>Santo Domingo,DN.&nbsp;&nbsp;The Nature Conservancy&nbsp;(TNC), en colaboraci\u00f3n estrat\u00e9gica con la Fundaci\u00f3n Grupo Puntacana y la Fundaci\u00f3n Dominicana de Estudios Marinos (Fundemar), present\u00f3 el programa CoralCarib, una iniciativa regional que busca restaurar y conservar los arrecifes de coral en Rep\u00fablica Dominicana, Hait\u00ed, Cuba y Jamaica, que concentran el 60 % de los arrecifes de coral del Caribe.&nbsp;<\/p>\n\n\n\n<p>El proyecto tiene un horizonte de seis a\u00f1os y un presupuesto de 10.8 millones de euros aportados por la Iniciativa Internacional para la Protecci\u00f3n del Clima (IKI, por sus siglas en alem\u00e1n) del Gobierno de Alemania.<\/p>\n\n\n\n<p>CoralCarib tiene el objetivo de recuperar la biodiversidad marina en 1,871 hect\u00e1reas de arrecifes de coral prioritarios en estos cuatro pa\u00edses del Caribe, a trav\u00e9s de un esquema innovador basado en la ciencia, y con un enfoque en el Santuario Marino Arrecifes del Sureste (Samar) en Rep\u00fablica Dominicana.<\/p>\n\n\n\n<p>El viceministro de \u00c1reas Protegidas y Biodiversidad, Federico Franco, en representaci\u00f3n del Ministerio de Medio Ambiente y Recursos Naturales, dio la bienvenida indicando que \u201cnos encontramos en un evento crucial para nuestra naci\u00f3n y para el Caribe. Nos reunimos para inaugurar el proyecto CoralCarib en el Samar, el segundo santuario marino de mayor extensi\u00f3n en nuestra Rep\u00fablica Dominicana y un pilar tur\u00edstico esencial\u201d.<\/p>\n\n\n\n<p>A continuaci\u00f3n, el director de TNC en el pa\u00eds, Carlos Garc\u00eda, expres\u00f3 que \u201cCoralCarib utiliza modelos de temperaturas hist\u00f3ricas y proyecciones futuras, datos de impactos de huracanes y conectividad entre los corales, para identificar los llamados Refugios Clim\u00e1ticos de Coral, donde se llevar\u00e1n a cabo acciones para gestionar y restaurar los arrecifes de coral, impulsar medios de vida sostenibles y promover el valor de este ecosistema para contribuir a formular pol\u00edticas y planes estrat\u00e9gicos para su conservaci\u00f3n\u201d.<\/p>\n\n\n\n<figure class=\"wp-block-image size-large\"><img loading=\"lazy\" decoding=\"async\" width=\"1024\" height=\"577\" src=\"https:\/\/diariodominicano.com\/wp-content\/uploads\/2023\/10\/IMG-0017-1024x577.jpg\" alt=\"\" class=\"wp-image-481002\" srcset=\"https:\/\/diariodominicano.com\/wp-content\/uploads\/2023\/10\/IMG-0017-1024x577.jpg 1024w, https:\/\/diariodominicano.com\/wp-content\/uploads\/2023\/10\/IMG-0017-300x169.jpg 300w, https:\/\/diariodominicano.com\/wp-content\/uploads\/2023\/10\/IMG-0017-768x432.jpg 768w, https:\/\/diariodominicano.com\/wp-content\/uploads\/2023\/10\/IMG-0017-1536x865.jpg 1536w, https:\/\/diariodominicano.com\/wp-content\/uploads\/2023\/10\/IMG-0017-816x459.jpg 816w, https:\/\/diariodominicano.com\/wp-content\/uploads\/2023\/10\/IMG-0017.jpg 2048w\" sizes=\"auto, (max-width: 1024px) 100vw, 1024px\" \/><figcaption> Maike Friedrichsen <\/figcaption><\/figure>\n\n\n\n<p>Por su parte, la embajadora de la Rep\u00fablica Federal de Alemania, Maike Friedrichsen, quien tuvo a cargo de las palabras de apertura, expres\u00f3 que \u201ces imperativo tomar medidas en\u00e9rgicas para la conservaci\u00f3n y la restauraci\u00f3n coralina, basadas en la ciencia y pr\u00e1cticas sostenibles\u201d.&nbsp;<\/p>\n\n\n\n<p>Agreg\u00f3 que \u201cesta es una tarea fundamental en un momento en que el cambio clim\u00e1tico amenaza no solo a nuestros oc\u00e9anos, sino tambi\u00e9n la econom\u00eda y el bienestar de las comunidades en los pa\u00edses del Caribe\u201d.<\/p>\n\n\n\n<figure class=\"wp-block-image size-large\"><img loading=\"lazy\" decoding=\"async\" width=\"1024\" height=\"577\" src=\"https:\/\/diariodominicano.com\/wp-content\/uploads\/2023\/10\/IMG-0012-1024x577.jpg\" alt=\"\" class=\"wp-image-481004\" srcset=\"https:\/\/diariodominicano.com\/wp-content\/uploads\/2023\/10\/IMG-0012-1024x577.jpg 1024w, https:\/\/diariodominicano.com\/wp-content\/uploads\/2023\/10\/IMG-0012-300x169.jpg 300w, https:\/\/diariodominicano.com\/wp-content\/uploads\/2023\/10\/IMG-0012-768x432.jpg 768w, https:\/\/diariodominicano.com\/wp-content\/uploads\/2023\/10\/IMG-0012-1536x865.jpg 1536w, https:\/\/diariodominicano.com\/wp-content\/uploads\/2023\/10\/IMG-0012-816x459.jpg 816w, https:\/\/diariodominicano.com\/wp-content\/uploads\/2023\/10\/IMG-0012.jpg 2048w\" sizes=\"auto, (max-width: 1024px) 100vw, 1024px\" \/><\/figure>\n\n\n\n<p>Asimismo, la gerente del Centro de Innovaci\u00f3n Marino de la Fundaci\u00f3n Grupo Puntacana, Ainhoa Le\u00f3n, destac\u00f3 que la Rep\u00fablica Dominicana, a trav\u00e9s de los socios estrat\u00e9gicos de este proyecto, cuenta con cerca de 20 a\u00f1os de experiencia en restauraci\u00f3n de corales.&nbsp;<\/p>\n\n\n\n<p>Expuso que CoralCarib es una oportunidad \u00fanica de compartir esos aprendizajes con otros pa\u00edses de la regi\u00f3n, adem\u00e1s de aprender de sus buenas pr\u00e1cticas. \u201cAl final, el objetivo es trabajar en conjunto para escalar la conservaci\u00f3n y restauraci\u00f3n de los arrecifes de coral del Caribe\u201d, enfatiz\u00f3.&nbsp;<\/p>\n\n\n\n<p>Al finalizar este proyecto se prev\u00e9 que los Refugios Clim\u00e1ticos de Coral ser\u00e1n m\u00e1s resistentes al cambio clim\u00e1tico y tendr\u00e1n capacidad para ayudar a restaurar otros arrecifes de coral cercanos.&nbsp;<\/p>\n\n\n\n<p>Se espera que las intervenciones directas del proyecto reduzcan las amenazas a estos ecosistemas, apalanquen significativamente el financiamiento p\u00fablico y privado para acciones clim\u00e1ticas, apoyen el desarrollo de nuevas pol\u00edticas y creen herramientas innovadoras y productos de conocimiento para apoyar la restauraci\u00f3n de corales.<\/p>\n\n\n\n<p>Finalmente, Aldo Cr\u00f3quer, gerente del Programa de Conservaci\u00f3n Marina para el Caribe Central de TNC, y Rita Sellares, directora ejecutiva de Fundemar, explicaron detalladamente las bases del modelaje que el equipo de ciencias de TNC condujo para identificar los Refugios Clim\u00e1ticos de Coral, y describieron los esfuerzos de restauraci\u00f3n coralina y la experiencia acumulada por d\u00e9cadas en Rep\u00fablica Dominicana sobre este campo, respectivamente.<\/p>\n\n\n\n<p>Mayelin Acosta Guzm\u00e1n<a target=\"_blank\" href=\"mailto:mayelinacosta@gmail.com\" rel=\"noreferrer noopener\">mayelinacosta@gmail.com<\/a><\/p>\n\n\n\n<p><strong>Martes 17 de octubre del 2023.-<\/strong><\/p>\n","protected":false},"excerpt":{"rendered":"<p>Federico Franco El objetivo es contribuir a mejorar la biodiversidad marina de&nbsp;1,871hect\u00e1reas de arrecifes de coral distribuidos en cuatro pa\u00edses&nbsp;del Caribe. Santo Domingo,DN.&nbsp;&nbsp;The Nature Conservancy&nbsp;(TNC), en colaboraci\u00f3n estrat\u00e9gica con la Fundaci\u00f3n Grupo Puntacana y la Fundaci\u00f3n Dominicana de Estudios Marinos (Fundemar), present\u00f3 el programa CoralCarib, una iniciativa regional que busca restaurar y conservar los arrecifes [&hellip;]<\/p>\n","protected":false},"author":28,"featured_media":480998,"comment_status":"closed","ping_status":"","sticky":true,"template":"","format":"standard","meta":{"footnotes":""},"categories":[36,27,32],"tags":[],"class_list":["post-480997","post","type-post","status-publish","format-standard","has-post-thumbnail","hentry","category-hombresmujeresycosas","category-portada","category-turismo"],"_links":{"self":[{"href":"https:\/\/diariodominicano.com\/index.php?rest_route=\/wp\/v2\/posts\/480997","targetHints":{"allow":["GET"]}}],"collection":[{"href":"https:\/\/diariodominicano.com\/index.php?rest_route=\/wp\/v2\/posts"}],"about":[{"href":"https:\/\/diariodominicano.com\/index.php?rest_route=\/wp\/v2\/types\/post"}],"author":[{"embeddable":true,"href":"https:\/\/diariodominicano.com\/index.php?rest_route=\/wp\/v2\/users\/28"}],"replies":[{"embeddable":true,"href":"https:\/\/diariodominicano.com\/index.php?rest_route=%2Fwp%2Fv2%2Fcomments&post=480997"}],"version-history":[{"count":4,"href":"https:\/\/diariodominicano.com\/index.php?rest_route=\/wp\/v2\/posts\/480997\/revisions"}],"predecessor-version":[{"id":481005,"href":"https:\/\/diariodominicano.com\/index.php?rest_route=\/wp\/v2\/posts\/480997\/revisions\/481005"}],"wp:featuredmedia":[{"embeddable":true,"href":"https:\/\/diariodominicano.com\/index.php?rest_route=\/wp\/v2\/media\/480998"}],"wp:attachment":[{"href":"https:\/\/diariodominicano.com\/index.php?rest_route=%2Fwp%2Fv2%2Fmedia&parent=480997"}],"wp:term":[{"taxonomy":"category","embeddable":true,"href":"https:\/\/diariodominicano.com\/index.php?rest_route=%2Fwp%2Fv2%2Fcategories&post=480997"},{"taxonomy":"post_tag","embeddable":true,"href":"https:\/\/diariodominicano.com\/index.php?rest_route=%2Fwp%2Fv2%2Ftags&post=480997"}],"curies":[{"name":"wp","href":"https:\/\/api.w.org\/{rel}","templated":true}]}}