{"id":480913,"date":"2023-10-17T23:47:07","date_gmt":"2023-10-18T03:47:07","guid":{"rendered":"http:\/\/diariodominicano.com\/?p=480913"},"modified":"2023-10-17T23:53:20","modified_gmt":"2023-10-18T03:53:20","slug":"julio-valdez-gran-premio-de-la-xxx-bienal-nacional-de-artes-visuales","status":"publish","type":"post","link":"https:\/\/diariodominicano.com\/?p=480913","title":{"rendered":"Julio Valdez: Gran Premio de la XXX Bienal Nacional de Artes Visuales"},"content":{"rendered":"\n<p> \u201cRetrato de pand\u00e9micos (Pol\u00edptico \u2013 15)\u201d, de Julio Valdez, Gran Ganador de la XXX Bienal Nacional de Artes Visuales 2023. <\/p>\n\n\n\n<p>Se trata de intervenci\u00f3n que ofrece los rostros de 15 dominicanos fallecidos por la pandemia, Covid, con la cual el artista ofrece una muestra de fina terminaci\u00f3n de formas emotivas y preciso uso del tono visual<\/p>\n\n\n\n<figure class=\"wp-block-image size-full\"><img loading=\"lazy\" decoding=\"async\" width=\"954\" height=\"636\" src=\"https:\/\/diariodominicano.com\/wp-content\/uploads\/2023\/10\/Julio-Valdez-Gran-Ganador-XXX-Bienal-2023.jpg\" alt=\"\" class=\"wp-image-480917\" srcset=\"https:\/\/diariodominicano.com\/wp-content\/uploads\/2023\/10\/Julio-Valdez-Gran-Ganador-XXX-Bienal-2023.jpg 954w, https:\/\/diariodominicano.com\/wp-content\/uploads\/2023\/10\/Julio-Valdez-Gran-Ganador-XXX-Bienal-2023-300x200.jpg 300w, https:\/\/diariodominicano.com\/wp-content\/uploads\/2023\/10\/Julio-Valdez-Gran-Ganador-XXX-Bienal-2023-768x512.jpg 768w, https:\/\/diariodominicano.com\/wp-content\/uploads\/2023\/10\/Julio-Valdez-Gran-Ganador-XXX-Bienal-2023-816x544.jpg 816w\" sizes=\"auto, (max-width: 954px) 100vw, 954px\" \/><figcaption> El maestro dominicano, residente en Estados Unidos, Julio Valdez. FOTO SUMINISTRADA <\/figcaption><\/figure>\n\n\n\n<p>Jos\u00e9 Rafael Sosa<\/p>\n\n\n\n<p>El Gran Jurado de la Bienal, integrado por los jurados de Premiaci\u00f3n y de Selecci\u00f3n, otorg\u00f3 el Gran Premio al dibujo \u201cRetrato de pand\u00e9micos (Pol\u00edptico \u2013 15)\u201d, de Julio Valdez, dotado con un mill\u00f3n de pesos, en una emotiva obra que re\u00fane rostros de quince dominicanos que perdieron la vida por la pandemia COVID.<\/p>\n\n\n\n<figure class=\"wp-block-image size-full\"><img loading=\"lazy\" decoding=\"async\" width=\"768\" height=\"512\" src=\"https:\/\/diariodominicano.com\/wp-content\/uploads\/2023\/10\/Myrna-Guerrero-presidenta-Jurado-da-a-conocer-veredicto-Bienal-de-artes-Visuales-2023.webp\" alt=\"\" class=\"wp-image-480919\" srcset=\"https:\/\/diariodominicano.com\/wp-content\/uploads\/2023\/10\/Myrna-Guerrero-presidenta-Jurado-da-a-conocer-veredicto-Bienal-de-artes-Visuales-2023.webp 768w, https:\/\/diariodominicano.com\/wp-content\/uploads\/2023\/10\/Myrna-Guerrero-presidenta-Jurado-da-a-conocer-veredicto-Bienal-de-artes-Visuales-2023-300x200.webp 300w\" sizes=\"auto, (max-width: 768px) 100vw, 768px\" \/><figcaption>Myrna Guerrero de Villalona <\/figcaption><\/figure>\n\n\n\n<p>El anuncio de los premios fue realizado por la cr\u00edtica de arte, y directora del Museo Bellapart, Myrna Guerrero Villalona, quien ley\u00f3 el veredicto del Jurado de Premiaci\u00f3n.<\/p>\n\n\n\n<p>Se trata de una obra singular: una intervenci\u00f3n est\u00e9tica que ofrece los rostros de 15 dominicanos que se fueron a la eternidad por la pandemia Covid, creada el maestro dominicano Julio Valdez, residente en EU y en la que ofrece una muestra de fina terminaci\u00f3n de formas y densidades.<\/p>\n\n\n\n<p>Entre los modelos plasmados est\u00e1n la creativa modista Jenny Polanco, el escrito Ren\u00e9 Rodr\u00edguez Soriano, el cantautor V\u00edctor V\u00edctor, Jos\u00e9 Ignacio Morales (El Art\u00edstico), entre otros.<\/p>\n\n\n\n<p>El discreto tono azulado y gris de la pieza lo logra a prop\u00f3sito del sentido luctuoso del tema y lo plasma a pesar de ser un maestro colorista con dominio crom\u00e1tico como evidencio en su exposici\u00f3n Las formas del agua.<\/p>\n\n\n\n<p>El maestro ha explicado <em>\u00abEn el \u00faltimo a\u00f1o mi obra ha explorado el impacto psicol\u00f3gico y emocional de la pandemia del Covid-19 y los abusos de la polic\u00eda contra los ciudadanos de color, con las series <\/em><em>Pandemic Portraits y I Can\u2019t Breathe\u00bb,<\/em> expresa.<\/p>\n\n\n\n<p>El anuncio del Gran Premio fue hecho por el Ministerio de Cultura, dio a conocer las obras ganadoras de la XXX Bienal Nacional de Artes Visuales (BNAV), realizada en el auditorio del Museo de Arte Moderno (MAM), tras el cual, como ya es costumbre, iniciaron los comentarios de los \u201cjurados alternativos opinadores\u201d que favorecen o reconocen el valor del premio, como siempre ocurre. Cada quien, en materia de arte, tiene su veredicto aparte.<\/p>\n\n\n\n<p>Normalmente, cada artista que presenta su obra a la bienal, considera que debe ser el ganador o ganadora, como es incluso leg\u00edtimo el derecho a la esperanza.<\/p>\n\n\n\n<p>Fue para el jurado y el Gran Jurado, una labor de inmersi\u00f3n enorme para examinar las 148 obras fueron escogidas por el jurado seleccionador, de entre las 718 que fueron registradas por los 388 artistas que respondieron a la convocatoria.<\/p>\n\n\n\n<p>Junto al Gran Premio, Jurado de Premiaci\u00f3n concedi\u00f3 nueve premios igualitarios a las pinturas, con 300 mil pesos de dote cada uno:<\/p>\n\n\n\n<p>\u201cJard\u00edn urbano II\u201d, pintura de Susan M\u00e9zquita.<\/p>\n\n\n\n<p>\u00abEl rancho de Tula\u201d, pintura de Yuly Monci\u00f3n.<\/p>\n\n\n\n<p>\u201c\u00cdconos de una l\u00e1grima y un coraz\u00f3n\u201d, instalaci\u00f3n de Yolanda Naranjo. \u201cEl dije (historias entrelazadas)\u201d, instalaci\u00f3n de Am\u00e9rica Olivo.<\/p>\n\n\n\n<p>\u201cLa isla\u201d, instalaci\u00f3n de Luis Alberto Checo Mu\u00f1oz.<\/p>\n\n\n\n<p>\u201cCapilla del encuentro\u201d, obra del colectivo conformado por Carlos Oliva, Ignacio Alc\u00e1ntara y Raymundo Mart\u00ednez.<\/p>\n\n\n\n<p>\u201cAndromorfia\u201d, obra de Domingo Abreu (Ico).<\/p>\n\n\n\n<p>\u201cTecho a dos aguas\u201d, obra de Marcos Lora Reid.<\/p>\n\n\n\n<p>\u201cLa \u00faltima cena\u201d, cer\u00e1mica creada por Enrique Royo.<\/p>\n\n\n\n<p>Adem\u00e1s, el Jurado de Premiaci\u00f3n otorg\u00f3 menciones de honor a:<\/p>\n\n\n\n<p>\u201cMerengue yerto, desde el sur\u201d, pintura de Rosalba Hern\u00e1ndez. \u201cEterno interludio\u201d, fotograf\u00eda de Fued Yamil Koussa M\u00e9ndez. \u201cAtravesando la nebulosa del tiempo y la memoria\u201d, instalaci\u00f3n de Ezequiel Taveras. \u201cLa bolita\u201d, instalaci\u00f3n de Loraine Franco.<\/p>\n\n\n\n<p>Los dem\u00e1s miembros del Gran Jurado son el destacado fot\u00f3grafo y gestor visual, Carlos Acero Ruiz, y \u00c1ngela Garc\u00eda, artista estadounidense, quienes seleccionaron las nueve obras ganadoras.<\/p>\n\n\n\n<p>Artistas y amantes de las artes visuales asistieron al auditorio del Museo de Arte Moderno al acto para conocer los resultados del proceso de valoraci\u00f3n de las obras que se exponen desde el pasado 26 de agosto.<\/p>\n\n\n\n<p>La ministra de Cultura, Milagros Germ\u00e1n, felicit\u00f3 a los artistas y reconoci\u00f3 la dedicada labor del jurado en este proceso de evaluaci\u00f3n, demostrando su compromiso con el est\u00edmulo, proyecci\u00f3n y desarrollo de las artes visuales de la Rep\u00fablica Dominicana.<\/p>\n\n\n\n<p>Germ\u00e1n expres\u00f3 su reconocimiento a los amantes de las artes en el pa\u00eds y a la prensa por el apoyo contin\u00fao brindado a la XXX Bienal. Dijo que esa reacci\u00f3n se ha manifestado no solo a trav\u00e9s de las visitas a la exposici\u00f3n hasta la fecha, sino tambi\u00e9n en las muestras de satisfacci\u00f3n y las valoraciones positivas.<\/p>\n\n\n\n<p>Agradeci\u00f3 el respaldo al evento por parte del vice ministerio de Creatividad y Formaci\u00f3n Art\u00edstica, Giovanny Cruz, el Museo de Arte Moderno, que dirige Federico Fondeur, y del valioso aporte y esfuerzo de cada uno de los miembros de la Comisi\u00f3n Organizadora.<\/p>\n\n\n\n<p>La ministra de Cultura invit\u00f3 a la poblaci\u00f3n a seguir disfrutando de este evento, el m\u00e1s importante de las artes visuales dominicanas.<\/p>\n\n\n\n<p>El evento est\u00e1 dedicado en esta ocasi\u00f3n al maestro Jorge Pineda (EPD), en homenaje al cual tambi\u00e9n se puede visitar en el MAM la muestra <em>\u201cNuevas anatom\u00edas\u201d,<\/em> que incluye dibujos, pinturas e instalaciones que fueron realizados por el reconocido artista entre 1990 y 2015.<\/p>\n\n\n\n<p>Igualmente, record\u00f3 que la XXX Bienal de Artes Visuales permanecer\u00e1 abierta hasta el pr\u00f3ximo 15 de diciembre, cuando ser\u00e1 entregado, por primera vez, un certificado a cada obra participante, y los premios en met\u00e1lico a los ganadores.<\/p>\n\n\n\n<p>El Gran Ganador<\/p>\n\n\n\n<p>El maestro Julio Valdez naci\u00f3 en Santo Domingo, en 1969. Actualmente, vive y trabaja en la ciudad de Nueva York, desde 1993. Se apoya en medios acr\u00edlicos y al \u00f3leo y es un maestro grabador e instalador, adem\u00e1s de ser docente y mentor de artistas emergentes.<\/p>\n\n\n\n<p>El portal www.artisticord.com (https:\/\/www.artisticord.com\/2023\/01\/julio-valdez.html) y a la firma de la cr\u00edtica Federica Palermo, sostiene que, <em>\u2018para comprender la obra de Julio Valdez, se podr\u00eda intentar ubicarla en el contexto de los grandes relatos latinoamericanos del siglo XX. Sostiene que \u201cesas lecturas codificadas que revelan, a la vez, armon\u00eda y disonancia, paralelismo y divergencia<\/em>. &nbsp;Y agrega: <em>\u201cEntonces se hace posible ver el evocador discurso de Valdez, inmerso tanto en el mundo caribe\u00f1o-latinoamericano como en la est\u00e9tica contempor\u00e1nea\u201d.<\/em><\/p>\n\n\n\n<p>En 1988, se gradu\u00f3 de la Escuela de Dise\u00f1o Altos de Ch\u00e1v\u00f3n, afiliada a la Escuela de Dise\u00f1o Parsons en la Rep\u00fablica Dominicana. Recibi\u00f3 una beca del Robert Blackbum Printmaking Workshop en 1994 y fund\u00f3 Julio Valdez Studio, que se especializa en procesos de grabado contempor\u00e1neo no t\u00f3xico.<\/p>\n\n\n\n<p>Sobre su exposici\u00f3n Pinturas del agua, el maestro sostiene: <em>Mis pinturas exploran este paisaje oce\u00e1nico que es a la vez ilusorio y on\u00edrico. He estado examinando im\u00e1genes de agua m\u00e1s all\u00e1 de sus caracter\u00edsticas f\u00edsicas, como met\u00e1fora de la conciencia y el proceso creativo. Mi trabajo reciente refleja mi inter\u00e9s en crear una incertidumbre espacial, un sentido del tiempo a\u00fan no definido<\/em>\u201d.<\/p>\n\n\n\n<p>Comisi\u00f3n Organizadora<\/p>\n\n\n\n<p>De la bienal estuvo integrada por Giovanny Cruz, presidente; Gamal Michel\u00e9n, asesor, y Federico Fondeur, coordinador y director del Museo de Arte Moderno (MAM).<\/p>\n\n\n\n<p>Los miembros son: Marianne de Tolentino, Ana Angel\u00e1n Fern\u00e1ndez, Jos\u00e9 Sejo, Guadalupe Casasnovas, Juan Julio Bodden Leoux, Plinio Chah\u00edn, Salvador Berg\u00e9s y Mar\u00eda Amalia Le\u00f3n.<\/p>\n\n\n\n<p>Jose Rafael Paula Sosa<a target=\"_blank\" href=\"mailto:joserafael.sosa@gmail.com\" rel=\"noreferrer noopener\">joserafael.sosa@gmail.com<\/a><\/p>\n","protected":false},"excerpt":{"rendered":"<p>\u201cRetrato de pand\u00e9micos (Pol\u00edptico \u2013 15)\u201d, de Julio Valdez, Gran Ganador de la XXX Bienal Nacional de Artes Visuales 2023. Se trata de intervenci\u00f3n que ofrece los rostros de 15 dominicanos fallecidos por la pandemia, Covid, con la cual el artista ofrece una muestra de fina terminaci\u00f3n de formas emotivas y preciso uso del tono [&hellip;]<\/p>\n","protected":false},"author":28,"featured_media":480914,"comment_status":"closed","ping_status":"","sticky":true,"template":"","format":"standard","meta":{"footnotes":""},"categories":[21,36,27,32],"tags":[],"class_list":["post-480913","post","type-post","status-publish","format-standard","has-post-thumbnail","hentry","category-cultura","category-hombresmujeresycosas","category-portada","category-turismo"],"_links":{"self":[{"href":"https:\/\/diariodominicano.com\/index.php?rest_route=\/wp\/v2\/posts\/480913","targetHints":{"allow":["GET"]}}],"collection":[{"href":"https:\/\/diariodominicano.com\/index.php?rest_route=\/wp\/v2\/posts"}],"about":[{"href":"https:\/\/diariodominicano.com\/index.php?rest_route=\/wp\/v2\/types\/post"}],"author":[{"embeddable":true,"href":"https:\/\/diariodominicano.com\/index.php?rest_route=\/wp\/v2\/users\/28"}],"replies":[{"embeddable":true,"href":"https:\/\/diariodominicano.com\/index.php?rest_route=%2Fwp%2Fv2%2Fcomments&post=480913"}],"version-history":[{"count":5,"href":"https:\/\/diariodominicano.com\/index.php?rest_route=\/wp\/v2\/posts\/480913\/revisions"}],"predecessor-version":[{"id":480921,"href":"https:\/\/diariodominicano.com\/index.php?rest_route=\/wp\/v2\/posts\/480913\/revisions\/480921"}],"wp:featuredmedia":[{"embeddable":true,"href":"https:\/\/diariodominicano.com\/index.php?rest_route=\/wp\/v2\/media\/480914"}],"wp:attachment":[{"href":"https:\/\/diariodominicano.com\/index.php?rest_route=%2Fwp%2Fv2%2Fmedia&parent=480913"}],"wp:term":[{"taxonomy":"category","embeddable":true,"href":"https:\/\/diariodominicano.com\/index.php?rest_route=%2Fwp%2Fv2%2Fcategories&post=480913"},{"taxonomy":"post_tag","embeddable":true,"href":"https:\/\/diariodominicano.com\/index.php?rest_route=%2Fwp%2Fv2%2Ftags&post=480913"}],"curies":[{"name":"wp","href":"https:\/\/api.w.org\/{rel}","templated":true}]}}