{"id":480884,"date":"2023-10-17T23:19:11","date_gmt":"2023-10-18T03:19:11","guid":{"rendered":"http:\/\/diariodominicano.com\/?p=480884"},"modified":"2023-10-17T23:29:12","modified_gmt":"2023-10-18T03:29:12","slug":"con-gran-exito-concluye-la-participacion-dominicana-en-la-semana-de-la-hispanidad-2023","status":"publish","type":"post","link":"https:\/\/diariodominicano.com\/?p=480884","title":{"rendered":"Con gran \u00e9xito concluye la participaci\u00f3n dominicana en la Semana de la Hispanidad 2023"},"content":{"rendered":"\n<p>Sr. Miguel \u00c1ngel V\u00e1squez Pe\u00f1a, Sra. Marta Rivera de la Cruz, Sr. Mariano de Paco, Sra. Raquel Pe\u00f1a, Sr. Juan Bol\u00edvar D\u00edaz y Sr. Leonardo Marrero junto a la comparsa <em>A\u00f1oranzas de mi tierra<\/em>.<\/p>\n\n\n\n<figure class=\"wp-block-image size-large\"><img loading=\"lazy\" decoding=\"async\" width=\"768\" height=\"1024\" src=\"https:\/\/diariodominicano.com\/wp-content\/uploads\/2023\/10\/Concierto-de-Xiomara-Fortuna-1-768x1024.jpg\" alt=\"\" class=\"wp-image-480890\" srcset=\"https:\/\/diariodominicano.com\/wp-content\/uploads\/2023\/10\/Concierto-de-Xiomara-Fortuna-1-768x1024.jpg 768w, https:\/\/diariodominicano.com\/wp-content\/uploads\/2023\/10\/Concierto-de-Xiomara-Fortuna-1-225x300.jpg 225w, https:\/\/diariodominicano.com\/wp-content\/uploads\/2023\/10\/Concierto-de-Xiomara-Fortuna-1-1152x1536.jpg 1152w, https:\/\/diariodominicano.com\/wp-content\/uploads\/2023\/10\/Concierto-de-Xiomara-Fortuna-1-816x1088.jpg 816w, https:\/\/diariodominicano.com\/wp-content\/uploads\/2023\/10\/Concierto-de-Xiomara-Fortuna-1.jpg 1536w\" sizes=\"auto, (max-width: 768px) 100vw, 768px\" \/><figcaption> Concierto de Xiomara Fortuna. <\/figcaption><\/figure>\n\n\n\n<p><strong>Veinte actividades present\u00f3 la Rep\u00fablica Dominicana durante toda una semana cargada de arte y cultura iberoamericana<\/strong><\/p>\n\n\n\n<p>El pasado s\u00e1bado 14 de octubre concluy\u00f3 la participaci\u00f3n de la Rep\u00fablica Dominicana en la Semana de la Hispanidad 2023, con los conciertos de los artistas dominicanos Xiomara Fortuna y Riccie Oriach, con un p\u00fablico que disfrut\u00f3 y bail\u00f3 las letras y ritmos caribe\u00f1os.<\/p>\n\n\n\n<p>Esta tercera edici\u00f3n del Festival organizado por la Comunidad de Madrid, fue dedicada a la Rep\u00fablica Dominicana, en la cual durante una semana presentamos lo mejor de nuestra m\u00fasica, teatro, cine, literatura, artes pl\u00e1sticas, danza y gastronom\u00eda.<\/p>\n\n\n\n<p>La agenda inici\u00f3 el martes 3 de octubre con la exposici\u00f3n&nbsp;<strong>\u201cReflejos del Caribe: Arte Dominicano en Madrid\u201d<\/strong>&nbsp;de los artistas&nbsp;Jeannette Alfau, Lu\u00eds N\u00fa\u00f1ez, Dahianna Blanco, Manolo Romero, Ta\u00edna Almod\u00f3var, Aronis Ramos, Waner Noboa, Erickdony Turb\u00ed y Carlos Segura. La misma fue llevada a cabo en la Fundaci\u00f3n AN-A, Madrid.<\/p>\n\n\n\n<figure class=\"wp-block-image size-large\"><img loading=\"lazy\" decoding=\"async\" width=\"1024\" height=\"683\" src=\"https:\/\/diariodominicano.com\/wp-content\/uploads\/2023\/10\/Visita-de-la-Vicepresidenta-Raquel-Pena-a-la-exposicion-_Reflejos-del-Caribe_-acompanada-del-embajador-Juan-Bolivar-Diaz-y-el-Consul-Miguel-Angel-Vasquez-Pena-1024x683.jpg\" alt=\"\" class=\"wp-image-480895\" srcset=\"https:\/\/diariodominicano.com\/wp-content\/uploads\/2023\/10\/Visita-de-la-Vicepresidenta-Raquel-Pena-a-la-exposicion-_Reflejos-del-Caribe_-acompanada-del-embajador-Juan-Bolivar-Diaz-y-el-Consul-Miguel-Angel-Vasquez-Pena-1024x683.jpg 1024w, https:\/\/diariodominicano.com\/wp-content\/uploads\/2023\/10\/Visita-de-la-Vicepresidenta-Raquel-Pena-a-la-exposicion-_Reflejos-del-Caribe_-acompanada-del-embajador-Juan-Bolivar-Diaz-y-el-Consul-Miguel-Angel-Vasquez-Pena-300x200.jpg 300w, https:\/\/diariodominicano.com\/wp-content\/uploads\/2023\/10\/Visita-de-la-Vicepresidenta-Raquel-Pena-a-la-exposicion-_Reflejos-del-Caribe_-acompanada-del-embajador-Juan-Bolivar-Diaz-y-el-Consul-Miguel-Angel-Vasquez-Pena-768x512.jpg 768w, https:\/\/diariodominicano.com\/wp-content\/uploads\/2023\/10\/Visita-de-la-Vicepresidenta-Raquel-Pena-a-la-exposicion-_Reflejos-del-Caribe_-acompanada-del-embajador-Juan-Bolivar-Diaz-y-el-Consul-Miguel-Angel-Vasquez-Pena-1536x1024.jpg 1536w, https:\/\/diariodominicano.com\/wp-content\/uploads\/2023\/10\/Visita-de-la-Vicepresidenta-Raquel-Pena-a-la-exposicion-_Reflejos-del-Caribe_-acompanada-del-embajador-Juan-Bolivar-Diaz-y-el-Consul-Miguel-Angel-Vasquez-Pena-2048x1365.jpg 2048w, https:\/\/diariodominicano.com\/wp-content\/uploads\/2023\/10\/Visita-de-la-Vicepresidenta-Raquel-Pena-a-la-exposicion-_Reflejos-del-Caribe_-acompanada-del-embajador-Juan-Bolivar-Diaz-y-el-Consul-Miguel-Angel-Vasquez-Pena-816x544.jpg 816w\" sizes=\"auto, (max-width: 1024px) 100vw, 1024px\" \/><figcaption>En primer plano la vicepresidenta Raquel Pe\u00f1a y el embajador Juan Bol\u00edvar D\u00edaz.<\/figcaption><\/figure>\n\n\n\n<p>La vicepresidenta de la Rep\u00fablica Dominicana, Sra. Raquel Pe\u00f1a, en su viaje oficial a la India, hizo escala en Madrid para asistir a las actividades de la Semana de la Hispanidad y el s\u00e1bado 7 de octubre visit\u00f3 la exposici\u00f3n donde salud\u00f3 a los artistas, quienes les esperaban para comentarle sus obras.<\/p>\n\n\n\n<p>A las 12 horas del s\u00e1bado y con la presencia de la Vicepresidenta y el embajador Juan Bol\u00edvar D\u00edaz, se realiz\u00f3 la demostraci\u00f3n gastron\u00f3mica a cargo del&nbsp;<strong>chef dominicano Omar Mart\u00edn<\/strong>, junto a la chef espa\u00f1ola Pepa Mu\u00f1oz. El chef Mart\u00edn deleit\u00f3 a los asistentes con la preparaci\u00f3n del famoso desayuno dominicano \u201cLos tres golpes\u201d versi\u00f3n gourmet. El acto fue presidido por el Sr. Mariano de Paco, Consejero de Cultura, Turismo y Deporte de la Comunidad de Madrid.<\/p>\n\n\n\n<p>A las 19 horas la Vicepresidenta asisti\u00f3 junto al embajador Juan Bol\u00edvar D\u00edaz a la&nbsp;<strong>Cabalgata de la Hispanidad<\/strong>&nbsp;la cual cont\u00f3 con&nbsp;la comparsa \u201c<strong><em>A\u00f1oranzas de mi tierra\u201d<\/em><\/strong>&nbsp;representada por el Ballet Dominicano en Europa y la Fundaci\u00f3n Activando Cultura. M\u00e1s de 60 artistas dominicanos desfilaron cargados de elementos caracter\u00edsticos de la isla del merengue y la bachata; trajes t\u00edpicos, diferentes personajes del carnaval, m\u00fasica y danza. La cabalgata recorri\u00f3 las calles de Bravo Murillo y Fuencarral.<\/p>\n\n\n\n<p>A las 19 horas tambi\u00e9n se present\u00f3 la obra de teatro&nbsp;<strong>\u201cEvangelina\u201d<\/strong>&nbsp;de la dramaturga Chiqui Vicioso, con la direcci\u00f3n de Ruth Alfonsina Emeterio y C\u00e1ndido Abad y las actuaciones de Ruth Alfonsina Emeterio y Santiago Alonzo. La presentaci\u00f3n se llev\u00f3 a cabo en el Real Coliseo Carlos III de San Lorenzo de El Escorial.<\/p>\n\n\n\n<p>En la tarde y noche del lunes 9 de octubre se realiz\u00f3 en Cine Paz un marat\u00f3n de cine dominicano con las proyecciones de<strong><\/strong><strong>\u201cDi\u00e1spora\u201d<\/strong>&nbsp;de H\u00e9ctor Manuel Valdez,&nbsp;<strong>\u201cMiriam miente\u201d<\/strong>&nbsp;de Natalia Cabral y Oriol Estrada,&nbsp;<strong>\u201cBant\u00fa mama\u201d<\/strong>&nbsp;de Iv\u00e1n Herrera y&nbsp;<strong>\u201cMalpaso\u201d&nbsp;<\/strong>de H\u00e9ctor Manuel Valdez.&nbsp;<\/p>\n\n\n\n<p>A las 19 horas del mismo d\u00eda se realiz\u00f3 el encuentro&nbsp;<strong>\u201cLa mujer en la literatura dominicana\u201d&nbsp;<\/strong>con&nbsp;las escritoras dominicanas Marielys Duluc y Rosa Silverio en la librer\u00eda Antonio Machado de Las Salesas. El encuentro fue moderado por la intelectual espa\u00f1ola Pilar Eusamio.<\/p>\n\n\n\n<p>El martes 10 de octubre se present\u00f3 a las 20 h. la obra de teatro&nbsp;<strong>\u201cSin zapatos no hay para\u00edso\u201d<\/strong>&nbsp;en el Centro Cultural Paco Rabal, bajo la&nbsp;direcci\u00f3n de Pepe Sierra y con las actuaciones de Vicente Santos y Richarson D\u00edaz.<\/p>\n\n\n\n<p>A las 19 horas del mismo d\u00eda se realiz\u00f3 el encuentro literario<strong>&nbsp;\u201cLa nueva literatura dominicana en Espa\u00f1a\u201d<\/strong>&nbsp;con&nbsp;los escritores dominicanos Daniel Tejada y Virginia Read Escobal en la librer\u00eda Antonio Machado del C\u00edrculo de Bellas Artes. El encuentro tambi\u00e9n fue moderado por Pilar Eusamio.<\/p>\n\n\n\n<p><br>El mi\u00e9rcoles 11 de octubre se present\u00f3 por segunda vez la obra de Teatro<strong>&nbsp;\u201cEvangelina\u201d&nbsp;<\/strong>en la Sala Negra de Teatros del Canal. Luego de la funci\u00f3n el embajador Juan Bol\u00edvar D\u00edaz ofreci\u00f3 en su residencia una recepci\u00f3n para todos los artistas dominicanos que participaron en la Semana de la Hispanidad 2023, lideres de la comunidad dominicana en Madrid, todo el personal de la Embajada y representantes del consulado local. En el encuentro el Embajador agradeci\u00f3 la disposici\u00f3n de los artistas en representar dignamente a su pa\u00eds en tierras extranjeras y reiter\u00f3 su apoyo a la difusi\u00f3n del arte y la cultura en Espa\u00f1a.&nbsp;<\/p>\n\n\n\n<p>A las 20 horas del jueves 12 de octubre se present\u00f3 ante un nutrido p\u00fablico la obra de teatro<strong>&nbsp;\u201cLa abuela del escorpi\u00f3n\u201d&nbsp;<\/strong>en el Centro Cultural Paco Rabal. La obra est\u00e1 basada en la novela&nbsp;<strong>\u201cLa cuna del escorpi\u00f3n\u201d<\/strong>&nbsp;de Priscilla Vel\u00e1zquez Rivera. La dramaturgia y direcci\u00f3n est\u00e1n a cargo de Manuel Chapuseaux, la actuaci\u00f3n es de Clara Morel y la regidur\u00eda y producci\u00f3n de Canek Denis.<\/p>\n\n\n\n<p>A las 21 horas en la Plaza de la Remonta del distrito de Tetu\u00e1n, en un evento sin precedentes, se present\u00f3 el concierto del cantautor dominicano&nbsp;<strong>Vicente Garc\u00eda<\/strong>&nbsp;ante un p\u00fablico estimado de 5,000 personas, el cual colm\u00f3 toda la plaza.<\/p>\n\n\n\n<p>En Sevilla se present\u00f3 a las 18.30 horas el&nbsp;<strong>Grupo Bony\u00e9<\/strong>&nbsp;en la Plaza de San Francisco. La capital de Andaluc\u00eda se visti\u00f3 de merengue, son y bachata disfrutando de este emblem\u00e1tico grupo dominicano, el cual puso a bailar a m\u00e1s de 1,000 personas.<\/p>\n\n\n\n<figure class=\"wp-block-image size-large\"><img loading=\"lazy\" decoding=\"async\" width=\"1024\" height=\"683\" src=\"https:\/\/diariodominicano.com\/wp-content\/uploads\/2023\/10\/Concierto-del-Grupo-Bonye-en-Sevilla-1024x683.jpg\" alt=\"\" class=\"wp-image-480893\" srcset=\"https:\/\/diariodominicano.com\/wp-content\/uploads\/2023\/10\/Concierto-del-Grupo-Bonye-en-Sevilla-1024x683.jpg 1024w, https:\/\/diariodominicano.com\/wp-content\/uploads\/2023\/10\/Concierto-del-Grupo-Bonye-en-Sevilla-300x200.jpg 300w, https:\/\/diariodominicano.com\/wp-content\/uploads\/2023\/10\/Concierto-del-Grupo-Bonye-en-Sevilla-768x512.jpg 768w, https:\/\/diariodominicano.com\/wp-content\/uploads\/2023\/10\/Concierto-del-Grupo-Bonye-en-Sevilla-1536x1025.jpg 1536w, https:\/\/diariodominicano.com\/wp-content\/uploads\/2023\/10\/Concierto-del-Grupo-Bonye-en-Sevilla-2048x1366.jpg 2048w, https:\/\/diariodominicano.com\/wp-content\/uploads\/2023\/10\/Concierto-del-Grupo-Bonye-en-Sevilla-816x544.jpg 816w\" sizes=\"auto, (max-width: 1024px) 100vw, 1024px\" \/><figcaption>Concierto del Grupo Bony\u00e9 en Sevilla<\/figcaption><\/figure>\n\n\n\n<p>Luego del \u00e9xito en Sevilla, el&nbsp;<strong>Grupo Bony\u00e9<\/strong>&nbsp;se present\u00f3 al d\u00eda siguiente en la Plaza de la Remonta del distrito de Tetu\u00e1n, poniendo a bailar a todo el p\u00fablico y realizando un acto en honor a la bandera, lo que conmovi\u00f3 y elev\u00f3 el sentimiento patri\u00f3tico de los dominicanos en Madrid.<\/p>\n\n\n\n<p>El s\u00e1bado 14 de octubre a las 13 h. se present\u00f3 el&nbsp;<strong>Ballet Dominicano en Europa&nbsp;<\/strong>con el espect\u00e1culo&nbsp;<strong>\u201cUn accionar de identidad desde el Caribe\u201d,&nbsp;<\/strong>un repaso a trav\u00e9s de la danza de los ritmos m\u00e1s aut\u00f3ctonos y modernos. El evento se llev\u00f3 a cabo en la Plaza de la Remonta, Tetu\u00e1n, Madrid.<\/p>\n\n\n\n<figure class=\"wp-block-image size-large\"><img loading=\"lazy\" decoding=\"async\" width=\"1024\" height=\"671\" src=\"https:\/\/diariodominicano.com\/wp-content\/uploads\/2023\/10\/Ballet-Dominicano-en-Europa-en-la-Cabalgata-de-la-Hispanidad-1024x671.jpeg\" alt=\"\" class=\"wp-image-480891\" srcset=\"https:\/\/diariodominicano.com\/wp-content\/uploads\/2023\/10\/Ballet-Dominicano-en-Europa-en-la-Cabalgata-de-la-Hispanidad-1024x671.jpeg 1024w, https:\/\/diariodominicano.com\/wp-content\/uploads\/2023\/10\/Ballet-Dominicano-en-Europa-en-la-Cabalgata-de-la-Hispanidad-300x197.jpeg 300w, https:\/\/diariodominicano.com\/wp-content\/uploads\/2023\/10\/Ballet-Dominicano-en-Europa-en-la-Cabalgata-de-la-Hispanidad-768x503.jpeg 768w, https:\/\/diariodominicano.com\/wp-content\/uploads\/2023\/10\/Ballet-Dominicano-en-Europa-en-la-Cabalgata-de-la-Hispanidad-816x535.jpeg 816w, https:\/\/diariodominicano.com\/wp-content\/uploads\/2023\/10\/Ballet-Dominicano-en-Europa-en-la-Cabalgata-de-la-Hispanidad.jpeg 1170w\" sizes=\"auto, (max-width: 1024px) 100vw, 1024px\" \/><figcaption>Ballet Dominicano en Europa en la Cabalgata de la Hispanidad<\/figcaption><\/figure>\n\n\n\n<p>A las 20 h. el&nbsp;<strong>Ballet Dominicano en Europa<\/strong>&nbsp;realiz\u00f3 en la Plaza de Espa\u00f1a un flashmob de bachata y merengue, donde puso al p\u00fablico madrile\u00f1o a bailar.<\/p>\n\n\n\n<p>La participaci\u00f3n dominicana en la Semana de la Hispanidad 2023 concluy\u00f3 con los conciertos de la reina de la fusi\u00f3n&nbsp;<strong>Xiomara Fortuna<\/strong>&nbsp;en la Sala Cristal de Teatros del Canal y el del cantautor&nbsp;<strong>Riccie Oriach<\/strong>&nbsp;en la Plaza de la Remonta. Ambos conciertos fueron a las 21 horas y tuvieron una gran acogida del p\u00fablico.<\/p>\n\n\n\n<p>Todas estas gestiones fueron posibles gracias a la colaboraci\u00f3n de la Presidencia de la Rep\u00fablica Dominicana, el Ministerio de Turismo y el Banco de Reservas. La Embajada de la Rep\u00fablica Dominicana ante el Reino de Espa\u00f1a contin\u00faa su compromiso de difundir el arte y la cultura dominicana y de integrar a la comunidad en todas actividades.<\/p>\n\n\n\n<p><strong>Madrid, Espa\u00f1a<\/strong><\/p>\n\n\n\n<p><strong>17 de octubre 2023<\/strong><\/p>\n\n\n\n<p><br>Samuel Esteban<br>Encargado de Asuntos Culturales, Comunicaci\u00f3n &amp; Prensa<br>&#8212;<\/p>\n\n\n\n<p><strong>Embajada de la Rep\u00fablica Dominicana<\/strong><\/p>\n\n\n\n<p>Paseo de la Castellana 30, 1D, 28046 Madrid<\/p>\n","protected":false},"excerpt":{"rendered":"<p>Sr. Miguel \u00c1ngel V\u00e1squez Pe\u00f1a, Sra. Marta Rivera de la Cruz, Sr. Mariano de Paco, Sra. Raquel Pe\u00f1a, Sr. Juan Bol\u00edvar D\u00edaz y Sr. Leonardo Marrero junto a la comparsa A\u00f1oranzas de mi tierra. Veinte actividades present\u00f3 la Rep\u00fablica Dominicana durante toda una semana cargada de arte y cultura iberoamericana El pasado s\u00e1bado 14 de [&hellip;]<\/p>\n","protected":false},"author":28,"featured_media":480889,"comment_status":"closed","ping_status":"","sticky":true,"template":"","format":"standard","meta":{"footnotes":""},"categories":[21,36,27,32],"tags":[],"class_list":["post-480884","post","type-post","status-publish","format-standard","has-post-thumbnail","hentry","category-cultura","category-hombresmujeresycosas","category-portada","category-turismo"],"_links":{"self":[{"href":"https:\/\/diariodominicano.com\/index.php?rest_route=\/wp\/v2\/posts\/480884","targetHints":{"allow":["GET"]}}],"collection":[{"href":"https:\/\/diariodominicano.com\/index.php?rest_route=\/wp\/v2\/posts"}],"about":[{"href":"https:\/\/diariodominicano.com\/index.php?rest_route=\/wp\/v2\/types\/post"}],"author":[{"embeddable":true,"href":"https:\/\/diariodominicano.com\/index.php?rest_route=\/wp\/v2\/users\/28"}],"replies":[{"embeddable":true,"href":"https:\/\/diariodominicano.com\/index.php?rest_route=%2Fwp%2Fv2%2Fcomments&post=480884"}],"version-history":[{"count":5,"href":"https:\/\/diariodominicano.com\/index.php?rest_route=\/wp\/v2\/posts\/480884\/revisions"}],"predecessor-version":[{"id":480896,"href":"https:\/\/diariodominicano.com\/index.php?rest_route=\/wp\/v2\/posts\/480884\/revisions\/480896"}],"wp:featuredmedia":[{"embeddable":true,"href":"https:\/\/diariodominicano.com\/index.php?rest_route=\/wp\/v2\/media\/480889"}],"wp:attachment":[{"href":"https:\/\/diariodominicano.com\/index.php?rest_route=%2Fwp%2Fv2%2Fmedia&parent=480884"}],"wp:term":[{"taxonomy":"category","embeddable":true,"href":"https:\/\/diariodominicano.com\/index.php?rest_route=%2Fwp%2Fv2%2Fcategories&post=480884"},{"taxonomy":"post_tag","embeddable":true,"href":"https:\/\/diariodominicano.com\/index.php?rest_route=%2Fwp%2Fv2%2Ftags&post=480884"}],"curies":[{"name":"wp","href":"https:\/\/api.w.org\/{rel}","templated":true}]}}