{"id":480878,"date":"2023-10-17T23:13:38","date_gmt":"2023-10-18T03:13:38","guid":{"rendered":"http:\/\/diariodominicano.com\/?p=480878"},"modified":"2023-10-17T23:14:33","modified_gmt":"2023-10-18T03:14:33","slug":"hoy-17-de-octubre-es-el-dia-mundial-del-dolor-alguien-lo-ha-sufrido","status":"publish","type":"post","link":"https:\/\/diariodominicano.com\/?p=480878","title":{"rendered":"\u00bfHoy, 17 de octubre es el d\u00eda Mundial del Dolor \u00bfAlguien lo ha sufrido?"},"content":{"rendered":"\n<p> El dolor es una realidad cl\u00ednica que afecta a millones de personas en todo el mundo, marcando negativamente, con sus impactos, la vida de los pacientes y sus familiares. FOTO: OMS <\/p>\n\n\n\n<figure class=\"wp-block-image size-full\"><img loading=\"lazy\" decoding=\"async\" width=\"1000\" height=\"669\" src=\"https:\/\/diariodominicano.com\/wp-content\/uploads\/2023\/10\/Onco-Plaza-recepcion-de-pacientes.jpg\" alt=\"\" class=\"wp-image-480881\" srcset=\"https:\/\/diariodominicano.com\/wp-content\/uploads\/2023\/10\/Onco-Plaza-recepcion-de-pacientes.jpg 1000w, https:\/\/diariodominicano.com\/wp-content\/uploads\/2023\/10\/Onco-Plaza-recepcion-de-pacientes-300x201.jpg 300w, https:\/\/diariodominicano.com\/wp-content\/uploads\/2023\/10\/Onco-Plaza-recepcion-de-pacientes-768x514.jpg 768w, https:\/\/diariodominicano.com\/wp-content\/uploads\/2023\/10\/Onco-Plaza-recepcion-de-pacientes-816x546.jpg 816w\" sizes=\"auto, (max-width: 1000px) 100vw, 1000px\" \/><\/figure>\n\n\n\n<p>&nbsp;\u201cNing\u00fan paciente, por ning\u00fan motivo, debe dejarse a expensas del dolor.\u201d dice la doctora Carmen Schulze, de Cl\u00ednica del Dolor Onco Plaza. Calcula la OMS, 50 millones de personas del todo el mundo necesita de cuidados paliativos<\/p>\n\n\n\n<p>Servicio de prensa<\/p>\n\n\n\n<p>En el &nbsp;planeta se conmemora este 17 de octubre, D\u00eda Mundial contra el dolor, una forma de poner atenci\u00f3n a una realidad cl\u00ednica que se expresa en la vida de millones de personas.<\/p>\n\n\n\n<p>Calcula OMS, 50 millones de personas del todo el mundo necesita de cuidados paliativos frente al dolor.<\/p>\n\n\n\n<p>El objetivo de la conmemoraci\u00f3n es mejorar la calidad de vida de las personas que lo padecen, diversas expresiones del dolor, en alg\u00fan momento de sus vidas.<\/p>\n\n\n\n<p>El dolor es universal y, lastimeramente, democr\u00e1tico, por lo que todo ser humano, tiene opci\u00f3n de pasar por sus pasillos desesperantes.<\/p>\n\n\n\n<p>El dolor, en cuanto realidad cl\u00ednica, es el m\u00e1s frecuente de lo que se suele imaginar. Esa una experiencia universal, que ha tocado a todos en alg\u00fan momento de la vida, todos los seres humanos hemos sido susceptibles de experimentar sus efectos<\/p>\n\n\n\n<p>El origen<\/p>\n\n\n\n<p>Esa fecha fue determinada tras una reuni\u00f3n en Ginebra (Suiza) en 2004 se reunieron en Ginebra (Suiza), convocada por la Asociaci\u00f3n Internacional para el Estudio del Dolor, la Federaci\u00f3n Europea del Dolor (y la Organizaci\u00f3n Mundial de la Salud (OMS) como coesponsor y establecieron la fecha 17 de octubre como el D\u00eda Mundial contra el Dolor.<\/p>\n\n\n\n<p>Este d\u00eda es un llamamiento sobre la necesidad de encontrar con urgencia alivio al sufrimiento que padecen las personas con enfermedades que son causantes de dolor.<\/p>\n\n\n\n<p>\u00bf Que es cuidado paliativo?<\/p>\n\n\n\n<p>Los especialistas en el dolor explican el concepto de Cuidados Paliativos y sus diversas formas de expresi\u00f3n en favor de los pacientes. La doctora Carmen Schulze, de la Cl\u00ednica del Dolor de Onco Plaza (Plaza de la Salud) es una especialista que ha dedicado muchos a\u00f1os al manejo del dolor y que tiene clara su perspectiva:<\/p>\n\n\n\n<p><em>\u201cNadie, ning\u00fan paciente, por ning\u00fan motivo, debe dejarse a expensas del dolor y todos merecen una asistencia para superar esa experiencia\u201d.<\/em><\/p>\n\n\n\n<p>Recuerda que Dolor paliativo es la especialidad que tratar a los pacientes con dolor causado por su enfermedad base y que requiere de un manejo integral e interdisciplinario.<\/p>\n\n\n\n<p>Tipos dolor<\/p>\n\n\n\n<p>Los manuales de OMS ofrecen abundante informaci\u00f3n al respecto:<br>Dolor agudo: Experiencia sensorial y emocional desagradable que resulta de un da\u00f1o actual o potencial.<\/p>\n\n\n\n<p>Es un dolor permanente o intermitente con menos de 90 d\u00edas de duraci\u00f3n.<\/p>\n\n\n\n<p>Dolor cr\u00f3nico: Es aquel dolor que tiene una evoluci\u00f3n de 90 d\u00edas o m\u00e1s, que se presenta de manera permanente o intermitente.<\/p>\n\n\n\n<p>Cuidado paliativo: Asistencia total, activa y continua que se le brinda al usuario y su familia, debido a una enfermedad terminal o cr\u00f3nica. Este servicio es prestado por un equipo interdisciplinario que realiza manejo integral con control de s\u00edntomas (No solo el dolor), apoyo espiritual y acompa\u00f1amiento de duelo tanto al usuario como a su familia.<\/p>\n\n\n\n<p>La Organizaci\u00f3n Mundial de la Salud (2018) sostiene que cuidado paliativo busca de mejorar la calidad de vida de los pacientes (viejos o ni\u00f1os) y sus familias, cuando est\u00e1n enfrentando situaciones de riesgo de vida.<\/p>\n\n\n\n<p>En otras palabras, es la prevenci\u00f3n y el alivio del sufrimiento a trav\u00e9s de la detecci\u00f3n temprana y correcta avaluaci\u00f3n, el tratamiento del dolor y otros problemas que pueden ser f\u00edsicos, psicol\u00f3gicos o espirituales.<\/p>\n\n\n\n<p>Los cuidados paliativos tambi\u00e9n se conocen como cuidados de apoyo, tratamiento de s\u00edntomas o tratamiento paliativo.<\/p>\n\n\n\n<p>Con frecuencia es parte de la atenci\u00f3n de enfermos terminales cuando el c\u00e1ncer ya no se trata debido a su empeoramiento.<\/p>\n\n\n\n<p>Independientemente de c\u00f3mo se les llame, los cuidados paliativos por mucho tiempo se han reconocido como parte importante de la atenci\u00f3n y el tratamiento del c\u00e1ncer.<\/p>\n\n\n\n<p>Algofobia y analgofilia representan dos criterios deben ser tomados en cuenta: algofobia, es el miedo, aversi\u00f3n, rechazo, intolerancia al dolor en cualquiera de sus formas y la analgofilia, apego al consumo de analg\u00e9sicos, la disposici\u00f3n a utilizarlos en cualquier clase de dolor o incluso con el fin de prevenir su aparici\u00f3n.<\/p>\n\n\n\n<p>(Fuente: http:\/\/www.scielo.edu.uy\/scielo.php?script=sci_arttext&amp;pid=S1688-04202016000100005)<\/p>\n\n\n\n<p>Jose Rafael Paula Sosa<a target=\"_blank\" href=\"mailto:joserafael.sosa@gmail.com\" rel=\"noreferrer noopener\">joserafael.sosa@gmail.com<\/a><\/p>\n","protected":false},"excerpt":{"rendered":"<p>El dolor es una realidad cl\u00ednica que afecta a millones de personas en todo el mundo, marcando negativamente, con sus impactos, la vida de los pacientes y sus familiares. FOTO: OMS &nbsp;\u201cNing\u00fan paciente, por ning\u00fan motivo, debe dejarse a expensas del dolor.\u201d dice la doctora Carmen Schulze, de Cl\u00ednica del Dolor Onco Plaza. Calcula la [&hellip;]<\/p>\n","protected":false},"author":28,"featured_media":480879,"comment_status":"closed","ping_status":"","sticky":true,"template":"","format":"standard","meta":{"footnotes":""},"categories":[36,25,27,32],"tags":[],"class_list":["post-480878","post","type-post","status-publish","format-standard","has-post-thumbnail","hentry","category-hombresmujeresycosas","category-gente","category-portada","category-turismo"],"_links":{"self":[{"href":"https:\/\/diariodominicano.com\/index.php?rest_route=\/wp\/v2\/posts\/480878","targetHints":{"allow":["GET"]}}],"collection":[{"href":"https:\/\/diariodominicano.com\/index.php?rest_route=\/wp\/v2\/posts"}],"about":[{"href":"https:\/\/diariodominicano.com\/index.php?rest_route=\/wp\/v2\/types\/post"}],"author":[{"embeddable":true,"href":"https:\/\/diariodominicano.com\/index.php?rest_route=\/wp\/v2\/users\/28"}],"replies":[{"embeddable":true,"href":"https:\/\/diariodominicano.com\/index.php?rest_route=%2Fwp%2Fv2%2Fcomments&post=480878"}],"version-history":[{"count":3,"href":"https:\/\/diariodominicano.com\/index.php?rest_route=\/wp\/v2\/posts\/480878\/revisions"}],"predecessor-version":[{"id":480883,"href":"https:\/\/diariodominicano.com\/index.php?rest_route=\/wp\/v2\/posts\/480878\/revisions\/480883"}],"wp:featuredmedia":[{"embeddable":true,"href":"https:\/\/diariodominicano.com\/index.php?rest_route=\/wp\/v2\/media\/480879"}],"wp:attachment":[{"href":"https:\/\/diariodominicano.com\/index.php?rest_route=%2Fwp%2Fv2%2Fmedia&parent=480878"}],"wp:term":[{"taxonomy":"category","embeddable":true,"href":"https:\/\/diariodominicano.com\/index.php?rest_route=%2Fwp%2Fv2%2Fcategories&post=480878"},{"taxonomy":"post_tag","embeddable":true,"href":"https:\/\/diariodominicano.com\/index.php?rest_route=%2Fwp%2Fv2%2Ftags&post=480878"}],"curies":[{"name":"wp","href":"https:\/\/api.w.org\/{rel}","templated":true}]}}