{"id":480714,"date":"2023-10-17T02:15:48","date_gmt":"2023-10-17T06:15:48","guid":{"rendered":"http:\/\/diariodominicano.com\/?p=480714"},"modified":"2023-10-17T02:15:56","modified_gmt":"2023-10-17T06:15:56","slug":"gaton-afirma-en-ny-que-en-la-isla-hispanola-se-inicio-la-modernidad","status":"publish","type":"post","link":"https:\/\/diariodominicano.com\/?p=480714","title":{"rendered":"Gat\u00f3n afirma en NY que en la Isla Hispa\u00f1ola se inici\u00f3 La Modernidad"},"content":{"rendered":"\n<p><strong>Video:&nbsp;<\/strong><a href=\"https:\/\/www.youtube.com\/watch?v=l84y4HlmR2w\" rel=\"noreferrer noopener\" target=\"_blank\">https:\/\/www.youtube.com\/watch?v=l84y4HlmR2w<\/a><\/p>\n\n\n\n<p><strong>Por Ram\u00f3n Mercedes<\/strong><\/p>\n\n\n\n<p><strong>NUEVA YORK.-<\/strong>&nbsp;Con la asistencia de alrededor de un centenar de dominicanos, entre profesionales, pol\u00edticos, empresarios, comunicatorios y ciudadanos comunes, el profesor Iv\u00e1n Gat\u00f3n ofreci\u00f3 el pasado fin de semana en el Alto Manhattan la conferencia \u00bbVisi\u00f3n Hist\u00f3rica Geopol\u00edtica de la RD\u00bb, destacando acontecimientos importantes que nacieron en la \u00bbIsla Espa\u00f1ola\u00ab.<\/p>\n\n\n\n<p>El valorado experto en pol\u00edtica internacional en la RD y Am\u00e9rica Latina indic\u00f3 que esos acontecimientos de la \u00e9poca permitieron que desde \u00abLa Isla\u00bb se iniciara un proceso geopol\u00edtico que se conoce como \u00bbLa Modernidad\u00ab.<\/p>\n\n\n\n<p>Los ciclos hegem\u00f3nicos de la geopol\u00edtica, esa modernidad del mundo antiguo, la edad media, moderna y contempor\u00e1nea, todo se inici\u00f3 ah\u00ed, todo lo que queramos buscar como primac\u00edas, desde el punto de vista del mensaje racial, de la primera poblaci\u00f3n europea y del primer guerrillero.<\/p>\n\n\n\n<p>Asimismo, del elemento m\u00e1s importante en el mundo, despu\u00e9s de los \u00faltimos 500 a\u00f1os, son los derechos humanos, todo eso se inici\u00f3 en esa Isla donde nosotros pertenecemos, reiter\u00f3 el catedr\u00e1tico universitario.<\/p>\n\n\n\n<p>Por su condici\u00f3n acad\u00e9mica y vasta experiencia en el \u00e1rea de la diplomacia, Gat\u00f3n es un profesor probado y reconocido en varios pa\u00edses por sus precisiones en los diferentes temas que ata\u00f1en a las naciones del mundo.<\/p>\n\n\n\n<p>Durante el evento, realizado en la Iglesia Prebysteriana Fort George, ubicada en el 1525 de la avenida Saint Nicholas con la calle 186, donde inici\u00f3 a las 3:00 de la tarde y se prolong\u00f3 m\u00e1s all\u00e1 de las tres horas programadas, los presentes hicieron m\u00faltiples preguntas, respondidas todas por Gat\u00f3n.<\/p>\n\n\n\n<p>Al final hubo una variada picadera acompa\u00f1ada de bebidas gaseosas.<\/p>\n","protected":false},"excerpt":{"rendered":"<p>Video:&nbsp;https:\/\/www.youtube.com\/watch?v=l84y4HlmR2w Por Ram\u00f3n Mercedes NUEVA YORK.-&nbsp;Con la asistencia de alrededor de un centenar de dominicanos, entre profesionales, pol\u00edticos, empresarios, comunicatorios y ciudadanos comunes, el profesor Iv\u00e1n Gat\u00f3n ofreci\u00f3 el pasado fin de semana en el Alto Manhattan la conferencia \u00bbVisi\u00f3n Hist\u00f3rica Geopol\u00edtica de la RD\u00bb, destacando acontecimientos importantes que nacieron en la \u00bbIsla Espa\u00f1ola\u00ab. El [&hellip;]<\/p>\n","protected":false},"author":28,"featured_media":480717,"comment_status":"closed","ping_status":"","sticky":false,"template":"","format":"standard","meta":{"footnotes":""},"categories":[21,36,26,23,32],"tags":[],"class_list":["post-480714","post","type-post","status-publish","format-standard","has-post-thumbnail","hentry","category-cultura","category-hombresmujeresycosas","category-efemerides","category-internacional","category-turismo"],"_links":{"self":[{"href":"https:\/\/diariodominicano.com\/index.php?rest_route=\/wp\/v2\/posts\/480714","targetHints":{"allow":["GET"]}}],"collection":[{"href":"https:\/\/diariodominicano.com\/index.php?rest_route=\/wp\/v2\/posts"}],"about":[{"href":"https:\/\/diariodominicano.com\/index.php?rest_route=\/wp\/v2\/types\/post"}],"author":[{"embeddable":true,"href":"https:\/\/diariodominicano.com\/index.php?rest_route=\/wp\/v2\/users\/28"}],"replies":[{"embeddable":true,"href":"https:\/\/diariodominicano.com\/index.php?rest_route=%2Fwp%2Fv2%2Fcomments&post=480714"}],"version-history":[{"count":1,"href":"https:\/\/diariodominicano.com\/index.php?rest_route=\/wp\/v2\/posts\/480714\/revisions"}],"predecessor-version":[{"id":480720,"href":"https:\/\/diariodominicano.com\/index.php?rest_route=\/wp\/v2\/posts\/480714\/revisions\/480720"}],"wp:featuredmedia":[{"embeddable":true,"href":"https:\/\/diariodominicano.com\/index.php?rest_route=\/wp\/v2\/media\/480717"}],"wp:attachment":[{"href":"https:\/\/diariodominicano.com\/index.php?rest_route=%2Fwp%2Fv2%2Fmedia&parent=480714"}],"wp:term":[{"taxonomy":"category","embeddable":true,"href":"https:\/\/diariodominicano.com\/index.php?rest_route=%2Fwp%2Fv2%2Fcategories&post=480714"},{"taxonomy":"post_tag","embeddable":true,"href":"https:\/\/diariodominicano.com\/index.php?rest_route=%2Fwp%2Fv2%2Ftags&post=480714"}],"curies":[{"name":"wp","href":"https:\/\/api.w.org\/{rel}","templated":true}]}}