{"id":480453,"date":"2023-10-16T12:42:26","date_gmt":"2023-10-16T16:42:26","guid":{"rendered":"http:\/\/diariodominicano.com\/?p=480453"},"modified":"2023-10-16T14:02:45","modified_gmt":"2023-10-16T18:02:45","slug":"la-nacional-realiza-su-2da-jornada-de-limpieza-de-playas","status":"publish","type":"post","link":"https:\/\/diariodominicano.com\/?p=480453","title":{"rendered":"La Nacional realiza su 2da jornada de limpieza de playas"},"content":{"rendered":"\n<p>Recolect\u00f3 760 libras  de pl\u00e1sticos, de los cuales m\u00e1s de 150 libras  eran residuos pl\u00e1sticos reciclables que fueron entregados a Parley<\/p>\n\n\n\n<figure class=\"wp-block-image size-large\"><img loading=\"lazy\" decoding=\"async\" width=\"683\" height=\"1024\" src=\"https:\/\/diariodominicano.com\/wp-content\/uploads\/2023\/10\/02.-La-Nacional-Jornada-de-Limpieza-de-playa-683x1024.jpg\" alt=\"\" class=\"wp-image-480455\" srcset=\"https:\/\/diariodominicano.com\/wp-content\/uploads\/2023\/10\/02.-La-Nacional-Jornada-de-Limpieza-de-playa-683x1024.jpg 683w, https:\/\/diariodominicano.com\/wp-content\/uploads\/2023\/10\/02.-La-Nacional-Jornada-de-Limpieza-de-playa-200x300.jpg 200w, https:\/\/diariodominicano.com\/wp-content\/uploads\/2023\/10\/02.-La-Nacional-Jornada-de-Limpieza-de-playa-768x1152.jpg 768w, https:\/\/diariodominicano.com\/wp-content\/uploads\/2023\/10\/02.-La-Nacional-Jornada-de-Limpieza-de-playa-1024x1536.jpg 1024w, https:\/\/diariodominicano.com\/wp-content\/uploads\/2023\/10\/02.-La-Nacional-Jornada-de-Limpieza-de-playa-1366x2048.jpg 1366w, https:\/\/diariodominicano.com\/wp-content\/uploads\/2023\/10\/02.-La-Nacional-Jornada-de-Limpieza-de-playa-816x1224.jpg 816w, https:\/\/diariodominicano.com\/wp-content\/uploads\/2023\/10\/02.-La-Nacional-Jornada-de-Limpieza-de-playa.jpg 1667w\" sizes=\"auto, (max-width: 683px) 100vw, 683px\" \/><figcaption>En l jornada de limpieza <\/figcaption><\/figure>\n\n\n\n<p><strong>Santo Domingo, Rep\u00fablica Dominicana<\/strong>. &#8211; La Nacional y su equipo de colaboradores realizaron su 2da Jornada de Limpieza de Playas con el apoyo de ADIPLAST, como parte de las actividades de su Programa de Sostenibilidad 3R\u2019S, esta vez enfocado en la preservaci\u00f3n de nuestros ecosistemas costeros.<\/p>\n\n\n\n<p>La jornada fue realizada en la playa Las Tortugas de Santo Domingo, Distrito Nacional.<\/p>\n\n\n\n<p>Esta amigable iniciativa que busca concientizar a los voluntarios y a la ciudadan\u00eda en general sobre el impacto de los residuos en nuestro medio ambiente, especialmente en los recursos costeros y marinos, cont\u00f3 con la participaci\u00f3n de 105 voluntarios, todos colaboradores de las diferentes empresas que conforman la Asociaci\u00f3n Dominicana de la Industria del Pl\u00e1stico (ADIPLAST).<\/p>\n\n\n\n<figure class=\"wp-block-image size-large\"><img loading=\"lazy\" decoding=\"async\" width=\"1024\" height=\"683\" src=\"https:\/\/diariodominicano.com\/wp-content\/uploads\/2023\/10\/3.-Jornada-de-Limpieza-de-Playa-1024x683.jpg\" alt=\"\" class=\"wp-image-480459\" srcset=\"https:\/\/diariodominicano.com\/wp-content\/uploads\/2023\/10\/3.-Jornada-de-Limpieza-de-Playa-1024x683.jpg 1024w, https:\/\/diariodominicano.com\/wp-content\/uploads\/2023\/10\/3.-Jornada-de-Limpieza-de-Playa-300x200.jpg 300w, https:\/\/diariodominicano.com\/wp-content\/uploads\/2023\/10\/3.-Jornada-de-Limpieza-de-Playa-768x512.jpg 768w, https:\/\/diariodominicano.com\/wp-content\/uploads\/2023\/10\/3.-Jornada-de-Limpieza-de-Playa-1536x1024.jpg 1536w, https:\/\/diariodominicano.com\/wp-content\/uploads\/2023\/10\/3.-Jornada-de-Limpieza-de-Playa-2048x1366.jpg 2048w, https:\/\/diariodominicano.com\/wp-content\/uploads\/2023\/10\/3.-Jornada-de-Limpieza-de-Playa-816x544.jpg 816w\" sizes=\"auto, (max-width: 1024px) 100vw, 1024px\" \/><figcaption>En la jornada de limpieza<\/figcaption><\/figure>\n\n\n\n<p>&nbsp;De acuerdo con los informes, al final de la jornada el equipo recolect\u00f3 760 lbs. de pl\u00e1sticos, de los cuales m\u00e1s de 150 lbs. eran residuos pl\u00e1sticos reciclables que fueron entregados a Parley.&nbsp;&nbsp;<\/p>\n\n\n\n<p>Sin duda el evento fue un claro testimonio de la uni\u00f3n de esfuerzos para proteger y preservar nuestros preciosos ecosistemas costeros.<\/p>\n\n\n\n<p>Alfredo Garc\u00eda<a target=\"_blank\" href=\"mailto:alfredogarciayasociados@gmail.com\" rel=\"noreferrer noopener\">alfredogarciayasociados@gmail.com<\/a><\/p>\n","protected":false},"excerpt":{"rendered":"<p>Recolect\u00f3 760 libras de pl\u00e1sticos, de los cuales m\u00e1s de 150 libras eran residuos pl\u00e1sticos reciclables que fueron entregados a Parley Santo Domingo, Rep\u00fablica Dominicana. &#8211; La Nacional y su equipo de colaboradores realizaron su 2da Jornada de Limpieza de Playas con el apoyo de ADIPLAST, como parte de las actividades de su Programa de [&hellip;]<\/p>\n","protected":false},"author":28,"featured_media":480454,"comment_status":"closed","ping_status":"","sticky":true,"template":"","format":"standard","meta":{"footnotes":""},"categories":[36,20,27,32],"tags":[],"class_list":["post-480453","post","type-post","status-publish","format-standard","has-post-thumbnail","hentry","category-hombresmujeresycosas","category-dominicana-hoy","category-portada","category-turismo"],"_links":{"self":[{"href":"https:\/\/diariodominicano.com\/index.php?rest_route=\/wp\/v2\/posts\/480453","targetHints":{"allow":["GET"]}}],"collection":[{"href":"https:\/\/diariodominicano.com\/index.php?rest_route=\/wp\/v2\/posts"}],"about":[{"href":"https:\/\/diariodominicano.com\/index.php?rest_route=\/wp\/v2\/types\/post"}],"author":[{"embeddable":true,"href":"https:\/\/diariodominicano.com\/index.php?rest_route=\/wp\/v2\/users\/28"}],"replies":[{"embeddable":true,"href":"https:\/\/diariodominicano.com\/index.php?rest_route=%2Fwp%2Fv2%2Fcomments&post=480453"}],"version-history":[{"count":3,"href":"https:\/\/diariodominicano.com\/index.php?rest_route=\/wp\/v2\/posts\/480453\/revisions"}],"predecessor-version":[{"id":480460,"href":"https:\/\/diariodominicano.com\/index.php?rest_route=\/wp\/v2\/posts\/480453\/revisions\/480460"}],"wp:featuredmedia":[{"embeddable":true,"href":"https:\/\/diariodominicano.com\/index.php?rest_route=\/wp\/v2\/media\/480454"}],"wp:attachment":[{"href":"https:\/\/diariodominicano.com\/index.php?rest_route=%2Fwp%2Fv2%2Fmedia&parent=480453"}],"wp:term":[{"taxonomy":"category","embeddable":true,"href":"https:\/\/diariodominicano.com\/index.php?rest_route=%2Fwp%2Fv2%2Fcategories&post=480453"},{"taxonomy":"post_tag","embeddable":true,"href":"https:\/\/diariodominicano.com\/index.php?rest_route=%2Fwp%2Fv2%2Ftags&post=480453"}],"curies":[{"name":"wp","href":"https:\/\/api.w.org\/{rel}","templated":true}]}}