{"id":480448,"date":"2023-10-16T12:35:32","date_gmt":"2023-10-16T16:35:32","guid":{"rendered":"http:\/\/diariodominicano.com\/?p=480448"},"modified":"2023-10-16T12:36:12","modified_gmt":"2023-10-16T16:36:12","slug":"la-octava-competencia-puntuable-nacional-de-motocross-se-realizara-el-proximo-domingo-en-monte-plata","status":"publish","type":"post","link":"https:\/\/diariodominicano.com\/?p=480448","title":{"rendered":"La octava competencia puntuable nacional de motocross se realizar\u00e1 el pr\u00f3ximo domingo en Monte Plata"},"content":{"rendered":"\n<p>Carlos Finke <\/p>\n\n\n\n<p><strong><em>Con dos fechas por correr a\u00fan no hay campe\u00f3n seguro<\/em><\/strong><\/p>\n\n\n\n<p><strong>EL RODEO, Sabana Grande de Boy\u00e1, Monte Plata, RD, .-<\/strong>\u00a0Sin ning\u00fan campe\u00f3n asegurado, restando dos fechas, contin\u00faa el pr\u00f3ximo domingo en la pista internacional Conejo MX Park, de El Rodeo, Sabana Grande de Boy\u00e1, Monte Plata, la octava competencia puntuable del campeonato nacional de motocross.<\/p>\n\n\n\n<p>\u201cEn realidad es muy emocionante lo que sucede, hace a\u00f1os que esto no se produc\u00eda, a\u00fan no hay un campe\u00f3n seguro en ninguna de las categor\u00edas\u201d, dijo emocionado el presidente de la Federaci\u00f3n Dominicana de Motociclismo, se\u00f1or Carlos Finke, quien ofreci\u00f3 la informaci\u00f3n.<\/p>\n\n\n\n<p>Adelant\u00f3 que el evento del domingo en El Rodeo, comenzar\u00e1 a las diez de la ma\u00f1ana y que se correr\u00e1 a dos mangas en sus respectivos minutos, en todas las categor\u00edas del campeonato nacional, que son, pee wee, s\u00faper pee wee, 65cc, 85cc, master A y B, pre-expertos, MX-1 y MX-2 para expertos y novatos.<\/p>\n\n\n\n<p>Nadie suma 101 puntos por encima de su m\u00e1s cercano rival, apunt\u00f3 finke, ya que cada evento puede aportar 50 tantos al piloto que gane las dos mangas de su categor\u00eda el pr\u00f3ximo domingo, por lo que cada grupo ser\u00e1 candente entre estos casi cien pilotos.<\/p>\n\n\n\n<p>Los punteros actuales, son: MX-1 y MX-2 para Expertos, Darnell Lantigua;<\/p>\n\n\n\n<p>pre-xpertos, Walfry de la Rosa; master A, Jobel Coronado; master B, Anthony Jim\u00e9nez; 85cc, Gabriel Alonso II; 65cc, Randy Liriano; s\u00faper pee wee, Gabriel Alonso III; pee wee, Albert Betances y novatos Bryan Corona.<\/p>\n\n\n\n<p><strong>PIE DE FOTO:<\/strong><\/p>\n\n\n\n<p><strong>Carlos Finke<\/strong><\/p>\n","protected":false},"excerpt":{"rendered":"<p>Carlos Finke Con dos fechas por correr a\u00fan no hay campe\u00f3n seguro EL RODEO, Sabana Grande de Boy\u00e1, Monte Plata, RD, .-\u00a0Sin ning\u00fan campe\u00f3n asegurado, restando dos fechas, contin\u00faa el pr\u00f3ximo domingo en la pista internacional Conejo MX Park, de El Rodeo, Sabana Grande de Boy\u00e1, Monte Plata, la octava competencia puntuable del campeonato nacional [&hellip;]<\/p>\n","protected":false},"author":28,"featured_media":480449,"comment_status":"closed","ping_status":"","sticky":true,"template":"","format":"standard","meta":{"footnotes":""},"categories":[17,27,32],"tags":[],"class_list":["post-480448","post","type-post","status-publish","format-standard","has-post-thumbnail","hentry","category-deportes","category-portada","category-turismo"],"_links":{"self":[{"href":"https:\/\/diariodominicano.com\/index.php?rest_route=\/wp\/v2\/posts\/480448","targetHints":{"allow":["GET"]}}],"collection":[{"href":"https:\/\/diariodominicano.com\/index.php?rest_route=\/wp\/v2\/posts"}],"about":[{"href":"https:\/\/diariodominicano.com\/index.php?rest_route=\/wp\/v2\/types\/post"}],"author":[{"embeddable":true,"href":"https:\/\/diariodominicano.com\/index.php?rest_route=\/wp\/v2\/users\/28"}],"replies":[{"embeddable":true,"href":"https:\/\/diariodominicano.com\/index.php?rest_route=%2Fwp%2Fv2%2Fcomments&post=480448"}],"version-history":[{"count":3,"href":"https:\/\/diariodominicano.com\/index.php?rest_route=\/wp\/v2\/posts\/480448\/revisions"}],"predecessor-version":[{"id":480452,"href":"https:\/\/diariodominicano.com\/index.php?rest_route=\/wp\/v2\/posts\/480448\/revisions\/480452"}],"wp:featuredmedia":[{"embeddable":true,"href":"https:\/\/diariodominicano.com\/index.php?rest_route=\/wp\/v2\/media\/480449"}],"wp:attachment":[{"href":"https:\/\/diariodominicano.com\/index.php?rest_route=%2Fwp%2Fv2%2Fmedia&parent=480448"}],"wp:term":[{"taxonomy":"category","embeddable":true,"href":"https:\/\/diariodominicano.com\/index.php?rest_route=%2Fwp%2Fv2%2Fcategories&post=480448"},{"taxonomy":"post_tag","embeddable":true,"href":"https:\/\/diariodominicano.com\/index.php?rest_route=%2Fwp%2Fv2%2Ftags&post=480448"}],"curies":[{"name":"wp","href":"https:\/\/api.w.org\/{rel}","templated":true}]}}