{"id":480179,"date":"2023-10-15T22:30:53","date_gmt":"2023-10-16T02:30:53","guid":{"rendered":"http:\/\/diariodominicano.com\/?p=480179"},"modified":"2023-10-15T22:40:12","modified_gmt":"2023-10-16T02:40:12","slug":"ronit-karki-y-zoya-chulak-son-los-campeones-de-la-copa-mangu-j60","status":"publish","type":"post","link":"https:\/\/diariodominicano.com\/?p=480179","title":{"rendered":"Ronit Karki y Zoya Chulak son los campeones de la Copa Mang\u00fa J60"},"content":{"rendered":"\n<p> Zoya Chulak, campeona de sencillos. <\/p>\n\n\n\n<figure class=\"wp-block-image size-large\"><img loading=\"lazy\" decoding=\"async\" width=\"1024\" height=\"682\" src=\"https:\/\/diariodominicano.com\/wp-content\/uploads\/2023\/10\/Ronit-Karki-Campeon-Sencillos-1024x682.jpeg\" alt=\"\" class=\"wp-image-480182\" srcset=\"https:\/\/diariodominicano.com\/wp-content\/uploads\/2023\/10\/Ronit-Karki-Campeon-Sencillos-1024x682.jpeg 1024w, https:\/\/diariodominicano.com\/wp-content\/uploads\/2023\/10\/Ronit-Karki-Campeon-Sencillos-300x200.jpeg 300w, https:\/\/diariodominicano.com\/wp-content\/uploads\/2023\/10\/Ronit-Karki-Campeon-Sencillos-768x512.jpeg 768w, https:\/\/diariodominicano.com\/wp-content\/uploads\/2023\/10\/Ronit-Karki-Campeon-Sencillos-1536x1023.jpeg 1536w, https:\/\/diariodominicano.com\/wp-content\/uploads\/2023\/10\/Ronit-Karki-Campeon-Sencillos-816x544.jpeg 816w, https:\/\/diariodominicano.com\/wp-content\/uploads\/2023\/10\/Ronit-Karki-Campeon-Sencillos.jpeg 1600w\" sizes=\"auto, (max-width: 1024px) 100vw, 1024px\" \/><figcaption> Ronit Karki, Campe\u00f3n Sencillos<\/figcaption><\/figure>\n\n\n\n<p> <\/p>\n\n\n\n<p>SANTO DOMINGO, RD.- Los tenistas Ronit Karki y Zoya Chulak se coronaron campeones de la\u00a0Copa\u00a0Mang\u00fa\u00a0J60 Santo Domingo, torneo internacional en el que tomaron parte jugadores de 20 pa\u00edses, en el Centro Nacional de Tenis del Parque del Este.<\/p>\n\n\n\n<p>Karki (USA), decimo favorito del evento venci\u00f3 en la final el s\u00e1bado a su compatriota Matthew Zeifman, por 6-2 6-1.<\/p>\n\n\n\n<p>En la rama femenina, Chulak, primera favorita, de Canad\u00e1 dio cuentas de Yael Saffar, de Estados Unidos, por doble 6-4.<\/p>\n\n\n\n<figure class=\"wp-block-image size-large\"><img loading=\"lazy\" decoding=\"async\" width=\"1024\" height=\"682\" src=\"https:\/\/diariodominicano.com\/wp-content\/uploads\/2023\/10\/Jelena-Vico-1-y-la-mexicana-Natalia-Castaneda-campeonas-de-dobles-femenino-1024x682.jpeg\" alt=\"\" class=\"wp-image-480185\" srcset=\"https:\/\/diariodominicano.com\/wp-content\/uploads\/2023\/10\/Jelena-Vico-1-y-la-mexicana-Natalia-Castaneda-campeonas-de-dobles-femenino-1024x682.jpeg 1024w, https:\/\/diariodominicano.com\/wp-content\/uploads\/2023\/10\/Jelena-Vico-1-y-la-mexicana-Natalia-Castaneda-campeonas-de-dobles-femenino-300x200.jpeg 300w, https:\/\/diariodominicano.com\/wp-content\/uploads\/2023\/10\/Jelena-Vico-1-y-la-mexicana-Natalia-Castaneda-campeonas-de-dobles-femenino-768x512.jpeg 768w, https:\/\/diariodominicano.com\/wp-content\/uploads\/2023\/10\/Jelena-Vico-1-y-la-mexicana-Natalia-Castaneda-campeonas-de-dobles-femenino-1536x1023.jpeg 1536w, https:\/\/diariodominicano.com\/wp-content\/uploads\/2023\/10\/Jelena-Vico-1-y-la-mexicana-Natalia-Castaneda-campeonas-de-dobles-femenino-816x544.jpeg 816w, https:\/\/diariodominicano.com\/wp-content\/uploads\/2023\/10\/Jelena-Vico-1-y-la-mexicana-Natalia-Castaneda-campeonas-de-dobles-femenino.jpeg 1600w\" sizes=\"auto, (max-width: 1024px) 100vw, 1024px\" \/><figcaption>Jelena Vico [1] y la mexicana Natalia Castaneda , campeonas de dobles femenino.<\/figcaption><\/figure>\n\n\n\n<figure class=\"wp-block-image size-large is-resized\"><img loading=\"lazy\" decoding=\"async\" src=\"https:\/\/diariodominicano.com\/wp-content\/uploads\/2023\/10\/Ryan-Gozad-y-Gavin-Goode-Campeones-de-dobles-masculino-1024x682.jpeg\" alt=\"\" class=\"wp-image-480184\" width=\"606\" height=\"404\" srcset=\"https:\/\/diariodominicano.com\/wp-content\/uploads\/2023\/10\/Ryan-Gozad-y-Gavin-Goode-Campeones-de-dobles-masculino-1024x682.jpeg 1024w, https:\/\/diariodominicano.com\/wp-content\/uploads\/2023\/10\/Ryan-Gozad-y-Gavin-Goode-Campeones-de-dobles-masculino-300x200.jpeg 300w, https:\/\/diariodominicano.com\/wp-content\/uploads\/2023\/10\/Ryan-Gozad-y-Gavin-Goode-Campeones-de-dobles-masculino-768x512.jpeg 768w, https:\/\/diariodominicano.com\/wp-content\/uploads\/2023\/10\/Ryan-Gozad-y-Gavin-Goode-Campeones-de-dobles-masculino-1536x1023.jpeg 1536w, https:\/\/diariodominicano.com\/wp-content\/uploads\/2023\/10\/Ryan-Gozad-y-Gavin-Goode-Campeones-de-dobles-masculino-816x544.jpeg 816w, https:\/\/diariodominicano.com\/wp-content\/uploads\/2023\/10\/Ryan-Gozad-y-Gavin-Goode-Campeones-de-dobles-masculino.jpeg 1600w\" sizes=\"auto, (max-width: 606px) 100vw, 606px\" \/><figcaption> Ryan Gozad y Gavin Goode, Campeones de dobles masculino.  <\/figcaption><\/figure>\n\n\n\n<p>En dobles, los estadounidenses Ryan Gozad y Gavin Goode, derrotaron en la final a Albert Crismar y Karki Ronit, ambos de Estados Unidos, por doble 6-2.<\/p>\n\n\n\n<p>No pudo la dominicana Mar\u00eda Gell [4], que jug\u00f3 la final con la estadounidense Valiere Gomez. Ese binomio cay\u00f3 del dueto conformado por la canadiense Jelena Vico [1] y la mexicana Natalia Castaneda Guerrero, por doble 6-1.<\/p>\n\n\n\n<p>Tras terminada la Copa Mang\u00fa este fin de semana, se une a la Copa Mangulina que se jug\u00f3 la semana anterior, concluyendo as\u00ed dos semanas de tenis U18 en el Centro Nacional de Tenis de Parque del Este.<\/p>\n\n\n\n<p>La Copa Mang\u00fa&nbsp;estuvo&nbsp;bajo la supervisi\u00f3n de Julio Cavero por parte de la ITF, asistido por Francisco de los Santos. Sergio Tobal, vicepresidente de Fedotenis, fue el director general. &nbsp;<\/p>\n\n\n\n<p>El evento otorg\u00f3 60 puntos para los campeones en sencillos, 36 para los finalistas y 45 para los triunfadores de los dobles.<\/p>\n\n\n\n<p>Los eventos organizados por la Fedotenis son gracias al Ministerio de Turismo, Banco De Reservas, Transporte Sheila, Banco BHD, Mazola, Avena Americana, Creso, Ekatex, El Nuevo Diario, Wilson, Pl\u00e1sticos Vi\u00f1als, Vilas Tennis Academy y D\u2019oficinas.<\/p>\n\n\n\n<p>Federacion Dominicana de Tenis Fedotenis<a target=\"_blank\" href=\"mailto:prensafedotenis@gmail.com\" rel=\"noreferrer noopener\">prensafedotenis@gmail.com<\/a><\/p>\n\n\n\n<p>PRENSA FEDOTENIS&nbsp;<\/p>\n","protected":false},"excerpt":{"rendered":"<p>Zoya Chulak, campeona de sencillos. SANTO DOMINGO, RD.- Los tenistas Ronit Karki y Zoya Chulak se coronaron campeones de la\u00a0Copa\u00a0Mang\u00fa\u00a0J60 Santo Domingo, torneo internacional en el que tomaron parte jugadores de 20 pa\u00edses, en el Centro Nacional de Tenis del Parque del Este. Karki (USA), decimo favorito del evento venci\u00f3 en la final el s\u00e1bado [&hellip;]<\/p>\n","protected":false},"author":28,"featured_media":480180,"comment_status":"closed","ping_status":"","sticky":true,"template":"","format":"standard","meta":{"footnotes":""},"categories":[17,27,32],"tags":[],"class_list":["post-480179","post","type-post","status-publish","format-standard","has-post-thumbnail","hentry","category-deportes","category-portada","category-turismo"],"_links":{"self":[{"href":"https:\/\/diariodominicano.com\/index.php?rest_route=\/wp\/v2\/posts\/480179","targetHints":{"allow":["GET"]}}],"collection":[{"href":"https:\/\/diariodominicano.com\/index.php?rest_route=\/wp\/v2\/posts"}],"about":[{"href":"https:\/\/diariodominicano.com\/index.php?rest_route=\/wp\/v2\/types\/post"}],"author":[{"embeddable":true,"href":"https:\/\/diariodominicano.com\/index.php?rest_route=\/wp\/v2\/users\/28"}],"replies":[{"embeddable":true,"href":"https:\/\/diariodominicano.com\/index.php?rest_route=%2Fwp%2Fv2%2Fcomments&post=480179"}],"version-history":[{"count":7,"href":"https:\/\/diariodominicano.com\/index.php?rest_route=\/wp\/v2\/posts\/480179\/revisions"}],"predecessor-version":[{"id":480190,"href":"https:\/\/diariodominicano.com\/index.php?rest_route=\/wp\/v2\/posts\/480179\/revisions\/480190"}],"wp:featuredmedia":[{"embeddable":true,"href":"https:\/\/diariodominicano.com\/index.php?rest_route=\/wp\/v2\/media\/480180"}],"wp:attachment":[{"href":"https:\/\/diariodominicano.com\/index.php?rest_route=%2Fwp%2Fv2%2Fmedia&parent=480179"}],"wp:term":[{"taxonomy":"category","embeddable":true,"href":"https:\/\/diariodominicano.com\/index.php?rest_route=%2Fwp%2Fv2%2Fcategories&post=480179"},{"taxonomy":"post_tag","embeddable":true,"href":"https:\/\/diariodominicano.com\/index.php?rest_route=%2Fwp%2Fv2%2Ftags&post=480179"}],"curies":[{"name":"wp","href":"https:\/\/api.w.org\/{rel}","templated":true}]}}