{"id":480131,"date":"2023-10-15T21:23:36","date_gmt":"2023-10-16T01:23:36","guid":{"rendered":"http:\/\/diariodominicano.com\/?p=480131"},"modified":"2023-10-15T21:36:40","modified_gmt":"2023-10-16T01:36:40","slug":"universidad-apec-acredita-mil-174-titulados-a-la-sociedad-dominicana","status":"publish","type":"post","link":"https:\/\/diariodominicano.com\/?p=480131","title":{"rendered":"Universidad APEC acredita mil 174 titulados a la sociedad dominicana"},"content":{"rendered":"\n<p>\u00b7&nbsp;&nbsp;&nbsp;&nbsp;&nbsp;&nbsp;&nbsp;&nbsp;&nbsp;<strong><em><u>De los 848 estudiantes acreditados en los niveles de grado, 503 corresponden al g\u00e9nero femenino y 347 al masculino<\/u><\/em><\/strong><em><u><\/u><\/em><\/p>\n\n\n\n<figure class=\"wp-block-image size-large\"><img loading=\"lazy\" decoding=\"async\" width=\"1024\" height=\"577\" src=\"https:\/\/diariodominicano.com\/wp-content\/uploads\/2023\/10\/1df278d3-7585-43a2-a00a-c4cfe27eac8d-1024x577.jpg\" alt=\"\" class=\"wp-image-480133\" srcset=\"https:\/\/diariodominicano.com\/wp-content\/uploads\/2023\/10\/1df278d3-7585-43a2-a00a-c4cfe27eac8d-1024x577.jpg 1024w, https:\/\/diariodominicano.com\/wp-content\/uploads\/2023\/10\/1df278d3-7585-43a2-a00a-c4cfe27eac8d-300x169.jpg 300w, https:\/\/diariodominicano.com\/wp-content\/uploads\/2023\/10\/1df278d3-7585-43a2-a00a-c4cfe27eac8d-768x432.jpg 768w, https:\/\/diariodominicano.com\/wp-content\/uploads\/2023\/10\/1df278d3-7585-43a2-a00a-c4cfe27eac8d-1536x865.jpg 1536w, https:\/\/diariodominicano.com\/wp-content\/uploads\/2023\/10\/1df278d3-7585-43a2-a00a-c4cfe27eac8d-2048x1153.jpg 2048w, https:\/\/diariodominicano.com\/wp-content\/uploads\/2023\/10\/1df278d3-7585-43a2-a00a-c4cfe27eac8d-816x459.jpg 816w\" sizes=\"auto, (max-width: 1024px) 100vw, 1024px\" \/><\/figure>\n\n\n\n<p>\u00b7&nbsp;&nbsp;&nbsp;&nbsp;&nbsp;&nbsp;&nbsp;&nbsp;&nbsp;<strong><u>De las facultades, la de Ciencias Econ\u00f3micas y Empresariales encabeza la principal\u00eda en t\u00e9rminos de cifras, con 327 graduandos de grado, continuada por la de Humanidades que dispone un total de 231, seguida por la de Ciencias e Ingenier\u00eda con 207.<\/u><\/strong><\/p>\n\n\n\n<p>\u00b7&nbsp;&nbsp;&nbsp;&nbsp;&nbsp;&nbsp;&nbsp;&nbsp;&nbsp;<strong><em><u>Sobresale como puntal la carrera de Negocios Internacionales que registra un total de 210 egresados, de los cuales 156 son mujeres y 54 hombres<\/u><\/em><\/strong><em><u><\/u><\/em><\/p>\n\n\n\n<p>\u00b7&nbsp;&nbsp;&nbsp;&nbsp;&nbsp;&nbsp;&nbsp;&nbsp;&nbsp;<em><u>&nbsp;<\/u><\/em><\/p>\n\n\n\n<figure class=\"wp-block-image size-large\"><img loading=\"lazy\" decoding=\"async\" width=\"1024\" height=\"576\" src=\"https:\/\/diariodominicano.com\/wp-content\/uploads\/2023\/10\/IMG-2853-1024x576.jpg\" alt=\"\" class=\"wp-image-480136\" srcset=\"https:\/\/diariodominicano.com\/wp-content\/uploads\/2023\/10\/IMG-2853-1024x576.jpg 1024w, https:\/\/diariodominicano.com\/wp-content\/uploads\/2023\/10\/IMG-2853-300x169.jpg 300w, https:\/\/diariodominicano.com\/wp-content\/uploads\/2023\/10\/IMG-2853-768x432.jpg 768w, https:\/\/diariodominicano.com\/wp-content\/uploads\/2023\/10\/IMG-2853-1536x864.jpg 1536w, https:\/\/diariodominicano.com\/wp-content\/uploads\/2023\/10\/IMG-2853-816x459.jpg 816w, https:\/\/diariodominicano.com\/wp-content\/uploads\/2023\/10\/IMG-2853.jpg 1920w\" sizes=\"auto, (max-width: 1024px) 100vw, 1024px\" \/><\/figure>\n\n\n\n<p>\u00b7&nbsp;&nbsp;&nbsp;&nbsp;&nbsp;&nbsp;&nbsp;&nbsp;&nbsp;<strong><em><u>Ingenier\u00eda de Software, de la Facultad de Ciencias e Ingenier\u00eda, es otra de las ramas&nbsp;<\/u><\/em><\/strong><strong><em><u>que descuella con 95 egresados, aunque con un registro de 78 a favor de la cuota masculina, en contraste con la femenina que revela 17 graduandas<\/u><\/em><\/strong><\/p>\n\n\n\n<p>\u00b7&nbsp;&nbsp;&nbsp;&nbsp;&nbsp;&nbsp;&nbsp;&nbsp;&nbsp;<strong><em><u>La Escuela de Idiomas muestra un total de 23 egresados, 16 mujeres y 7 hombres<\/u><\/em><\/strong><strong><em>.<\/em><\/strong><strong><em><\/em><\/strong><\/p>\n\n\n\n<figure class=\"wp-block-image size-large\"><img loading=\"lazy\" decoding=\"async\" width=\"1024\" height=\"575\" src=\"https:\/\/diariodominicano.com\/wp-content\/uploads\/2023\/10\/b0eda23e-28af-4621-abf4-b5e508e3ed14-1024x575.jpg\" alt=\"\" class=\"wp-image-480143\" srcset=\"https:\/\/diariodominicano.com\/wp-content\/uploads\/2023\/10\/b0eda23e-28af-4621-abf4-b5e508e3ed14-1024x575.jpg 1024w, https:\/\/diariodominicano.com\/wp-content\/uploads\/2023\/10\/b0eda23e-28af-4621-abf4-b5e508e3ed14-300x168.jpg 300w, https:\/\/diariodominicano.com\/wp-content\/uploads\/2023\/10\/b0eda23e-28af-4621-abf4-b5e508e3ed14-768x431.jpg 768w, https:\/\/diariodominicano.com\/wp-content\/uploads\/2023\/10\/b0eda23e-28af-4621-abf4-b5e508e3ed14-1536x862.jpg 1536w, https:\/\/diariodominicano.com\/wp-content\/uploads\/2023\/10\/b0eda23e-28af-4621-abf4-b5e508e3ed14-2048x1149.jpg 2048w, https:\/\/diariodominicano.com\/wp-content\/uploads\/2023\/10\/b0eda23e-28af-4621-abf4-b5e508e3ed14-816x458.jpg 816w\" sizes=\"auto, (max-width: 1024px) 100vw, 1024px\" \/><figcaption> <strong><em>Clarissa De La Rocha<\/em><\/strong> <\/figcaption><\/figure>\n\n\n\n<p>\u00b7&nbsp;&nbsp;&nbsp;&nbsp;&nbsp;&nbsp;&nbsp;&nbsp;&nbsp;<strong><em>La vicegobernadora del Banco Central, Clarissa De La Rocha, hizo un llamado a valorar la alta casa de estudios, que considera prepara hombres y mujeres dotados de la base acad\u00e9mica necesaria para derramar en la sociedad el activo m\u00e1s importante, profesionales con sentido pa\u00eds y el compromiso de apoyar el proyecto de Naci\u00f3n heredado de Juan Pablo Duarte, Francisco Del Rosario S\u00e1nchez y Ram\u00f3n Mat\u00edas Mella.<\/em><\/strong><\/p>\n\n\n\n<figure class=\"wp-block-image size-large\"><img loading=\"lazy\" decoding=\"async\" width=\"1024\" height=\"576\" src=\"https:\/\/diariodominicano.com\/wp-content\/uploads\/2023\/10\/IMG-2848-1024x576.jpg\" alt=\"\" class=\"wp-image-480137\" srcset=\"https:\/\/diariodominicano.com\/wp-content\/uploads\/2023\/10\/IMG-2848-1024x576.jpg 1024w, https:\/\/diariodominicano.com\/wp-content\/uploads\/2023\/10\/IMG-2848-300x169.jpg 300w, https:\/\/diariodominicano.com\/wp-content\/uploads\/2023\/10\/IMG-2848-768x432.jpg 768w, https:\/\/diariodominicano.com\/wp-content\/uploads\/2023\/10\/IMG-2848-1536x864.jpg 1536w, https:\/\/diariodominicano.com\/wp-content\/uploads\/2023\/10\/IMG-2848-816x459.jpg 816w, https:\/\/diariodominicano.com\/wp-content\/uploads\/2023\/10\/IMG-2848.jpg 1920w\" sizes=\"auto, (max-width: 1024px) 100vw, 1024px\" \/><figcaption>Parte de los graduandos <\/figcaption><\/figure>\n\n\n\n<p><strong>Santo Domingo, D.N.<\/strong>\u00a0 Embargados por una mezcla de emociones y sentimientos tras ver coronados en logros sus ingentes esfuerzos, y de las posibilidades que encierra un futuro promisorio en el horizonte,  mil 174 estudiantes de la Universidad APEC recibieron sus credenciales acad\u00e9micas durante este fin de semana, tras completar sus planes de estudio en diversos saberes y ciencias del quehacer profesional.<\/p>\n\n\n\n<p>Los graduados, de los cuales 850 corresponden al nivel de grado y 324 a postgrado (maestr\u00edas y especialidades), fueron titulados en la&nbsp;quincuag\u00e9sima&nbsp;sexta&nbsp;<em>Ceremonia de Graduaci\u00f3n Ordinaria<\/em>, celebrada los d\u00edas s\u00e1bado 14 y domingo 15 de los corrientes bajo la modalidad de cinco (5) actos solemnes, en&nbsp;el Pabell\u00f3n de la Fama del Deporte Dominicano del Centro Ol\u00edmpico Juan Pablo Duarte.<\/p>\n\n\n\n<figure class=\"wp-block-image size-large\"><img loading=\"lazy\" decoding=\"async\" width=\"1024\" height=\"576\" src=\"https:\/\/diariodominicano.com\/wp-content\/uploads\/2023\/10\/76606ffd-0d6b-4126-87d7-da781d24394d-1024x576.jpg\" alt=\"\" class=\"wp-image-480139\" srcset=\"https:\/\/diariodominicano.com\/wp-content\/uploads\/2023\/10\/76606ffd-0d6b-4126-87d7-da781d24394d-1024x576.jpg 1024w, https:\/\/diariodominicano.com\/wp-content\/uploads\/2023\/10\/76606ffd-0d6b-4126-87d7-da781d24394d-300x169.jpg 300w, https:\/\/diariodominicano.com\/wp-content\/uploads\/2023\/10\/76606ffd-0d6b-4126-87d7-da781d24394d-768x432.jpg 768w, https:\/\/diariodominicano.com\/wp-content\/uploads\/2023\/10\/76606ffd-0d6b-4126-87d7-da781d24394d-1536x864.jpg 1536w, https:\/\/diariodominicano.com\/wp-content\/uploads\/2023\/10\/76606ffd-0d6b-4126-87d7-da781d24394d-816x459.jpg 816w, https:\/\/diariodominicano.com\/wp-content\/uploads\/2023\/10\/76606ffd-0d6b-4126-87d7-da781d24394d.jpg 1600w\" sizes=\"auto, (max-width: 1024px) 100vw, 1024px\" \/><figcaption>Rector  Franklyn Holgu\u00edn Hach\u00e9 <\/figcaption><\/figure>\n\n\n\n<figure class=\"wp-block-image size-large\"><img loading=\"lazy\" decoding=\"async\" width=\"1024\" height=\"577\" src=\"https:\/\/diariodominicano.com\/wp-content\/uploads\/2023\/10\/ea16c871-d840-4750-90e3-56ec0ed60036-1024x577.jpg\" alt=\"\" class=\"wp-image-480142\" srcset=\"https:\/\/diariodominicano.com\/wp-content\/uploads\/2023\/10\/ea16c871-d840-4750-90e3-56ec0ed60036-1024x577.jpg 1024w, https:\/\/diariodominicano.com\/wp-content\/uploads\/2023\/10\/ea16c871-d840-4750-90e3-56ec0ed60036-300x169.jpg 300w, https:\/\/diariodominicano.com\/wp-content\/uploads\/2023\/10\/ea16c871-d840-4750-90e3-56ec0ed60036-768x432.jpg 768w, https:\/\/diariodominicano.com\/wp-content\/uploads\/2023\/10\/ea16c871-d840-4750-90e3-56ec0ed60036-1536x865.jpg 1536w, https:\/\/diariodominicano.com\/wp-content\/uploads\/2023\/10\/ea16c871-d840-4750-90e3-56ec0ed60036-2048x1153.jpg 2048w, https:\/\/diariodominicano.com\/wp-content\/uploads\/2023\/10\/ea16c871-d840-4750-90e3-56ec0ed60036-816x459.jpg 816w\" sizes=\"auto, (max-width: 1024px) 100vw, 1024px\" \/><\/figure>\n\n\n\n<p>Los actos de investidura en las jornadas sabatina y dominical estuvieron encabezados por el rector del magno centro acad\u00e9mico, Franklyn Holgu\u00edn Hach\u00e9, quien evoc\u00f3 el papel y misi\u00f3n institucional de esa alta casa de estudios,&nbsp;de formar individuos que se constituyan en agentes de cambio y de seres con la capacidad y competencias de ayudar a mejorar las condiciones econ\u00f3micas y sociales de la sociedad.<\/p>\n\n\n\n<p>Cada acto realizado los d\u00edas s\u00e1bado y domingo cont\u00f3 con la participaci\u00f3n de un orador invitado, correspondiendo el s\u00e1bado 14 en la ma\u00f1ana a Eduardo Valc\u00e1rcel, managing partner de Newlink Group, en la graduaci\u00f3n de Negocios Internacionales, mientras que en la jornada vespertina intervinieron con sendos discursos, Clarissa De La Rocha, vicegobernadora del Banco Central, en el ceremonial de investidura de Ciencias Econ\u00f3micas y Empresariales, y Hayold Ure\u00f1a, director de Combustibles del Ministerio de Industria, Comercio y Mipymes, en la atinente a la de Ciencias e Ingenier\u00eda.<\/p>\n\n\n\n<p>El domingo 15, durante la investidura de posgrados de las tres facultades, Ciencias Econ\u00f3micas y Empresariales, Humanidades y Ciencias e Ingenier\u00eda, tuvieron a su cargo las disertaciones Jacqueline Viteri, directora de la Escuela de Etiqueta Jacqueline Viteri, de la Facultad de Humanidades, en la jornada matutina, &nbsp;y en la vespertina, Alejandro Aybar Mart\u00edn, canciller de la Universidad del Caribe.<\/p>\n\n\n\n<figure class=\"wp-block-image size-large\"><img loading=\"lazy\" decoding=\"async\" width=\"1024\" height=\"577\" src=\"https:\/\/diariodominicano.com\/wp-content\/uploads\/2023\/10\/ca5c298a-3ea6-4f74-80cd-1fab81dfadcd-1-1024x577.jpg\" alt=\"\" class=\"wp-image-480146\" srcset=\"https:\/\/diariodominicano.com\/wp-content\/uploads\/2023\/10\/ca5c298a-3ea6-4f74-80cd-1fab81dfadcd-1-1024x577.jpg 1024w, https:\/\/diariodominicano.com\/wp-content\/uploads\/2023\/10\/ca5c298a-3ea6-4f74-80cd-1fab81dfadcd-1-300x169.jpg 300w, https:\/\/diariodominicano.com\/wp-content\/uploads\/2023\/10\/ca5c298a-3ea6-4f74-80cd-1fab81dfadcd-1-768x432.jpg 768w, https:\/\/diariodominicano.com\/wp-content\/uploads\/2023\/10\/ca5c298a-3ea6-4f74-80cd-1fab81dfadcd-1-1536x865.jpg 1536w, https:\/\/diariodominicano.com\/wp-content\/uploads\/2023\/10\/ca5c298a-3ea6-4f74-80cd-1fab81dfadcd-1-2048x1153.jpg 2048w, https:\/\/diariodominicano.com\/wp-content\/uploads\/2023\/10\/ca5c298a-3ea6-4f74-80cd-1fab81dfadcd-1-816x459.jpg 816w\" sizes=\"auto, (max-width: 1024px) 100vw, 1024px\" \/><\/figure>\n\n\n\n<p><strong><u>Investidos<\/u><\/strong><\/p>\n\n\n\n<p><strong>De los 848 estudiantes acreditados en los niveles de grado, 503 corresponden al g\u00e9nero femenino y 347 al masculino,<\/strong>&nbsp;en tanto que en los de posgrado, 169 son mujeres y 97 son hombres en el rango de maestr\u00eda, mientras que 39 son mujeres y 19 son hombres en la categor\u00eda de especialidad, para un total general de 711 del g\u00e9nero femenino, en contraste con 463 del g\u00e9nero masculino.<\/p>\n\n\n\n<p><strong>Entre las disciplinas que emprenden los nuevos profesionales, sobresale como puntal la carrera de Negocios Internacionales, de la Facultad de Ciencias Econ\u00f3micas y Empresariales, la que registra un total de 210 egresados, de los cuales 156 son mujeres y 54 hombres, seguida de la de Publicidad, de Humanidades, que incorpora un total de 106 investidos, 84 mujeres y 22 hombres.<\/strong><strong><\/strong><\/p>\n\n\n\n<p><strong>Ingenier\u00eda de Software, de la Facultad de Ciencias e Ingenier\u00eda, es otra de las ramas&nbsp;<\/strong><strong>que descuella con 95 egresados<\/strong>, aunque con un registro de 78 a favor de la cuota masculina, en contraste con la femenina que revela 17 graduandas.<\/p>\n\n\n\n<p><strong>Del mismo modo, Ingeniera Industrial, de la Facultad de Ciencias e Ingenier\u00eda, documenta 49 investidos, 19 mujeres y 30 hombres, mientras que, de la Licenciatura en Administraci\u00f3n de Empresas, de la Facultad de Ciencias Econ\u00f3micas y Empresariales, egresan unos<\/strong>&nbsp;48, hombres y mujeres a la par.<\/p>\n\n\n\n<p><strong>De las facultades, la de Ciencias Econ\u00f3micas y Empresariales es la que encabeza la principal\u00eda en t\u00e9rminos de cifras, con 327 graduandos de grado, continuada por la de Humanidades que dispone un total de 231, seguida por la de Ciencias e Ingenier\u00eda con 207. La Escuela de Idiomas muestra un total de 23 egresados, 16 mujeres y 7 hombres.<\/strong><strong><\/strong><\/p>\n\n\n\n<p><strong><u>Oradores invitados<\/u><\/strong><strong><u>&nbsp;en el ceremonial de investidura de Ciencias Econ\u00f3micas y Empresariales<\/u><\/strong><strong><em><u><\/u><\/em><\/strong><\/p>\n\n\n\n<p><strong><u>Clarissa De La Rocha y Eduardo Valc\u00e1rcel<\/u><\/strong><strong><em><u><\/u><\/em><\/strong><\/p>\n\n\n\n<p>Eduardo Valc\u00e1rcel B., en el primer acto del s\u00e1bado 14,&nbsp;comparti\u00f3 con los reci\u00e9n egresados &lt;&lt; lo que yo llamo lecciones de vida, \u202610 lecciones que conf\u00edo les sea de utilidad &gt;&gt;.<\/p>\n\n\n\n<p>Entre las ense\u00f1anzas, cit\u00f3 el hecho de que no existen atajos, siendo el trabajo duro la clave, que hay que desarrollar pasi\u00f3n por lo que se hace, y aprender a aceptar el fracaso como parte del camino hacia el \u00e9xito; plantea vivir la vida m\u00e1s all\u00e1 de las redes sociales y los dispositivos m\u00f3viles, a la vez de invitar a trabajar siendo la mejor versi\u00f3n de s\u00ed mismos en todas las \u00e1reas de sus vidas.<\/p>\n\n\n\n<p>Del mismo mod, recomend\u00f3 fomentar el estudio y los nuevos aprendizajes, a trabajar en equipo, de cara a un mundo colaborativo, a desarrollar su marca personal, a ser el batall\u00f3n de los optimistas y a amar a Rep\u00fablica Dominicana, como una tierra de oportunidades que es.<\/p>\n\n\n\n<p>Mientras, en el acto vespertino, la vicegobernadora del Banco Central, Clarissa De La Rocha, hizo un llamado a valorar la alta casa de estudios, la que considera prepara hombres y mujeres dotados de la base acad\u00e9mica necesaria para derramar en la sociedad el activo m\u00e1s importante, &lt;&lt; profesionales con sentido pa\u00eds y el compromiso de apoyar el proyecto de Naci\u00f3n heredado de Juan Pablo Duarte, Francisco Del Rosario S\u00e1nchez y Ram\u00f3n Mat\u00edas Mella &gt;&gt;.<\/p>\n\n\n\n<p>Se\u00f1al\u00f3, que mientras los l\u00edderes del mundo se ocupan de los riesgos latentes, entre los cuales cit\u00f3 los conflictos geopol\u00edticos como la guerra-invasi\u00f3n entre Rusia y Ucrania, y los ataques entre Israel y Ham\u00e1s, el aumento de los comodities como el petr\u00f3leo que afecta el transporte de bienes y servicios, y por ende el precio de los productos de la canasta familiar, a los reci\u00e9n titulados les toca aportar para que Rep\u00fablica Dominicana sea un pa\u00eds desarrollado<em>.<\/em><\/p>\n\n\n\n<p>&lt;&lt; Me animo a decirles que construir una econom\u00eda m\u00e1s equitativa, inclusiva, sostenible y con estabilidad pol\u00edtica, macroecon\u00f3mica y social debe ser una preocupaci\u00f3n y compromiso de todos, en suma, todos somos responsables de colaborar con nuestro trabajo en inter\u00e9s de que avancemos en materias tan importantes como: educaci\u00f3n, salud, seguridad social integral, techo y el derecho a una vejez digna &gt;&gt;, enfatiz\u00f3 De la Rocha.<\/p>\n\n\n\n<p>Con motivo de la ocasi\u00f3n, las&nbsp;tituladas en licenciatura de Negocios Internacionales,&nbsp;Laura Jos\u00e9 y Giovanna Mercado, formularon la disertaci\u00f3n representativa de la matr\u00edcula de graduados, en la que resaltaron la importancia de ser adaptables y resilientes para poder encarar los desaf\u00edos que depara la vida, enfatizando aquellos que en alg\u00fan momento de su trayecto acad\u00e9mico debieron asumir, como fue el caso del per\u00edodo de pandemia.<\/p>\n\n\n\n<p>Exhortaron a los nuevos egresados, a cultivar la curiosidad y la valent\u00eda para enfrentar lo desconocido, a priorizar lo importante y a no perder el enfoque.<\/p>\n\n\n\n<p>&lt;&lt; Recuerden que a medida que desarrollamos nuestras capacidades, construimos una mejor versi\u00f3n de nosotros mismos. Sigamos adelante con entusiasmo, porque all\u00e1 afuera est\u00e1 lleno de oportunidades esperando ser aprovechadas por personas como nosotros. A donde quiera que vayamos, siempre llevemos nuestros valores, y pongamos en alto a nuestra alma mater Universidad APEC &gt;&gt;, acentuaron finalmente.<\/p>\n\n\n\n<p>Entretanto, Eduardo Valc\u00e1rcel B., en su calidad de orador invitado en el primer acto del s\u00e1bado 14,&nbsp;comparti\u00f3 con los reci\u00e9n egresados &lt;&lt; lo que yo llamo lecciones de vida, \u202610 lecciones que conf\u00edo les sea de utilidad &gt;&gt;.<\/p>\n\n\n\n<p>Entre las ense\u00f1anzas, cit\u00f3 el hecho de que no existen atajos, siendo el trabajo duro la clave, que hay que desarrollar pasi\u00f3n por lo que se hace, y aprender a aceptar el fracaso como parte del camino hacia el \u00e9xito; plantea vivir la vida m\u00e1s all\u00e1 de las redes sociales y los dispositivos m\u00f3viles, a la vez de invitar a trabajar siendo la mejor versi\u00f3n de s\u00ed mismos en todas las \u00e1reas de sus vidas.<\/p>\n\n\n\n<p>Del mismo mod, recomend\u00f3 fomentar el estudio y los nuevos aprendizajes, a trabajar en equipo, de cara a un mundo colaborativo, a desarrollar su marca personal, a ser el batall\u00f3n de los optimistas y a amar a Rep\u00fablica Dominicana, como una tierra de oportunidades que es.<\/p>\n\n\n\n<p>&lt;&lt;\u00a0Conf\u00eden en que pueden contribuir con una Rep\u00fablica Dominicana m\u00e1s pr\u00f3spera, donde prevalezca la democracia\u2026 \u00a1Disfruten al m\u00e1ximo esta nueva etapa y convi\u00e9rtanse en agentes de cambio para construir una mejor sociedad! >>, precis\u00f3 finalmente.<\/p>\n\n\n\n<p>Rosa Mar\u00eda Jim\u00e9nez<\/p>\n\n\n\n<p>rosa maria jimenez sosa<a target=\"_blank\" href=\"mailto:rmj.comunicaciones@gmail.com\" rel=\"noreferrer noopener\">rmj.comunicaciones@gmail.com<\/a><\/p>\n","protected":false},"excerpt":{"rendered":"<p>\u00b7&nbsp;&nbsp;&nbsp;&nbsp;&nbsp;&nbsp;&nbsp;&nbsp;&nbsp;De los 848 estudiantes acreditados en los niveles de grado, 503 corresponden al g\u00e9nero femenino y 347 al masculino \u00b7&nbsp;&nbsp;&nbsp;&nbsp;&nbsp;&nbsp;&nbsp;&nbsp;&nbsp;De las facultades, la de Ciencias Econ\u00f3micas y Empresariales encabeza la principal\u00eda en t\u00e9rminos de cifras, con 327 graduandos de grado, continuada por la de Humanidades que dispone un total de 231, seguida por la de [&hellip;]<\/p>\n","protected":false},"author":28,"featured_media":480132,"comment_status":"closed","ping_status":"","sticky":true,"template":"","format":"standard","meta":{"footnotes":""},"categories":[36,20,27,32],"tags":[],"class_list":["post-480131","post","type-post","status-publish","format-standard","has-post-thumbnail","hentry","category-hombresmujeresycosas","category-dominicana-hoy","category-portada","category-turismo"],"_links":{"self":[{"href":"https:\/\/diariodominicano.com\/index.php?rest_route=\/wp\/v2\/posts\/480131","targetHints":{"allow":["GET"]}}],"collection":[{"href":"https:\/\/diariodominicano.com\/index.php?rest_route=\/wp\/v2\/posts"}],"about":[{"href":"https:\/\/diariodominicano.com\/index.php?rest_route=\/wp\/v2\/types\/post"}],"author":[{"embeddable":true,"href":"https:\/\/diariodominicano.com\/index.php?rest_route=\/wp\/v2\/users\/28"}],"replies":[{"embeddable":true,"href":"https:\/\/diariodominicano.com\/index.php?rest_route=%2Fwp%2Fv2%2Fcomments&post=480131"}],"version-history":[{"count":9,"href":"https:\/\/diariodominicano.com\/index.php?rest_route=\/wp\/v2\/posts\/480131\/revisions"}],"predecessor-version":[{"id":480148,"href":"https:\/\/diariodominicano.com\/index.php?rest_route=\/wp\/v2\/posts\/480131\/revisions\/480148"}],"wp:featuredmedia":[{"embeddable":true,"href":"https:\/\/diariodominicano.com\/index.php?rest_route=\/wp\/v2\/media\/480132"}],"wp:attachment":[{"href":"https:\/\/diariodominicano.com\/index.php?rest_route=%2Fwp%2Fv2%2Fmedia&parent=480131"}],"wp:term":[{"taxonomy":"category","embeddable":true,"href":"https:\/\/diariodominicano.com\/index.php?rest_route=%2Fwp%2Fv2%2Fcategories&post=480131"},{"taxonomy":"post_tag","embeddable":true,"href":"https:\/\/diariodominicano.com\/index.php?rest_route=%2Fwp%2Fv2%2Ftags&post=480131"}],"curies":[{"name":"wp","href":"https:\/\/api.w.org\/{rel}","templated":true}]}}