{"id":480037,"date":"2023-10-15T00:04:30","date_gmt":"2023-10-15T04:04:30","guid":{"rendered":"http:\/\/diariodominicano.com\/?p=480037"},"modified":"2023-10-15T00:04:30","modified_gmt":"2023-10-15T04:04:30","slug":"subsecretario-de-la-onu-se-reunio-con-directivos-de-policia-de-haiti","status":"publish","type":"post","link":"https:\/\/diariodominicano.com\/?p=480037","title":{"rendered":"Subsecretario de la ONU se reuni\u00f3 con directivos de Polic\u00eda de Hait\u00ed"},"content":{"rendered":"\n<p>Puerto Pr\u00edncipe, 14 oct (Prensa Latina) El subsecretario adjunto de Asuntos Pol\u00edticos de Naciones Unidas, Jenca Miroslav, visit\u00f3 hoy la sede de la Direcci\u00f3n General de la Polic\u00eda de Hait\u00ed, donde se reuni\u00f3 con sus principales directivos.&nbsp;&nbsp;&nbsp;&nbsp;<\/p>\n\n\n\n<ul class=\"wp-block-list\"><li>octubre 14, 2023<\/li><li>CDT22:59 (GMT) -0400<\/li><\/ul>\n\n\n\n<p>Miroslav discuti\u00f3 con el director del cuerpo, Frantz Elb\u00e9, sobre la situaci\u00f3n de seguridad que enfrenta el pa\u00eds y los desaf\u00edos en esa materia.<\/p>\n\n\n\n<p>El funcionario de la ONU se encuentra de visita oficial en el pa\u00eds caribe\u00f1o y sostuvo un encuentro la v\u00edspera con el primer ministro Ariel Henry, en el cual evaluaron la evoluci\u00f3n de la situaci\u00f3n en Hait\u00ed, que espera el arribo de una misi\u00f3n multinacional de apoyo a la seguridad, as\u00ed como los preparativos para recibir esa fuerza.<\/p>\n\n\n\n<p>Tambi\u00e9n abordaron el conflicto entre Hait\u00ed y Rep\u00fablica Dominicana sobre el uso de las aguas del r\u00edo Masacre y la disposici\u00f3n de la ONU a ofrecer su experiencia a ambas partes en la b\u00fasqueda de una soluci\u00f3n a este problema.<\/p>\n\n\n\n<p>Igualmente, Miroslav se entrevist\u00f3 con miembros del Alto Consejo de Transici\u00f3n, estructura fruto del acuerdo gubernamental conocido como 21 de diciembre y que debe participar junto al ejecutivo en la adopci\u00f3n de medidas trascendentales para el pa\u00eds.<\/p>\n\n\n\n<p>Al fin de la reuni\u00f3n el subsecretario adjunto asegur\u00f3 que es fundamental avanzar en un proceso pol\u00edtico inclusivo y cre\u00edble.<\/p>\n\n\n\n<p>Adem\u00e1s, Miroslav convers\u00f3 con el ministro de Asuntos Exteriores, V\u00edctor G\u00e9n\u00e9us, en su despacho sobre el apoyo de los enviados de la Comunidad del Caribe para facilitar el di\u00e1logo intrahaitiano, as\u00ed como la situaci\u00f3n en frontera. \u201cLa ONU apoya las soluciones bilaterales negociadas\u201d, insisti\u00f3.<\/p>\n\n\n\n<p>lam\/ane<\/p>\n","protected":false},"excerpt":{"rendered":"<p>Puerto Pr\u00edncipe, 14 oct (Prensa Latina) El subsecretario adjunto de Asuntos Pol\u00edticos de Naciones Unidas, Jenca Miroslav, visit\u00f3 hoy la sede de la Direcci\u00f3n General de la Polic\u00eda de Hait\u00ed, donde se reuni\u00f3 con sus principales directivos.&nbsp;&nbsp;&nbsp;&nbsp; octubre 14, 2023 CDT22:59 (GMT) -0400 Miroslav discuti\u00f3 con el director del cuerpo, Frantz Elb\u00e9, sobre la situaci\u00f3n [&hellip;]<\/p>\n","protected":false},"author":28,"featured_media":480038,"comment_status":"closed","ping_status":"","sticky":true,"template":"","format":"standard","meta":{"footnotes":""},"categories":[112,23],"tags":[],"class_list":["post-480037","post","type-post","status-publish","format-standard","has-post-thumbnail","hentry","category-haiti","category-internacional"],"_links":{"self":[{"href":"https:\/\/diariodominicano.com\/index.php?rest_route=\/wp\/v2\/posts\/480037","targetHints":{"allow":["GET"]}}],"collection":[{"href":"https:\/\/diariodominicano.com\/index.php?rest_route=\/wp\/v2\/posts"}],"about":[{"href":"https:\/\/diariodominicano.com\/index.php?rest_route=\/wp\/v2\/types\/post"}],"author":[{"embeddable":true,"href":"https:\/\/diariodominicano.com\/index.php?rest_route=\/wp\/v2\/users\/28"}],"replies":[{"embeddable":true,"href":"https:\/\/diariodominicano.com\/index.php?rest_route=%2Fwp%2Fv2%2Fcomments&post=480037"}],"version-history":[{"count":1,"href":"https:\/\/diariodominicano.com\/index.php?rest_route=\/wp\/v2\/posts\/480037\/revisions"}],"predecessor-version":[{"id":480039,"href":"https:\/\/diariodominicano.com\/index.php?rest_route=\/wp\/v2\/posts\/480037\/revisions\/480039"}],"wp:featuredmedia":[{"embeddable":true,"href":"https:\/\/diariodominicano.com\/index.php?rest_route=\/wp\/v2\/media\/480038"}],"wp:attachment":[{"href":"https:\/\/diariodominicano.com\/index.php?rest_route=%2Fwp%2Fv2%2Fmedia&parent=480037"}],"wp:term":[{"taxonomy":"category","embeddable":true,"href":"https:\/\/diariodominicano.com\/index.php?rest_route=%2Fwp%2Fv2%2Fcategories&post=480037"},{"taxonomy":"post_tag","embeddable":true,"href":"https:\/\/diariodominicano.com\/index.php?rest_route=%2Fwp%2Fv2%2Ftags&post=480037"}],"curies":[{"name":"wp","href":"https:\/\/api.w.org\/{rel}","templated":true}]}}