{"id":479915,"date":"2023-10-14T20:04:42","date_gmt":"2023-10-15T00:04:42","guid":{"rendered":"http:\/\/diariodominicano.com\/?p=479915"},"modified":"2023-10-14T20:09:29","modified_gmt":"2023-10-15T00:09:29","slug":"jornadas-de-baile-aplaudidas-en-edanco-2023","status":"publish","type":"post","link":"https:\/\/diariodominicano.com\/?p=479915","title":{"rendered":"Jornadas de baile aplaudidas en EDANCO\u00a02023\u00a0\u00a0\u00a0\u00a0\u00a0\u00a0\u00a0\u00a0"},"content":{"rendered":"\n<p> Diferentes presentaciones de EDANCO 2023. <\/p>\n\n\n\n<p><strong>\u00a0\u00a0\u00a0\u00a0\u00a0\u00a0\u00a0\u00a0\u00a0\u00a0\u00a0\u00a0\u00a0\u00a0\u00a0\u00a0\u00a0\u00a0\u00a0\u00a0\u00a0\u00a0\u00a0\u00a0\u00a0\u00a0\u00a0\u00a0\u00a0\u00a0\u00a0\u00a0\u00a0\u00a0\u00a0\u00a0\u00a0\u00a0\u00a0\u00a0\u00a0\u00a0\u00a0\u00a0<\/strong><em><br>El p\u00fablico disfrut\u00f3 las presentaciones de\u00a0consagrados profesionales de la danza procedentes de Colombia,\u00a0Polonia, Espa\u00f1a, Costa Rica, Estados Unidos, Canad\u00e1, Francia, Ecuador y Rep\u00fablica Dominicana.<\/em><\/p>\n\n\n\n<figure class=\"wp-block-image size-large\"><img loading=\"lazy\" decoding=\"async\" width=\"1024\" height=\"683\" src=\"https:\/\/diariodominicano.com\/wp-content\/uploads\/2023\/10\/edanco.rd_1696940643_3210493268348122852_3965689951-1024x683.jpg\" alt=\"\" class=\"wp-image-479917\" srcset=\"https:\/\/diariodominicano.com\/wp-content\/uploads\/2023\/10\/edanco.rd_1696940643_3210493268348122852_3965689951-1024x683.jpg 1024w, https:\/\/diariodominicano.com\/wp-content\/uploads\/2023\/10\/edanco.rd_1696940643_3210493268348122852_3965689951-300x200.jpg 300w, https:\/\/diariodominicano.com\/wp-content\/uploads\/2023\/10\/edanco.rd_1696940643_3210493268348122852_3965689951-768x512.jpg 768w, https:\/\/diariodominicano.com\/wp-content\/uploads\/2023\/10\/edanco.rd_1696940643_3210493268348122852_3965689951-816x544.jpg 816w, https:\/\/diariodominicano.com\/wp-content\/uploads\/2023\/10\/edanco.rd_1696940643_3210493268348122852_3965689951.jpg 1080w\" sizes=\"auto, (max-width: 1024px) 100vw, 1024px\" \/><\/figure>\n\n\n\n<figure class=\"wp-block-image size-large\"><img loading=\"lazy\" decoding=\"async\" width=\"1024\" height=\"683\" src=\"https:\/\/diariodominicano.com\/wp-content\/uploads\/2023\/10\/edanco.rd_1696830763_3209571525481088310_3965689951-1024x683.jpg\" alt=\"\" class=\"wp-image-479919\" srcset=\"https:\/\/diariodominicano.com\/wp-content\/uploads\/2023\/10\/edanco.rd_1696830763_3209571525481088310_3965689951-1024x683.jpg 1024w, https:\/\/diariodominicano.com\/wp-content\/uploads\/2023\/10\/edanco.rd_1696830763_3209571525481088310_3965689951-300x200.jpg 300w, https:\/\/diariodominicano.com\/wp-content\/uploads\/2023\/10\/edanco.rd_1696830763_3209571525481088310_3965689951-768x512.jpg 768w, https:\/\/diariodominicano.com\/wp-content\/uploads\/2023\/10\/edanco.rd_1696830763_3209571525481088310_3965689951-816x544.jpg 816w, https:\/\/diariodominicano.com\/wp-content\/uploads\/2023\/10\/edanco.rd_1696830763_3209571525481088310_3965689951.jpg 1080w\" sizes=\"auto, (max-width: 1024px) 100vw, 1024px\" \/><\/figure>\n\n\n\n<p><strong>Santo Domingo, RD, octubre 2023.<\/strong>\u00a0La\u00a0d\u00e9cimo octava edici\u00f3n\u00a0del\u00a0Festival Internacional de Danza Contempor\u00e1nea (EDANCO\u00a02023), fue realizada con \u00e9xito gracias a la calidad de sus propuestas.<\/p>\n\n\n\n<p>Esta jornada cultural inici\u00f3 con el proyecto \u2018Espacios Alternativos\u2019&nbsp;que dio vida a la obra \u201cA la inversa\u201d, puesta en escena por j\u00f3venes artistas&nbsp;que coreografiaron a maestros que han dejado su impronta en la danza dominicana.&nbsp;<\/p>\n\n\n\n<p>La gala inaugural fue&nbsp;protagonizada por la&nbsp;Compa\u00f1\u00eda&nbsp;Nacional del Ecuador y la&nbsp;Compa\u00f1\u00eda&nbsp;Nacional de Danza&nbsp;Contempor\u00e1nea, que en sus dos funciones llen\u00f3 a capacidad la Sala Manuel Rueda.<\/p>\n\n\n\n<p>Edmundo Poy,&nbsp;director de este Festival&nbsp;expres\u00f3 que, durante dos semanas,&nbsp;amantes de la danza, estudiantes y p\u00fablico en general&nbsp;disfrutaron las presentaciones de las compa\u00f1\u00edas procedentes de Polonia, Espa\u00f1a, Costa Rica, Estados Unidos, Canad\u00e1, Francia y Ecuador.<\/p>\n\n\n\n<figure class=\"wp-block-image size-large\"><img loading=\"lazy\" decoding=\"async\" width=\"1024\" height=\"683\" src=\"https:\/\/diariodominicano.com\/wp-content\/uploads\/2023\/10\/edanco.rd_1696941554_3210500913507501054_3965689951-1024x683.jpg\" alt=\"\" class=\"wp-image-479921\" srcset=\"https:\/\/diariodominicano.com\/wp-content\/uploads\/2023\/10\/edanco.rd_1696941554_3210500913507501054_3965689951-1024x683.jpg 1024w, https:\/\/diariodominicano.com\/wp-content\/uploads\/2023\/10\/edanco.rd_1696941554_3210500913507501054_3965689951-300x200.jpg 300w, https:\/\/diariodominicano.com\/wp-content\/uploads\/2023\/10\/edanco.rd_1696941554_3210500913507501054_3965689951-768x512.jpg 768w, https:\/\/diariodominicano.com\/wp-content\/uploads\/2023\/10\/edanco.rd_1696941554_3210500913507501054_3965689951-816x544.jpg 816w, https:\/\/diariodominicano.com\/wp-content\/uploads\/2023\/10\/edanco.rd_1696941554_3210500913507501054_3965689951.jpg 1080w\" sizes=\"auto, (max-width: 1024px) 100vw, 1024px\" \/><\/figure>\n\n\n\n<p>\u201cAgradecemos al Ballet Metropolitano de Medell\u00edn y a la artista de la danza Margarita Roa Vargas, quienes nos regalaron su talento, profesionalidad y pasi\u00f3n por la danza\u201d, dijo Poy al recordar que Colombia fue el pa\u00eds invitado de honor.<\/p>\n\n\n\n<p>Por igual, agradeci\u00f3 a&nbsp;la&nbsp;compa\u00f1\u00eda&nbsp;Teatr A Part, de Polonia;la Compa\u00f1\u00eda&nbsp;&nbsp;&nbsp;&nbsp;&nbsp;&nbsp;&nbsp;&nbsp;Art-fat, de Francia-Martinica;&nbsp;al bailar\u00edn Eric Rivera de Estados Unidos; a Karol Marenco de Costa Rica; as\u00ed como al Ballet Concierto Dominicano y a Evelyn Tejeda de la di\u00e1spora residente en Estados Unidos.<\/p>\n\n\n\n<p><strong>\u201c<\/strong>Este a\u00f1o, tuvimos aCarmen Werner, Carlos Ponds, de Inglaterra; y a Rebecca Margolick y Jason Mart\u00edn, de Canad\u00e1, todos importantes maestros de la danza\u201d. Poy&nbsp;agreg\u00f3 que nueva&nbsp;&nbsp;vez, el p\u00fablico apoy\u00f3&nbsp;las tradicionales Danza Joven y la Noche Dominicana en sus diferentes tandas.<\/p>\n\n\n\n<figure class=\"wp-block-image size-large\"><img loading=\"lazy\" decoding=\"async\" width=\"1024\" height=\"683\" src=\"https:\/\/diariodominicano.com\/wp-content\/uploads\/2023\/10\/edanco.rd_1696830763_3209571525321557207_3965689951-1024x683.jpg\" alt=\"\" class=\"wp-image-479923\" srcset=\"https:\/\/diariodominicano.com\/wp-content\/uploads\/2023\/10\/edanco.rd_1696830763_3209571525321557207_3965689951-1024x683.jpg 1024w, https:\/\/diariodominicano.com\/wp-content\/uploads\/2023\/10\/edanco.rd_1696830763_3209571525321557207_3965689951-300x200.jpg 300w, https:\/\/diariodominicano.com\/wp-content\/uploads\/2023\/10\/edanco.rd_1696830763_3209571525321557207_3965689951-768x512.jpg 768w, https:\/\/diariodominicano.com\/wp-content\/uploads\/2023\/10\/edanco.rd_1696830763_3209571525321557207_3965689951-816x544.jpg 816w, https:\/\/diariodominicano.com\/wp-content\/uploads\/2023\/10\/edanco.rd_1696830763_3209571525321557207_3965689951.jpg 1080w\" sizes=\"auto, (max-width: 1024px) 100vw, 1024px\" \/><\/figure>\n\n\n\n<figure class=\"wp-block-image size-large\"><img loading=\"lazy\" decoding=\"async\" width=\"1024\" height=\"682\" src=\"https:\/\/diariodominicano.com\/wp-content\/uploads\/2023\/10\/edanco.rd_1696829490_3209560850004383833_3965689951-1024x682.jpg\" alt=\"\" class=\"wp-image-479924\" srcset=\"https:\/\/diariodominicano.com\/wp-content\/uploads\/2023\/10\/edanco.rd_1696829490_3209560850004383833_3965689951-1024x682.jpg 1024w, https:\/\/diariodominicano.com\/wp-content\/uploads\/2023\/10\/edanco.rd_1696829490_3209560850004383833_3965689951-300x200.jpg 300w, https:\/\/diariodominicano.com\/wp-content\/uploads\/2023\/10\/edanco.rd_1696829490_3209560850004383833_3965689951-768x511.jpg 768w, https:\/\/diariodominicano.com\/wp-content\/uploads\/2023\/10\/edanco.rd_1696829490_3209560850004383833_3965689951-816x543.jpg 816w, https:\/\/diariodominicano.com\/wp-content\/uploads\/2023\/10\/edanco.rd_1696829490_3209560850004383833_3965689951.jpg 1080w\" sizes=\"auto, (max-width: 1024px) 100vw, 1024px\" \/><\/figure>\n\n\n\n<figure class=\"wp-block-image size-large\"><img loading=\"lazy\" decoding=\"async\" width=\"1024\" height=\"682\" src=\"https:\/\/diariodominicano.com\/wp-content\/uploads\/2023\/10\/edanco.rd_1696829490_3209560849861830757_3965689951-1024x682.jpg\" alt=\"\" class=\"wp-image-479926\" srcset=\"https:\/\/diariodominicano.com\/wp-content\/uploads\/2023\/10\/edanco.rd_1696829490_3209560849861830757_3965689951-1024x682.jpg 1024w, https:\/\/diariodominicano.com\/wp-content\/uploads\/2023\/10\/edanco.rd_1696829490_3209560849861830757_3965689951-300x200.jpg 300w, https:\/\/diariodominicano.com\/wp-content\/uploads\/2023\/10\/edanco.rd_1696829490_3209560849861830757_3965689951-768x511.jpg 768w, https:\/\/diariodominicano.com\/wp-content\/uploads\/2023\/10\/edanco.rd_1696829490_3209560849861830757_3965689951-816x543.jpg 816w, https:\/\/diariodominicano.com\/wp-content\/uploads\/2023\/10\/edanco.rd_1696829490_3209560849861830757_3965689951.jpg 1080w\" sizes=\"auto, (max-width: 1024px) 100vw, 1024px\" \/><\/figure>\n\n\n\n<figure class=\"wp-block-image size-large\"><img loading=\"lazy\" decoding=\"async\" width=\"1024\" height=\"683\" src=\"https:\/\/diariodominicano.com\/wp-content\/uploads\/2023\/10\/edanco.rd_1696829282_3209559101726090685_3965689951-1024x683.jpg\" alt=\"\" class=\"wp-image-479927\" srcset=\"https:\/\/diariodominicano.com\/wp-content\/uploads\/2023\/10\/edanco.rd_1696829282_3209559101726090685_3965689951-1024x683.jpg 1024w, https:\/\/diariodominicano.com\/wp-content\/uploads\/2023\/10\/edanco.rd_1696829282_3209559101726090685_3965689951-300x200.jpg 300w, https:\/\/diariodominicano.com\/wp-content\/uploads\/2023\/10\/edanco.rd_1696829282_3209559101726090685_3965689951-768x512.jpg 768w, https:\/\/diariodominicano.com\/wp-content\/uploads\/2023\/10\/edanco.rd_1696829282_3209559101726090685_3965689951-816x544.jpg 816w, https:\/\/diariodominicano.com\/wp-content\/uploads\/2023\/10\/edanco.rd_1696829282_3209559101726090685_3965689951.jpg 1080w\" sizes=\"auto, (max-width: 1024px) 100vw, 1024px\" \/><\/figure>\n\n\n\n<p>Las presentaciones&nbsp;de EDANCO 2023&nbsp;se llevaron a cabo en la sala Manuel Rueda. Tambi\u00e9n en Casa de Teatro, Casa de la M\u00fasica, Centro Cultural de Espa\u00f1a, y en el Museo de la Resistencia, en la Ciudad Colonial.<\/p>\n\n\n\n<figure class=\"wp-block-image size-large\"><img loading=\"lazy\" decoding=\"async\" width=\"1024\" height=\"683\" src=\"https:\/\/diariodominicano.com\/wp-content\/uploads\/2023\/10\/edanco.rd_1696829282_3209559101801681307_3965689951-1024x683.jpg\" alt=\"\" class=\"wp-image-479928\" srcset=\"https:\/\/diariodominicano.com\/wp-content\/uploads\/2023\/10\/edanco.rd_1696829282_3209559101801681307_3965689951-1024x683.jpg 1024w, https:\/\/diariodominicano.com\/wp-content\/uploads\/2023\/10\/edanco.rd_1696829282_3209559101801681307_3965689951-300x200.jpg 300w, https:\/\/diariodominicano.com\/wp-content\/uploads\/2023\/10\/edanco.rd_1696829282_3209559101801681307_3965689951-768x512.jpg 768w, https:\/\/diariodominicano.com\/wp-content\/uploads\/2023\/10\/edanco.rd_1696829282_3209559101801681307_3965689951-816x544.jpg 816w, https:\/\/diariodominicano.com\/wp-content\/uploads\/2023\/10\/edanco.rd_1696829282_3209559101801681307_3965689951.jpg 1080w\" sizes=\"auto, (max-width: 1024px) 100vw, 1024px\" \/><\/figure>\n\n\n\n<figure class=\"wp-block-image size-large\"><img loading=\"lazy\" decoding=\"async\" width=\"1024\" height=\"683\" src=\"https:\/\/diariodominicano.com\/wp-content\/uploads\/2023\/10\/edanco.rd_1696829282_3209559101843595623_3965689951-1024x683.jpg\" alt=\"\" class=\"wp-image-479929\" srcset=\"https:\/\/diariodominicano.com\/wp-content\/uploads\/2023\/10\/edanco.rd_1696829282_3209559101843595623_3965689951-1024x683.jpg 1024w, https:\/\/diariodominicano.com\/wp-content\/uploads\/2023\/10\/edanco.rd_1696829282_3209559101843595623_3965689951-300x200.jpg 300w, https:\/\/diariodominicano.com\/wp-content\/uploads\/2023\/10\/edanco.rd_1696829282_3209559101843595623_3965689951-768x512.jpg 768w, https:\/\/diariodominicano.com\/wp-content\/uploads\/2023\/10\/edanco.rd_1696829282_3209559101843595623_3965689951-816x544.jpg 816w, https:\/\/diariodominicano.com\/wp-content\/uploads\/2023\/10\/edanco.rd_1696829282_3209559101843595623_3965689951.jpg 1080w\" sizes=\"auto, (max-width: 1024px) 100vw, 1024px\" \/><\/figure>\n\n\n\n<figure class=\"wp-block-image size-large\"><img loading=\"lazy\" decoding=\"async\" width=\"1024\" height=\"683\" src=\"https:\/\/diariodominicano.com\/wp-content\/uploads\/2023\/10\/edanco.rd_1696828584_3209553251250792105_3965689951-1024x683.jpg\" alt=\"\" class=\"wp-image-479931\" srcset=\"https:\/\/diariodominicano.com\/wp-content\/uploads\/2023\/10\/edanco.rd_1696828584_3209553251250792105_3965689951-1024x683.jpg 1024w, https:\/\/diariodominicano.com\/wp-content\/uploads\/2023\/10\/edanco.rd_1696828584_3209553251250792105_3965689951-300x200.jpg 300w, https:\/\/diariodominicano.com\/wp-content\/uploads\/2023\/10\/edanco.rd_1696828584_3209553251250792105_3965689951-768x512.jpg 768w, https:\/\/diariodominicano.com\/wp-content\/uploads\/2023\/10\/edanco.rd_1696828584_3209553251250792105_3965689951-816x544.jpg 816w, https:\/\/diariodominicano.com\/wp-content\/uploads\/2023\/10\/edanco.rd_1696828584_3209553251250792105_3965689951.jpg 1080w\" sizes=\"auto, (max-width: 1024px) 100vw, 1024px\" \/><\/figure>\n\n\n\n<figure class=\"wp-block-image size-large\"><img loading=\"lazy\" decoding=\"async\" width=\"1024\" height=\"683\" src=\"https:\/\/diariodominicano.com\/wp-content\/uploads\/2023\/10\/edanco.rd_1696828683_3209554083912354792_3965689951-1024x683.jpg\" alt=\"\" class=\"wp-image-479933\" srcset=\"https:\/\/diariodominicano.com\/wp-content\/uploads\/2023\/10\/edanco.rd_1696828683_3209554083912354792_3965689951-1024x683.jpg 1024w, https:\/\/diariodominicano.com\/wp-content\/uploads\/2023\/10\/edanco.rd_1696828683_3209554083912354792_3965689951-300x200.jpg 300w, https:\/\/diariodominicano.com\/wp-content\/uploads\/2023\/10\/edanco.rd_1696828683_3209554083912354792_3965689951-768x512.jpg 768w, https:\/\/diariodominicano.com\/wp-content\/uploads\/2023\/10\/edanco.rd_1696828683_3209554083912354792_3965689951-816x544.jpg 816w, https:\/\/diariodominicano.com\/wp-content\/uploads\/2023\/10\/edanco.rd_1696828683_3209554083912354792_3965689951.jpg 1080w\" sizes=\"auto, (max-width: 1024px) 100vw, 1024px\" \/><\/figure>\n\n\n\n<p><strong>Apoyo<\/strong><\/p>\n\n\n\n<p>La agenda de&nbsp;EDANCO 2023 fue realizada con el apoyo de la Direcci\u00f3n General de Bellas Artes, Banco Popular, embajadas de Colombia, Francia y Espa\u00f1a en Rep\u00fablica Dominicana. Tres Tintas Papeler\u00eda Creativa, Neolis Partners Cosultores, Onu Migraci\u00f3n, el Museo Jos\u00e9 Cestero, Ra\u00edces 102.9 FM; El Nuevo Diario, List\u00edn Diario y su Plan Lea; Adam Mickiewicz Institute, Acrearte, Centro de Danza Belkis Sandoval, Colombia Potencia de la Vida, Endaza,&nbsp;Compa\u00f1\u00eda&nbsp;Nacional de Danza&nbsp;Contempor\u00e1nea, Ballet Nacional Dominicano, Ballet Folk\u00f3rico Nacional, Casa de Teatro,&nbsp;Museo de la Resistencia.<\/p>\n\n\n\n<p>La Casa de la M\u00fasica, UNAPEC, Alina Abreu Conservatorio de Danza, Cofrad\u00eda, Air Cara\u00efbes,&nbsp;la Asociaci\u00f3n Dominicana de Profesionales de la Danza (Adpdanza), Cervecer\u00eda Nacional Dominicana, Casa Brugal, Pinturas Tropical&nbsp;y el Centro de Salud Bucal doctora Zoila Fern\u00e1ndez&nbsp;tambi\u00e9n apoyaron a EDANCO 2023.<\/p>\n\n\n\n<p><strong>Pie de fotos.<\/strong><\/p>\n\n\n\n<p>Diferentes presentaciones de EDANCO 2023.<\/p>\n","protected":false},"excerpt":{"rendered":"<p>Diferentes presentaciones de EDANCO 2023. \u00a0\u00a0\u00a0\u00a0\u00a0\u00a0\u00a0\u00a0\u00a0\u00a0\u00a0\u00a0\u00a0\u00a0\u00a0\u00a0\u00a0\u00a0\u00a0\u00a0\u00a0\u00a0\u00a0\u00a0\u00a0\u00a0\u00a0\u00a0\u00a0\u00a0\u00a0\u00a0\u00a0\u00a0\u00a0\u00a0\u00a0\u00a0\u00a0\u00a0\u00a0\u00a0\u00a0\u00a0El p\u00fablico disfrut\u00f3 las presentaciones de\u00a0consagrados profesionales de la danza procedentes de Colombia,\u00a0Polonia, Espa\u00f1a, Costa Rica, Estados Unidos, Canad\u00e1, Francia, Ecuador y Rep\u00fablica Dominicana. Santo Domingo, RD, octubre 2023.\u00a0La\u00a0d\u00e9cimo octava edici\u00f3n\u00a0del\u00a0Festival Internacional de Danza Contempor\u00e1nea (EDANCO\u00a02023), fue realizada con \u00e9xito gracias a la calidad de sus propuestas. Esta jornada cultural [&hellip;]<\/p>\n","protected":false},"author":28,"featured_media":479916,"comment_status":"closed","ping_status":"","sticky":false,"template":"","format":"standard","meta":{"footnotes":""},"categories":[21,36,32],"tags":[],"class_list":["post-479915","post","type-post","status-publish","format-standard","has-post-thumbnail","hentry","category-cultura","category-hombresmujeresycosas","category-turismo"],"_links":{"self":[{"href":"https:\/\/diariodominicano.com\/index.php?rest_route=\/wp\/v2\/posts\/479915","targetHints":{"allow":["GET"]}}],"collection":[{"href":"https:\/\/diariodominicano.com\/index.php?rest_route=\/wp\/v2\/posts"}],"about":[{"href":"https:\/\/diariodominicano.com\/index.php?rest_route=\/wp\/v2\/types\/post"}],"author":[{"embeddable":true,"href":"https:\/\/diariodominicano.com\/index.php?rest_route=\/wp\/v2\/users\/28"}],"replies":[{"embeddable":true,"href":"https:\/\/diariodominicano.com\/index.php?rest_route=%2Fwp%2Fv2%2Fcomments&post=479915"}],"version-history":[{"count":8,"href":"https:\/\/diariodominicano.com\/index.php?rest_route=\/wp\/v2\/posts\/479915\/revisions"}],"predecessor-version":[{"id":479935,"href":"https:\/\/diariodominicano.com\/index.php?rest_route=\/wp\/v2\/posts\/479915\/revisions\/479935"}],"wp:featuredmedia":[{"embeddable":true,"href":"https:\/\/diariodominicano.com\/index.php?rest_route=\/wp\/v2\/media\/479916"}],"wp:attachment":[{"href":"https:\/\/diariodominicano.com\/index.php?rest_route=%2Fwp%2Fv2%2Fmedia&parent=479915"}],"wp:term":[{"taxonomy":"category","embeddable":true,"href":"https:\/\/diariodominicano.com\/index.php?rest_route=%2Fwp%2Fv2%2Fcategories&post=479915"},{"taxonomy":"post_tag","embeddable":true,"href":"https:\/\/diariodominicano.com\/index.php?rest_route=%2Fwp%2Fv2%2Ftags&post=479915"}],"curies":[{"name":"wp","href":"https:\/\/api.w.org\/{rel}","templated":true}]}}