{"id":479867,"date":"2023-10-14T14:55:26","date_gmt":"2023-10-14T18:55:26","guid":{"rendered":"http:\/\/diariodominicano.com\/?p=479867"},"modified":"2023-10-14T15:02:04","modified_gmt":"2023-10-14T19:02:04","slug":"inauguran-exposicion-fotografica-mi-pais-aves-y-paisajes","status":"publish","type":"post","link":"https:\/\/diariodominicano.com\/?p=479867","title":{"rendered":"Inauguran exposici\u00f3n fotogr\u00e1fica \u201cMi pa\u00eds: Aves y Paisajes\u201d"},"content":{"rendered":"\n<p>  El artista Carlos  Sangiovanni pronuncia las palabras de apertura. <\/p>\n\n\n\n<p>La universidad APEC, a trav\u00e9s de su Programa APEC Cultural, inaugur\u00f3 el pasado 11 de octubre la exposici\u00f3n fotogr\u00e1fica Mi Pa\u00eds: Aves y Paisajes, del artista Juan Sangiovanni.<\/p>\n\n\n\n<figure class=\"wp-block-image size-large\"><img loading=\"lazy\" decoding=\"async\" width=\"1024\" height=\"683\" src=\"https:\/\/diariodominicano.com\/wp-content\/uploads\/2023\/10\/El-artista-del-lente-Juan-Sangiovanni-1-1024x683.jpg\" alt=\"\" class=\"wp-image-479875\" srcset=\"https:\/\/diariodominicano.com\/wp-content\/uploads\/2023\/10\/El-artista-del-lente-Juan-Sangiovanni-1-1024x683.jpg 1024w, https:\/\/diariodominicano.com\/wp-content\/uploads\/2023\/10\/El-artista-del-lente-Juan-Sangiovanni-1-300x200.jpg 300w, https:\/\/diariodominicano.com\/wp-content\/uploads\/2023\/10\/El-artista-del-lente-Juan-Sangiovanni-1-768x512.jpg 768w, https:\/\/diariodominicano.com\/wp-content\/uploads\/2023\/10\/El-artista-del-lente-Juan-Sangiovanni-1-1536x1024.jpg 1536w, https:\/\/diariodominicano.com\/wp-content\/uploads\/2023\/10\/El-artista-del-lente-Juan-Sangiovanni-1-2048x1366.jpg 2048w, https:\/\/diariodominicano.com\/wp-content\/uploads\/2023\/10\/El-artista-del-lente-Juan-Sangiovanni-1-816x544.jpg 816w\" sizes=\"auto, (max-width: 1024px) 100vw, 1024px\" \/><figcaption>El  artista Juan Sangiovanni. <\/figcaption><\/figure>\n\n\n\n<figure class=\"wp-block-image size-large is-resized\"><img loading=\"lazy\" decoding=\"async\" src=\"https:\/\/diariodominicano.com\/wp-content\/uploads\/2023\/10\/Mi-Pais-Aves-y-Paisajes-1-1024x866.jpg\" alt=\"\" class=\"wp-image-479869\" width=\"616\" height=\"520\" srcset=\"https:\/\/diariodominicano.com\/wp-content\/uploads\/2023\/10\/Mi-Pais-Aves-y-Paisajes-1-1024x866.jpg 1024w, https:\/\/diariodominicano.com\/wp-content\/uploads\/2023\/10\/Mi-Pais-Aves-y-Paisajes-1-300x254.jpg 300w, https:\/\/diariodominicano.com\/wp-content\/uploads\/2023\/10\/Mi-Pais-Aves-y-Paisajes-1-768x650.jpg 768w, https:\/\/diariodominicano.com\/wp-content\/uploads\/2023\/10\/Mi-Pais-Aves-y-Paisajes-1-1536x1299.jpg 1536w, https:\/\/diariodominicano.com\/wp-content\/uploads\/2023\/10\/Mi-Pais-Aves-y-Paisajes-1-816x690.jpg 816w, https:\/\/diariodominicano.com\/wp-content\/uploads\/2023\/10\/Mi-Pais-Aves-y-Paisajes-1.jpg 1928w\" sizes=\"auto, (max-width: 616px) 100vw, 616px\" \/><figcaption>En el acto inaugural <\/figcaption><\/figure>\n\n\n\n<p>La muestra se encuentra en exhibici\u00f3n en La Casona, en la sede de la instituci\u00f3n acad\u00e9mica. La muestra re\u00fane m\u00e1s de 20 im\u00e1genes que retratan nuestro pa\u00eds a traves de paisajes y aves end\u00e9micas de la isla La Espa\u00f1ola<\/p>\n\n\n\n<p>El acto de apertura cont\u00f3 con la presencia de autoridades de la universidad, invitados especiales, estudiantes, profesores y p\u00fablico en general, quienes disfrutaron de la belleza y el colorido de las fotograf\u00edas, que reflejan el talento y la sensibilidad del artista, as\u00ed como su compromiso con la conservaci\u00f3n del medio ambiente.<\/p>\n\n\n\n<p>El artista agradeci\u00f3 el apoyo recibido por parte de UNAPEC y su Programa APEC Cultural para realizar esta exposici\u00f3n, que es el resultado de varios a\u00f1os de trabajo y dedicaci\u00f3n. Asimismo, expres\u00f3 su deseo de que esta muestra sirva para crear conciencia sobre la importancia de proteger y valorar el patrimonio natural del pa\u00eds.<\/p>\n\n\n\n<figure class=\"wp-block-image size-large\"><img loading=\"lazy\" decoding=\"async\" width=\"1024\" height=\"756\" src=\"https:\/\/diariodominicano.com\/wp-content\/uploads\/2023\/10\/Mi-Pais-Aves-y-Paisajes-3-1024x756.jpg\" alt=\"\" class=\"wp-image-479872\" srcset=\"https:\/\/diariodominicano.com\/wp-content\/uploads\/2023\/10\/Mi-Pais-Aves-y-Paisajes-3-1024x756.jpg 1024w, https:\/\/diariodominicano.com\/wp-content\/uploads\/2023\/10\/Mi-Pais-Aves-y-Paisajes-3-300x222.jpg 300w, https:\/\/diariodominicano.com\/wp-content\/uploads\/2023\/10\/Mi-Pais-Aves-y-Paisajes-3-768x567.jpg 768w, https:\/\/diariodominicano.com\/wp-content\/uploads\/2023\/10\/Mi-Pais-Aves-y-Paisajes-3-1536x1135.jpg 1536w, https:\/\/diariodominicano.com\/wp-content\/uploads\/2023\/10\/Mi-Pais-Aves-y-Paisajes-3-2048x1513.jpg 2048w, https:\/\/diariodominicano.com\/wp-content\/uploads\/2023\/10\/Mi-Pais-Aves-y-Paisajes-3-816x603.jpg 816w\" sizes=\"auto, (max-width: 1024px) 100vw, 1024px\" \/><\/figure>\n\n\n\n<p>La exposici\u00f3n Mi Pa\u00eds: Aves y Paisajes estar\u00e1 abierta al p\u00fablico hasta el 3 de noviembre, en horario de lunes a viernes de 9:00 a.m. a 5:00 p.m., y los s\u00e1bados de 9:00 a.m. a 12:00 m., en La Casona, ubicada en la avenida M\u00e1ximo G\u00f3mez esquina avenida M\u00e9xico. La entrada es gratuita.<\/p>\n\n\n\n<p>Para m\u00e1s informaci\u00f3n, pueden llamar al Programa APEC Cultural o seguir al artista en sus redes sociales @juansangiovanni.<\/p>\n\n\n\n<p>Sucre Julian Barrera<a target=\"_blank\" href=\"mailto:sujube.cimarron@gmail.com\" rel=\"noreferrer noopener\">sujube.cimarron@gmail.com<\/a><\/p>\n","protected":false},"excerpt":{"rendered":"<p>El artista Carlos Sangiovanni pronuncia las palabras de apertura. La universidad APEC, a trav\u00e9s de su Programa APEC Cultural, inaugur\u00f3 el pasado 11 de octubre la exposici\u00f3n fotogr\u00e1fica Mi Pa\u00eds: Aves y Paisajes, del artista Juan Sangiovanni. La muestra se encuentra en exhibici\u00f3n en La Casona, en la sede de la instituci\u00f3n acad\u00e9mica. La muestra [&hellip;]<\/p>\n","protected":false},"author":28,"featured_media":479868,"comment_status":"closed","ping_status":"","sticky":true,"template":"","format":"standard","meta":{"footnotes":""},"categories":[21,36,27,32],"tags":[],"class_list":["post-479867","post","type-post","status-publish","format-standard","has-post-thumbnail","hentry","category-cultura","category-hombresmujeresycosas","category-portada","category-turismo"],"_links":{"self":[{"href":"https:\/\/diariodominicano.com\/index.php?rest_route=\/wp\/v2\/posts\/479867","targetHints":{"allow":["GET"]}}],"collection":[{"href":"https:\/\/diariodominicano.com\/index.php?rest_route=\/wp\/v2\/posts"}],"about":[{"href":"https:\/\/diariodominicano.com\/index.php?rest_route=\/wp\/v2\/types\/post"}],"author":[{"embeddable":true,"href":"https:\/\/diariodominicano.com\/index.php?rest_route=\/wp\/v2\/users\/28"}],"replies":[{"embeddable":true,"href":"https:\/\/diariodominicano.com\/index.php?rest_route=%2Fwp%2Fv2%2Fcomments&post=479867"}],"version-history":[{"count":4,"href":"https:\/\/diariodominicano.com\/index.php?rest_route=\/wp\/v2\/posts\/479867\/revisions"}],"predecessor-version":[{"id":479876,"href":"https:\/\/diariodominicano.com\/index.php?rest_route=\/wp\/v2\/posts\/479867\/revisions\/479876"}],"wp:featuredmedia":[{"embeddable":true,"href":"https:\/\/diariodominicano.com\/index.php?rest_route=\/wp\/v2\/media\/479868"}],"wp:attachment":[{"href":"https:\/\/diariodominicano.com\/index.php?rest_route=%2Fwp%2Fv2%2Fmedia&parent=479867"}],"wp:term":[{"taxonomy":"category","embeddable":true,"href":"https:\/\/diariodominicano.com\/index.php?rest_route=%2Fwp%2Fv2%2Fcategories&post=479867"},{"taxonomy":"post_tag","embeddable":true,"href":"https:\/\/diariodominicano.com\/index.php?rest_route=%2Fwp%2Fv2%2Ftags&post=479867"}],"curies":[{"name":"wp","href":"https:\/\/api.w.org\/{rel}","templated":true}]}}