{"id":479825,"date":"2023-10-14T14:25:51","date_gmt":"2023-10-14T18:25:51","guid":{"rendered":"http:\/\/diariodominicano.com\/?p=479825"},"modified":"2023-10-14T14:25:51","modified_gmt":"2023-10-14T18:25:51","slug":"correr-rivaliza-con-los-farmacos-en-el-tratamiento-antidepresivo","status":"publish","type":"post","link":"https:\/\/diariodominicano.com\/?p=479825","title":{"rendered":"Correr rivaliza con los f\u00e1rmacos en el tratamiento antidepresivo"},"content":{"rendered":"\n<p>Washington, 14 oct (Prensa Latina) Un nuevo estudio publicado en Journal of Affective Disorders mostr\u00f3 que un programa basado en correr rivaliza con los f\u00e1rmacos para el tratamiento de la depresi\u00f3n y la ansiedad.&nbsp;&nbsp;&nbsp;&nbsp;<\/p>\n\n\n\n<ul class=\"wp-block-list\"><li>octubre 14, 2023<\/li><li>CDT13:47 (GMT) -0400<\/li><\/ul>\n\n\n\n<p>\u201cAmbas intervenciones ayudaron con la depresi\u00f3n aproximadamente en la misma medida\u201d, dijo en un comunicado la presentadora del estudio, Brenda Penninx, profesora de Epidemiolog\u00eda psiqui\u00e1trica de la University Medical Center en \u00c1msterdam, Pa\u00edses Bajos.<\/p>\n\n\n\n<p>Sin embargo, dijo, el \u201ctratamiento farmacol\u00f3gico en general tuvo un peor impacto sobre el peso corporal, la variabilidad de la frecuencia cardiaca y la presi\u00f3n arterial, mientras que la intervenci\u00f3n basada en correr produjo un efecto mejorado sobre el estado f\u00edsico general y la frecuencia cardiaca\u201d.<\/p>\n\n\n\n<p>De acuerdo con los autores los trastornos depresivos y de ansiedad causan un sufrimiento inmenso al comprometer la salud f\u00edsica y mental, de ah\u00ed que sea apremiante la necesidad de tratamientos eficaces.<\/p>\n\n\n\n<p>Destacaron que aunque los f\u00e1rmacos antidepresivos se consideran un tratamiento est\u00e1ndar de primera l\u00ednea junto con la psicoterapia, no son efectivos para todos y a menudo est\u00e1n asociados con efectos secundarios.<\/p>\n\n\n\n<p>El estudio de intervenci\u00f3n de 16 semanas cont\u00f3 con 141 pacientes con depresi\u00f3n o ansiedad, de ellos el 58 por ciento mujeres, y la edad promedio fue de 38,2 a\u00f1os.<\/p>\n\n\n\n<p>car\/lpn<\/p>\n","protected":false},"excerpt":{"rendered":"<p>Washington, 14 oct (Prensa Latina) Un nuevo estudio publicado en Journal of Affective Disorders mostr\u00f3 que un programa basado en correr rivaliza con los f\u00e1rmacos para el tratamiento de la depresi\u00f3n y la ansiedad.&nbsp;&nbsp;&nbsp;&nbsp; octubre 14, 2023 CDT13:47 (GMT) -0400 \u201cAmbas intervenciones ayudaron con la depresi\u00f3n aproximadamente en la misma medida\u201d, dijo en un comunicado [&hellip;]<\/p>\n","protected":false},"author":28,"featured_media":479826,"comment_status":"closed","ping_status":"","sticky":true,"template":"","format":"standard","meta":{"footnotes":""},"categories":[36,25,27,32],"tags":[],"class_list":["post-479825","post","type-post","status-publish","format-standard","has-post-thumbnail","hentry","category-hombresmujeresycosas","category-gente","category-portada","category-turismo"],"_links":{"self":[{"href":"https:\/\/diariodominicano.com\/index.php?rest_route=\/wp\/v2\/posts\/479825","targetHints":{"allow":["GET"]}}],"collection":[{"href":"https:\/\/diariodominicano.com\/index.php?rest_route=\/wp\/v2\/posts"}],"about":[{"href":"https:\/\/diariodominicano.com\/index.php?rest_route=\/wp\/v2\/types\/post"}],"author":[{"embeddable":true,"href":"https:\/\/diariodominicano.com\/index.php?rest_route=\/wp\/v2\/users\/28"}],"replies":[{"embeddable":true,"href":"https:\/\/diariodominicano.com\/index.php?rest_route=%2Fwp%2Fv2%2Fcomments&post=479825"}],"version-history":[{"count":1,"href":"https:\/\/diariodominicano.com\/index.php?rest_route=\/wp\/v2\/posts\/479825\/revisions"}],"predecessor-version":[{"id":479827,"href":"https:\/\/diariodominicano.com\/index.php?rest_route=\/wp\/v2\/posts\/479825\/revisions\/479827"}],"wp:featuredmedia":[{"embeddable":true,"href":"https:\/\/diariodominicano.com\/index.php?rest_route=\/wp\/v2\/media\/479826"}],"wp:attachment":[{"href":"https:\/\/diariodominicano.com\/index.php?rest_route=%2Fwp%2Fv2%2Fmedia&parent=479825"}],"wp:term":[{"taxonomy":"category","embeddable":true,"href":"https:\/\/diariodominicano.com\/index.php?rest_route=%2Fwp%2Fv2%2Fcategories&post=479825"},{"taxonomy":"post_tag","embeddable":true,"href":"https:\/\/diariodominicano.com\/index.php?rest_route=%2Fwp%2Fv2%2Ftags&post=479825"}],"curies":[{"name":"wp","href":"https:\/\/api.w.org\/{rel}","templated":true}]}}