{"id":479669,"date":"2023-10-13T22:50:08","date_gmt":"2023-10-14T02:50:08","guid":{"rendered":"http:\/\/diariodominicano.com\/?p=479669"},"modified":"2023-10-13T22:50:08","modified_gmt":"2023-10-14T02:50:08","slug":"recuerdan-en-ecuador-victimas-de-paro-de-octubre-de-2019","status":"publish","type":"post","link":"https:\/\/diariodominicano.com\/?p=479669","title":{"rendered":"Recuerdan en Ecuador v\u00edctimas de paro de octubre de 2019"},"content":{"rendered":"\n<p>Quito, 13 oct (Prensa Latina) La Fundaci\u00f3n Regional de Asesor\u00eda en Derechos Humanos (Inredh) record\u00f3 hoy el aniversario del paro de octubre de 2019, cuando miles de ecuatorianos protestaron durante 11 d\u00edas contra las medidas neoliberales del entonces presidente, Len\u00edn Moreno (2017-2021).&nbsp;&nbsp;&nbsp;&nbsp;<\/p>\n\n\n\n<ul class=\"wp-block-list\"><li>octubre 13, 2023<\/li><li>CDT20:36 (GMT) -0400<\/li><\/ul>\n\n\n\n<p>Ese hecho marca la trayectoria pol\u00edtica y social de Ecuador y un denominador com\u00fan: la represi\u00f3n del Estado ecuatoriano, utilizada para aplacar las exigencias ciudadanas durante las protestas sociales, manifest\u00f3 la Inredh en un comunicado.<\/p>\n\n\n\n<p>La acci\u00f3n violenta de las autoridades contra los manifestantes dej\u00f3 como resultado la muerte de Edison Mosquera, Silvia Mera, Jos\u00e9 Chaluisa, Marco Oto, Segundo Inocencio Tucumbi, Gabriel Angulo, Abelardo Vega, Ra\u00fal Chilpe y Edgar Yucailla.<\/p>\n\n\n\n<p>A ellos se sumaron otras seis v\u00edctimas mortales durante otro hist\u00f3rico paro contra las acciones, tambi\u00e9n de corte neoliberal, del actual gobernante, Guillermo Lasso, en junio de 2022.<\/p>\n\n\n\n<p>Bajo contextos de represi\u00f3n policial o militar, es imperante recordar que varias personas perdieron sus vidas a causa del ataque de armas que han sido catalogadas como \u201cno letales\u201d, pero en la pr\u00e1ctica causaron la muerte, sin contar aquellos con heridas o que perdieron sus ojos, precis\u00f3 la Inredh.<\/p>\n\n\n\n<p>De acuerdo con registros de la Defensor\u00eda del Pueblo de Ecuador, mil 340 personas resultaron heridas durante el paro nacional de 2019, mientras que la Alianza por los Derechos Humanos de Ecuador registr\u00f3 318 en 2022.<\/p>\n\n\n\n<p>Desde la Fundaci\u00f3n Inredh, exigen verdad, justicia y memoria, para que esos casos no queden en la impunidad y reclaman al Estado ecuatoriano el reconocimiento de su responsabilidad por las graves violaciones a los derechos humanos producidas en estos contextos de protestas sociales.<\/p>\n\n\n\n<p>Asimismo, solicitaron medidas de no repetici\u00f3n \u201cque permitan levantar la memoria de las personas asesinadas por la represi\u00f3n estatal y que sus nombres sean recordados como luchadores por una vida digna, en todo el amplio sentido de la dignidad humana\u201d.<\/p>\n\n\n\n<p>Hace cuatro a\u00f1os miles de ecuatorianos salieron a las calles luego de que Moreno decretara unas series de medidas, como la eliminaci\u00f3n de subsidios a los combustibles y la liberaci\u00f3n de precios del di\u00e9sel y gasolinas, as\u00ed como vulneraci\u00f3n a los derechos de los trabajadores p\u00fablicos.<\/p>\n\n\n\n<p>Balas de goma, gases lacrim\u00f3genos lanzados a escasos metros de la multitud y hasta efectivos a caballo y tanques fueron utilizados para frenar a un pueblo que ejerc\u00eda su derecho a la protesta, cansado de ser deso\u00eddo por sus autoridades.<\/p>\n\n\n\n<p>Los levantamientos fueron protagonizados por el movimiento ind\u00edgena y respaldado por otros sectores sociales, como trabajadores y estudiantes universitarios.<\/p>\n\n\n\n<p>oda\/avr<\/p>\n","protected":false},"excerpt":{"rendered":"<p>Quito, 13 oct (Prensa Latina) La Fundaci\u00f3n Regional de Asesor\u00eda en Derechos Humanos (Inredh) record\u00f3 hoy el aniversario del paro de octubre de 2019, cuando miles de ecuatorianos protestaron durante 11 d\u00edas contra las medidas neoliberales del entonces presidente, Len\u00edn Moreno (2017-2021).&nbsp;&nbsp;&nbsp;&nbsp; octubre 13, 2023 CDT20:36 (GMT) -0400 Ese hecho marca la trayectoria pol\u00edtica y [&hellip;]<\/p>\n","protected":false},"author":28,"featured_media":479671,"comment_status":"closed","ping_status":"","sticky":true,"template":"","format":"standard","meta":{"footnotes":""},"categories":[26,23,27],"tags":[],"class_list":["post-479669","post","type-post","status-publish","format-standard","has-post-thumbnail","hentry","category-efemerides","category-internacional","category-portada"],"_links":{"self":[{"href":"https:\/\/diariodominicano.com\/index.php?rest_route=\/wp\/v2\/posts\/479669","targetHints":{"allow":["GET"]}}],"collection":[{"href":"https:\/\/diariodominicano.com\/index.php?rest_route=\/wp\/v2\/posts"}],"about":[{"href":"https:\/\/diariodominicano.com\/index.php?rest_route=\/wp\/v2\/types\/post"}],"author":[{"embeddable":true,"href":"https:\/\/diariodominicano.com\/index.php?rest_route=\/wp\/v2\/users\/28"}],"replies":[{"embeddable":true,"href":"https:\/\/diariodominicano.com\/index.php?rest_route=%2Fwp%2Fv2%2Fcomments&post=479669"}],"version-history":[{"count":1,"href":"https:\/\/diariodominicano.com\/index.php?rest_route=\/wp\/v2\/posts\/479669\/revisions"}],"predecessor-version":[{"id":479672,"href":"https:\/\/diariodominicano.com\/index.php?rest_route=\/wp\/v2\/posts\/479669\/revisions\/479672"}],"wp:featuredmedia":[{"embeddable":true,"href":"https:\/\/diariodominicano.com\/index.php?rest_route=\/wp\/v2\/media\/479671"}],"wp:attachment":[{"href":"https:\/\/diariodominicano.com\/index.php?rest_route=%2Fwp%2Fv2%2Fmedia&parent=479669"}],"wp:term":[{"taxonomy":"category","embeddable":true,"href":"https:\/\/diariodominicano.com\/index.php?rest_route=%2Fwp%2Fv2%2Fcategories&post=479669"},{"taxonomy":"post_tag","embeddable":true,"href":"https:\/\/diariodominicano.com\/index.php?rest_route=%2Fwp%2Fv2%2Ftags&post=479669"}],"curies":[{"name":"wp","href":"https:\/\/api.w.org\/{rel}","templated":true}]}}