{"id":479527,"date":"2023-10-13T12:32:41","date_gmt":"2023-10-13T16:32:41","guid":{"rendered":"http:\/\/diariodominicano.com\/?p=479527"},"modified":"2023-10-13T12:33:25","modified_gmt":"2023-10-13T16:33:25","slug":"academia-de-ciencias-pone-en-circulacion-libro-las-conferencias-de-eugenio-de-jesus-marcano","status":"publish","type":"post","link":"https:\/\/diariodominicano.com\/?p=479527","title":{"rendered":"Academia de Ciencias pone en circulaci\u00f3n libro \u201cLas Conferencias de Eugenio de Jes\u00fas M\u00e1rcano\u201d"},"content":{"rendered":"\n<p>El  maestro Eugenio de Jes\u00fas Marcano Mart\u00ednez, al hablar en representaci\u00f3n de la familia del investigador, dijo sentirse agradecido, siendo un gran\u00a0honor para la familia hablar en este local donde hace 40 a\u00f1os, en 1983, la Academia de Ciencias  le otorg\u00f3 el \u201cPremio Anual de Ciencias\u201d.<\/p>\n\n\n\n<figure class=\"wp-block-table\"><table><tbody><tr><td><\/td><td><\/td><td><\/td><td><img decoding=\"async\" src=\"https:\/\/mail.google.com\/mail\/u\/1\/images\/cleardot.gif\" alt=\"\"><img decoding=\"async\" src=\"https:\/\/mail.google.com\/mail\/u\/1\/images\/cleardot.gif\" alt=\"\"><\/td><\/tr><tr><td><img decoding=\"async\" src=\"https:\/\/mail.google.com\/mail\/u\/1\/images\/cleardot.gif\" alt=\"\"><\/td><\/tr><\/tbody><\/table><\/figure>\n\n\n\n<p>SANTO DOMINGO-&nbsp;La Academia de Ciencias de la Rep\u00fablica Dominicana&nbsp;<strong>(ACRD),<\/strong>&nbsp;puso en circulaci\u00f3n este jueves el libro \u201cLas Conferencias del profesor Eugenio de Jes\u00fas M\u00e1rcano\u201d, un legado de su dedicaci\u00f3n a las ciencias naturales.<\/p>\n\n\n\n<p>Estas conferencias son una de las formas que el pprofesor Marcano Fondeur ten\u00eda&nbsp;de educar a estudiantes, profesionales y al pueblo en general.<\/p>\n\n\n\n<p>El ingeniero Eleuterio Mart\u00ednez, presidente de la Academia de Ciencias, expres\u00f3 que,&nbsp;Marcano, no solo fue grande en nuestro pa\u00eds, sino, tambi\u00e9n, en Sudam\u00e9rica, como uno de los m\u00e1s grandes bot\u00e1nicos en el \u00e1rea.\u201d<\/p>\n\n\n\n<p>Manifest\u00f3 que pasar\u00e1n muchos a\u00f1os para que aparezca otro acad\u00e9mico que pueda colocarse a la altura y estatura que alcanz\u00f3 nuestro Gran Maestro de la Bot\u00e1nica.<\/p>\n\n\n\n<p>\u201cMarcano fue quien m\u00e1s trabaj\u00f3 y nunca quiso aceptar pago alguno, salvo dieta y chofer, y eso fue lo que m\u00e1s me sorprendi\u00f3, pues solo viv\u00eda del sueldo como Profesor de la UASD y del Instituto Polit\u00e9cnico Loyola de San Crist\u00f3bal\u201d, dijo Mart\u00ednez. &nbsp;<\/p>\n\n\n\n<p>Seg\u00fan explic\u00f3 Mart\u00ednez, siempre am\u00f3 la naturaleza a lo largo de su vida y su conexi\u00f3n con el mundo natural se manifest\u00f3 en su dedicaci\u00f3n a la conservaci\u00f3n de los recursos naturales.<\/p>\n\n\n\n<p>Mientras que el maestro Eugenio de Jes\u00fas Marcano Mart\u00ednez, al hablar en representaci\u00f3n de la familia del investigador, dijo sentirse agradecido, siendo un gran&nbsp;honor para la familia hablar en este local donde hace 40 a\u00f1os, en 1983, esta instituci\u00f3n le otorg\u00f3 el \u201cPremio Anual de Ciencias\u201d.<\/p>\n\n\n\n<figure class=\"wp-block-image size-large\"><img loading=\"lazy\" decoding=\"async\" width=\"1024\" height=\"683\" src=\"https:\/\/diariodominicano.com\/wp-content\/uploads\/2023\/10\/El-maestro-Eugenio-de-Jesus-Marcano-Martinez-1024x683.jpg\" alt=\"\" class=\"wp-image-479529\" srcset=\"https:\/\/diariodominicano.com\/wp-content\/uploads\/2023\/10\/El-maestro-Eugenio-de-Jesus-Marcano-Martinez-1024x683.jpg 1024w, https:\/\/diariodominicano.com\/wp-content\/uploads\/2023\/10\/El-maestro-Eugenio-de-Jesus-Marcano-Martinez-300x200.jpg 300w, https:\/\/diariodominicano.com\/wp-content\/uploads\/2023\/10\/El-maestro-Eugenio-de-Jesus-Marcano-Martinez-768x512.jpg 768w, https:\/\/diariodominicano.com\/wp-content\/uploads\/2023\/10\/El-maestro-Eugenio-de-Jesus-Marcano-Martinez-1536x1024.jpg 1536w, https:\/\/diariodominicano.com\/wp-content\/uploads\/2023\/10\/El-maestro-Eugenio-de-Jesus-Marcano-Martinez-2048x1365.jpg 2048w, https:\/\/diariodominicano.com\/wp-content\/uploads\/2023\/10\/El-maestro-Eugenio-de-Jesus-Marcano-Martinez-816x544.jpg 816w\" sizes=\"auto, (max-width: 1024px) 100vw, 1024px\" \/><figcaption>  El maestro Eugenio de Jes\u00fas Marcano Mart\u00ednez<\/figcaption><\/figure>\n\n\n\n<p>\u201cDe todas las actividades de Marcano, la educaci\u00f3n fue su mayor, y m\u00e1s importante, enfoque, pocos dominicanos han tenido la penetraci\u00f3n en las ciencias del pa\u00eds como la tuvo Marcano, gracias a su larga carrera educativa, y a su empe\u00f1o en que los j\u00f3venes del pa\u00eds sigan el estudio de nuestra bella naturaleza\u201d, dijo Marcano Mart\u00ednez.<\/p>\n\n\n\n<p>Expres\u00f3 que su padre fue un profesor nato, empez\u00f3 dando clases en Sabaneta, luego sigue ense\u00f1ando en Santiago, San Crist\u00f3bal y Santo Domingo. Ser\u00eda muy dif\u00edcil cuantificar cuantos agr\u00f3nomos, bi\u00f3logos, farmac\u00e9uticos, educadores, veterinarios y otras \u00e1reas han pasado por las manos de Marcano en las aulas de estudio.<\/p>\n\n\n\n<p><strong>Memoria y aporte de Marcano<\/strong><\/p>\n\n\n\n<p>El maestro Marcano naci\u00f3 en Licey al Medio, municipio de Santiago, el 7 de septiembre de 1933, bot\u00e1nico, investigador, adem\u00e1s estudi\u00f3 en la parte de geolog\u00eda, toxicolog\u00eda bot\u00e1nica, paleontolog\u00eda, donde hizo aportes significativos para las ciencias naturales.<\/p>\n\n\n\n<p>El autodidacta realiz\u00f3 sus primeros estudios en la Escuela Elemental Licey al Medio, pasando luego a la escuela primaria de Tamboril, donde complet\u00f3 sus estudios finales, luego se traslad\u00f3 a Santiago de los Caballeros, para seguir sus estudios secundarios donde obtuvo el t\u00edtulo de maestro.<\/p>\n\n\n\n<p>En 1958 particip\u00f3 en un reconocimiento a casi todas las cuevas de la Rep\u00fablica Dominicana, descubrieron los restos de un insecto f\u00f3sil, conocido para toda la ciencia; en 1996 la Uni\u00f3n Panamericana\u00a0realiz\u00f3 una evaluaci\u00f3n de los recursos naturales del pa\u00eds en la caracterizaci\u00f3n y delimitaci\u00f3n de la zona.<\/p>\n\n\n\n<p>Academia de Ciencias RD<a target=\"_blank\" href=\"mailto:acrd1974@gmail.com\" rel=\"noreferrer noopener\">acrd1974@gmail.com<\/a><\/p>\n\n\n\n<p><br><strong>Direcci\u00f3n de Comunicaciones\u00a0<em><br><\/em>\u00a0Academia de Ciencias de la Rep\u00fablica Dominicana (ACRD)<\/strong><br><\/p>\n","protected":false},"excerpt":{"rendered":"<p>El maestro Eugenio de Jes\u00fas Marcano Mart\u00ednez, al hablar en representaci\u00f3n de la familia del investigador, dijo sentirse agradecido, siendo un gran\u00a0honor para la familia hablar en este local donde hace 40 a\u00f1os, en 1983, la Academia de Ciencias le otorg\u00f3 el \u201cPremio Anual de Ciencias\u201d. SANTO DOMINGO-&nbsp;La Academia de Ciencias de la Rep\u00fablica Dominicana&nbsp;(ACRD),&nbsp;puso [&hellip;]<\/p>\n","protected":false},"author":28,"featured_media":479528,"comment_status":"closed","ping_status":"","sticky":true,"template":"","format":"standard","meta":{"footnotes":""},"categories":[21,36,27,32],"tags":[],"class_list":["post-479527","post","type-post","status-publish","format-standard","has-post-thumbnail","hentry","category-cultura","category-hombresmujeresycosas","category-portada","category-turismo"],"_links":{"self":[{"href":"https:\/\/diariodominicano.com\/index.php?rest_route=\/wp\/v2\/posts\/479527","targetHints":{"allow":["GET"]}}],"collection":[{"href":"https:\/\/diariodominicano.com\/index.php?rest_route=\/wp\/v2\/posts"}],"about":[{"href":"https:\/\/diariodominicano.com\/index.php?rest_route=\/wp\/v2\/types\/post"}],"author":[{"embeddable":true,"href":"https:\/\/diariodominicano.com\/index.php?rest_route=\/wp\/v2\/users\/28"}],"replies":[{"embeddable":true,"href":"https:\/\/diariodominicano.com\/index.php?rest_route=%2Fwp%2Fv2%2Fcomments&post=479527"}],"version-history":[{"count":2,"href":"https:\/\/diariodominicano.com\/index.php?rest_route=\/wp\/v2\/posts\/479527\/revisions"}],"predecessor-version":[{"id":479531,"href":"https:\/\/diariodominicano.com\/index.php?rest_route=\/wp\/v2\/posts\/479527\/revisions\/479531"}],"wp:featuredmedia":[{"embeddable":true,"href":"https:\/\/diariodominicano.com\/index.php?rest_route=\/wp\/v2\/media\/479528"}],"wp:attachment":[{"href":"https:\/\/diariodominicano.com\/index.php?rest_route=%2Fwp%2Fv2%2Fmedia&parent=479527"}],"wp:term":[{"taxonomy":"category","embeddable":true,"href":"https:\/\/diariodominicano.com\/index.php?rest_route=%2Fwp%2Fv2%2Fcategories&post=479527"},{"taxonomy":"post_tag","embeddable":true,"href":"https:\/\/diariodominicano.com\/index.php?rest_route=%2Fwp%2Fv2%2Ftags&post=479527"}],"curies":[{"name":"wp","href":"https:\/\/api.w.org\/{rel}","templated":true}]}}