{"id":479413,"date":"2023-10-12T23:47:08","date_gmt":"2023-10-13T03:47:08","guid":{"rendered":"http:\/\/diariodominicano.com\/?p=479413"},"modified":"2023-10-12T23:47:08","modified_gmt":"2023-10-13T03:47:08","slug":"padre-del-boxeo-cubano-distinguido-con-doctorado-honoris-causa","status":"publish","type":"post","link":"https:\/\/diariodominicano.com\/?p=479413","title":{"rendered":"Padre del boxeo cubano distinguido con Doctorado Honoris Causa"},"content":{"rendered":"\n<p>La Habana, 12 oct (Prensa Latina) Considerado padre de la escuela cubana de boxeo, la gloria del deporte Alcides Sagarra fue distinguido hoy aqu\u00ed con el doctorado Honoris Causa de la Universidad del Deporte.<\/p>\n\n\n\n<p>octubre 12, 2023<br>CDT13:58 (GMT) -0400<br>De acuerdo con esa casa de Altos Estudios, el destacado expugilista mereci\u00f3 la categor\u00eda especial de Doctor Honoris Causa, en el marco de los festejos por el 50 aniversario de la Universidad.<\/p>\n\n\n\n<p>\u00abEnhorabuena este merecido premio que otorgamos por nuestro 50 aniversario a nuestro eterno campe\u00f3n\u00bb, precis\u00f3 en un comunicado esa instituci\u00f3n.<\/p>\n\n\n\n<p>Formador de campeones ol\u00edmpicos y mundiales, Sagarra supo guiar con su sapiencia y buen tino a generaciones de boxeadores entre los que se encuentran Enrique Reg\u00fceiferos (63,5 kilogramos), Rolando Garbey (71) y Roberto Caminero (60), primer campe\u00f3n panamericano de Cuba en 1963, y los destacados Te\u00f3filo Stevenson (81 y m\u00e1s de 91 kilos) y F\u00e9lix Sav\u00f3n (91).<\/p>\n\n\n\n<p>Nacido en la oriental provincia de Santiago de Cuba, urbe localizada a 891 kil\u00f3metros al este de aqu\u00ed, como docentes ha dejado huellas en el movimiento deportivo con la consecuci\u00f3n de 32 preseas doradas en Juegos Ol\u00edmpicos, 63 en citas mundiales en las categor\u00edas de mayores y 64 entre juveniles y cadetes.<\/p>\n\n\n\n<p>ro\/may<\/p>\n","protected":false},"excerpt":{"rendered":"<p>La Habana, 12 oct (Prensa Latina) Considerado padre de la escuela cubana de boxeo, la gloria del deporte Alcides Sagarra fue distinguido hoy aqu\u00ed con el doctorado Honoris Causa de la Universidad del Deporte. octubre 12, 2023CDT13:58 (GMT) -0400De acuerdo con esa casa de Altos Estudios, el destacado expugilista mereci\u00f3 la categor\u00eda especial de Doctor [&hellip;]<\/p>\n","protected":false},"author":28,"featured_media":479414,"comment_status":"closed","ping_status":"","sticky":false,"template":"","format":"standard","meta":{"footnotes":""},"categories":[17,26],"tags":[],"class_list":["post-479413","post","type-post","status-publish","format-standard","has-post-thumbnail","hentry","category-deportes","category-efemerides"],"_links":{"self":[{"href":"https:\/\/diariodominicano.com\/index.php?rest_route=\/wp\/v2\/posts\/479413","targetHints":{"allow":["GET"]}}],"collection":[{"href":"https:\/\/diariodominicano.com\/index.php?rest_route=\/wp\/v2\/posts"}],"about":[{"href":"https:\/\/diariodominicano.com\/index.php?rest_route=\/wp\/v2\/types\/post"}],"author":[{"embeddable":true,"href":"https:\/\/diariodominicano.com\/index.php?rest_route=\/wp\/v2\/users\/28"}],"replies":[{"embeddable":true,"href":"https:\/\/diariodominicano.com\/index.php?rest_route=%2Fwp%2Fv2%2Fcomments&post=479413"}],"version-history":[{"count":1,"href":"https:\/\/diariodominicano.com\/index.php?rest_route=\/wp\/v2\/posts\/479413\/revisions"}],"predecessor-version":[{"id":479415,"href":"https:\/\/diariodominicano.com\/index.php?rest_route=\/wp\/v2\/posts\/479413\/revisions\/479415"}],"wp:featuredmedia":[{"embeddable":true,"href":"https:\/\/diariodominicano.com\/index.php?rest_route=\/wp\/v2\/media\/479414"}],"wp:attachment":[{"href":"https:\/\/diariodominicano.com\/index.php?rest_route=%2Fwp%2Fv2%2Fmedia&parent=479413"}],"wp:term":[{"taxonomy":"category","embeddable":true,"href":"https:\/\/diariodominicano.com\/index.php?rest_route=%2Fwp%2Fv2%2Fcategories&post=479413"},{"taxonomy":"post_tag","embeddable":true,"href":"https:\/\/diariodominicano.com\/index.php?rest_route=%2Fwp%2Fv2%2Ftags&post=479413"}],"curies":[{"name":"wp","href":"https:\/\/api.w.org\/{rel}","templated":true}]}}