{"id":479398,"date":"2023-10-12T23:34:53","date_gmt":"2023-10-13T03:34:53","guid":{"rendered":"http:\/\/diariodominicano.com\/?p=479398"},"modified":"2023-10-12T23:34:53","modified_gmt":"2023-10-13T03:34:53","slug":"asiste-presidente-de-parlamento-a-aniversario-de-provincia-de-cuba","status":"publish","type":"post","link":"https:\/\/diariodominicano.com\/?p=479398","title":{"rendered":"Asiste presidente de parlamento a aniversario de provincia de Cuba"},"content":{"rendered":"\n<p>Matanzas, Cuba, 12 oct (Prensa Latina) El presidente de la Asamblea Nacional del Poder Popular (parlamento), Esteban Lazo, particip\u00f3 hoy en a la sesi\u00f3n solemne del ente legislativo con motivo de los 330 a\u00f1os de esta ciudad de Cuba.&nbsp;&nbsp;&nbsp;&nbsp;<\/p>\n\n\n\n<ul class=\"wp-block-list\"><li>octubre 12, 2023<\/li><li>CDT20:29 (GMT) -0400<\/li><\/ul>\n\n\n\n<ul class=\"wp-block-list\"><li>Fotos: X @AsambleaCuba<\/li><\/ul>\n\n\n\n<p>Al Teatro Sauto, Monumento Nacional y s\u00edmbolo cultural, acudieron adem\u00e1s Susely Morfa, primera secretaria del Partido Comunista de Cuba en la provincia; Mario Sabines, gobernador del territorio, y otros dirigentes pol\u00edticos y gubernamentales del pa\u00eds, e invitados.<\/p>\n\n\n\n<p>El presidente de Cuba, Miguel D\u00edaz-Canel, felicit\u00f3 hoy a los habitantes de esta occidental provincia, a la que calific\u00f3 como una de las m\u00e1s deslumbrantes de la isla.<\/p>\n\n\n\n<p>\u201cPor su historia, su cultura, sus tradiciones y especialmente por el valor de sus hijas e hijos, Matanzas enamora\u201d, agreg\u00f3 el mandatario en su cuenta en la red social X.<\/p>\n\n\n\n<p>Igualmente, el primer ministro Manuel Marrero signific\u00f3 que la bella Atenas de Cuba \u2013como se conoce a esta urbe- conmemora la efem\u00e9ride con la inauguraci\u00f3n de un amplio grupo de obras sociales y recreativas inauguradas.<\/p>\n\n\n\n<p>Por su parte, el vicepresidente cubano, Salvador Vald\u00e9s, apunt\u00f3 que la preciosa ciudad celebra su aniversario trabajando por el bienestar de sus ciudadanos y por hacerla mucho m\u00e1s bella cada d\u00eda.<\/p>\n\n\n\n<p>Ubicada a 104 kil\u00f3metros al este de la capital, Matanzas, es considerada como la primera urbe moderna de Cuba.<\/p>\n\n\n\n<p>Fue fundada el 12 de octubre de 1693 como resultado de un largo proceso administrativo que, iniciado en 1681, defini\u00f3 la necesidad de poblar y defender uno de los principales enclaves estrat\u00e9gicos para el control territorial y mar\u00edtimo del occidente de la isla.<\/p>\n\n\n\n<p>Famosa por sus 29 puentes, la villa San Carlos y San Severino, nombre original de esta ciudad, est\u00e1 ubicada a solo 40 kil\u00f3metros al este del balneario de Varadero, la m\u00e1s emblem\u00e1tica playa cubana.<\/p>\n\n\n\n<p>rgh\/evm<\/p>\n","protected":false},"excerpt":{"rendered":"<p>Matanzas, Cuba, 12 oct (Prensa Latina) El presidente de la Asamblea Nacional del Poder Popular (parlamento), Esteban Lazo, particip\u00f3 hoy en a la sesi\u00f3n solemne del ente legislativo con motivo de los 330 a\u00f1os de esta ciudad de Cuba.&nbsp;&nbsp;&nbsp;&nbsp; octubre 12, 2023 CDT20:29 (GMT) -0400 Fotos: X @AsambleaCuba Al Teatro Sauto, Monumento Nacional y s\u00edmbolo [&hellip;]<\/p>\n","protected":false},"author":28,"featured_media":479399,"comment_status":"closed","ping_status":"","sticky":false,"template":"","format":"standard","meta":{"footnotes":""},"categories":[26,32],"tags":[],"class_list":["post-479398","post","type-post","status-publish","format-standard","has-post-thumbnail","hentry","category-efemerides","category-turismo"],"_links":{"self":[{"href":"https:\/\/diariodominicano.com\/index.php?rest_route=\/wp\/v2\/posts\/479398","targetHints":{"allow":["GET"]}}],"collection":[{"href":"https:\/\/diariodominicano.com\/index.php?rest_route=\/wp\/v2\/posts"}],"about":[{"href":"https:\/\/diariodominicano.com\/index.php?rest_route=\/wp\/v2\/types\/post"}],"author":[{"embeddable":true,"href":"https:\/\/diariodominicano.com\/index.php?rest_route=\/wp\/v2\/users\/28"}],"replies":[{"embeddable":true,"href":"https:\/\/diariodominicano.com\/index.php?rest_route=%2Fwp%2Fv2%2Fcomments&post=479398"}],"version-history":[{"count":1,"href":"https:\/\/diariodominicano.com\/index.php?rest_route=\/wp\/v2\/posts\/479398\/revisions"}],"predecessor-version":[{"id":479400,"href":"https:\/\/diariodominicano.com\/index.php?rest_route=\/wp\/v2\/posts\/479398\/revisions\/479400"}],"wp:featuredmedia":[{"embeddable":true,"href":"https:\/\/diariodominicano.com\/index.php?rest_route=\/wp\/v2\/media\/479399"}],"wp:attachment":[{"href":"https:\/\/diariodominicano.com\/index.php?rest_route=%2Fwp%2Fv2%2Fmedia&parent=479398"}],"wp:term":[{"taxonomy":"category","embeddable":true,"href":"https:\/\/diariodominicano.com\/index.php?rest_route=%2Fwp%2Fv2%2Fcategories&post=479398"},{"taxonomy":"post_tag","embeddable":true,"href":"https:\/\/diariodominicano.com\/index.php?rest_route=%2Fwp%2Fv2%2Ftags&post=479398"}],"curies":[{"name":"wp","href":"https:\/\/api.w.org\/{rel}","templated":true}]}}