{"id":479108,"date":"2023-10-12T00:21:16","date_gmt":"2023-10-12T04:21:16","guid":{"rendered":"http:\/\/diariodominicano.com\/?p=479108"},"modified":"2023-10-12T00:22:00","modified_gmt":"2023-10-12T04:22:00","slug":"eladio-carrion-anuncia-segunda-funcion-en-el-palacio-de-los-deportes-tras-agotar-entradas-en-tiempo-record","status":"publish","type":"post","link":"https:\/\/diariodominicano.com\/?p=479108","title":{"rendered":"Eladio Carri\u00f3n anuncia segunda funci\u00f3n en el Palacio de los Deportes tras agotar entradas en tiempo record"},"content":{"rendered":"\n<p><strong><em>Pre-ventas del segundo show para tarjetahabientes Banreservas ser\u00e1n este jueves 12 a partir de las 10:00 am.<\/em><\/strong><\/p>\n\n\n\n<p>SANTO DOMINGO.- Ante la sorprendente demanda, que result\u00f3 en el agotamiento de todas las entradas para su espect\u00e1culo del 1 de diciembre en menos de dos horas, el renombrado artista de m\u00fasica urbana, Eladio Carri\u00f3n, confirma una segunda funci\u00f3n en la Rep\u00fablica Dominicana.<\/p>\n\n\n\n<p>La nueva fecha, anunciada por la producci\u00f3n liderada por el empresario Gamal Hach\u00e9, ha sido fijada para el s\u00e1bado 2 de diciembre, proporcionando una nueva oportunidad para los fan\u00e1ticos dominicanos que no pudieron adquirir entradas para el inicial espect\u00e1culo en 360\u00ba, asegurando que puedan ser parte de este evento hist\u00f3rico.<\/p>\n\n\n\n<figure class=\"wp-block-image size-full\"><img loading=\"lazy\" decoding=\"async\" width=\"418\" height=\"636\" src=\"https:\/\/diariodominicano.com\/wp-content\/uploads\/2023\/10\/WhatsApp-Image-2023-09-28-at-1.35.02-PM-1-1.jpeg\" alt=\"\" class=\"wp-image-479111\" srcset=\"https:\/\/diariodominicano.com\/wp-content\/uploads\/2023\/10\/WhatsApp-Image-2023-09-28-at-1.35.02-PM-1-1.jpeg 418w, https:\/\/diariodominicano.com\/wp-content\/uploads\/2023\/10\/WhatsApp-Image-2023-09-28-at-1.35.02-PM-1-1-197x300.jpeg 197w\" sizes=\"auto, (max-width: 418px) 100vw, 418px\" \/><figcaption>Eladio Carri\u00f3n<\/figcaption><\/figure>\n\n\n\n<p>Gamal Hach\u00e9 expres\u00f3: \u201cAnte la impresionante demanda de los espectadores y en consonancia con el deseo del artista, hemos decidido brindar una nueva oportunidad para que un p\u00fablico m\u00e1s amplio disfrute de una noche repleta de m\u00fasica y energ\u00eda inolvidables\u201d.<\/p>\n\n\n\n<p>Eladio Carri\u00f3n traer\u00e1 al pa\u00eds su aclamado \u201cThe Sauce Latam Tour 2023\u201d, una gira que dio inicio el pasado 25 de agosto y ha deleitado a fan\u00e1ticos en diversas ciudades destacadas, como Buenos Aires, Lima y Asunci\u00f3n, entre otras, consolid\u00e1ndose como uno de los tours m\u00e1s exitosos del g\u00e9nero urbano en el presente a\u00f1o.<\/p>\n\n\n\n<p>Las entradas para el segundo concierto, que cuenta con el patrocinio de Banreservas, Ron Brugal y Cerveza Rep\u00fablica, estar\u00e1n disponibles desde este jueves 12 de octubre, a las 10:00 a. m., en forma de preventa para tarjetahabientes de Banreservas en los puntos de venta de Uepa Tickets y CCN, garantizando accesibilidad y variedad de opciones para los asistentes.<\/p>\n\n\n\n<p>La producci\u00f3n del evento reiter\u00f3 su compromiso con brindar espect\u00e1culos de alta calidad y agradece la apasionada respuesta del p\u00fablico, que hace posible continuar trayendo experiencias musicales inigualables a la Rep\u00fablica Dominicana.<\/p>\n\n\n\n<p>Hector Romero<a target=\"_blank\" href=\"mailto:hferom@dparranda.net\" rel=\"noreferrer noopener\">hferom@dparranda.net<\/a><\/p>\n","protected":false},"excerpt":{"rendered":"<p>Pre-ventas del segundo show para tarjetahabientes Banreservas ser\u00e1n este jueves 12 a partir de las 10:00 am. SANTO DOMINGO.- Ante la sorprendente demanda, que result\u00f3 en el agotamiento de todas las entradas para su espect\u00e1culo del 1 de diciembre en menos de dos horas, el renombrado artista de m\u00fasica urbana, Eladio Carri\u00f3n, confirma una segunda [&hellip;]<\/p>\n","protected":false},"author":28,"featured_media":479109,"comment_status":"closed","ping_status":"","sticky":false,"template":"","format":"standard","meta":{"footnotes":""},"categories":[25,32],"tags":[],"class_list":["post-479108","post","type-post","status-publish","format-standard","has-post-thumbnail","hentry","category-gente","category-turismo"],"_links":{"self":[{"href":"https:\/\/diariodominicano.com\/index.php?rest_route=\/wp\/v2\/posts\/479108","targetHints":{"allow":["GET"]}}],"collection":[{"href":"https:\/\/diariodominicano.com\/index.php?rest_route=\/wp\/v2\/posts"}],"about":[{"href":"https:\/\/diariodominicano.com\/index.php?rest_route=\/wp\/v2\/types\/post"}],"author":[{"embeddable":true,"href":"https:\/\/diariodominicano.com\/index.php?rest_route=\/wp\/v2\/users\/28"}],"replies":[{"embeddable":true,"href":"https:\/\/diariodominicano.com\/index.php?rest_route=%2Fwp%2Fv2%2Fcomments&post=479108"}],"version-history":[{"count":4,"href":"https:\/\/diariodominicano.com\/index.php?rest_route=\/wp\/v2\/posts\/479108\/revisions"}],"predecessor-version":[{"id":479114,"href":"https:\/\/diariodominicano.com\/index.php?rest_route=\/wp\/v2\/posts\/479108\/revisions\/479114"}],"wp:featuredmedia":[{"embeddable":true,"href":"https:\/\/diariodominicano.com\/index.php?rest_route=\/wp\/v2\/media\/479109"}],"wp:attachment":[{"href":"https:\/\/diariodominicano.com\/index.php?rest_route=%2Fwp%2Fv2%2Fmedia&parent=479108"}],"wp:term":[{"taxonomy":"category","embeddable":true,"href":"https:\/\/diariodominicano.com\/index.php?rest_route=%2Fwp%2Fv2%2Fcategories&post=479108"},{"taxonomy":"post_tag","embeddable":true,"href":"https:\/\/diariodominicano.com\/index.php?rest_route=%2Fwp%2Fv2%2Ftags&post=479108"}],"curies":[{"name":"wp","href":"https:\/\/api.w.org\/{rel}","templated":true}]}}