{"id":479103,"date":"2023-10-12T00:16:38","date_gmt":"2023-10-12T04:16:38","guid":{"rendered":"http:\/\/diariodominicano.com\/?p=479103"},"modified":"2023-10-12T00:16:51","modified_gmt":"2023-10-12T04:16:51","slug":"sedofutbol-u23-anuncia-jugadores-y-dt-para-partidos-amistosos-en-marruecos","status":"publish","type":"post","link":"https:\/\/diariodominicano.com\/?p=479103","title":{"rendered":"Sedof\u00fatbol U23 anuncia jugadores y DT para partidos amistosos en Marruecos"},"content":{"rendered":"\n<p>SANTO DOMINGO, RD.- La selecci\u00f3n dominicana de f\u00fatbol U23 anunci\u00f3 los nombres de los 20 futbolistas que estar\u00e1n disputando los partidos de preparaci\u00f3n frente a Iraq -14 de octubre- y Marruecos -16 de octubre- en la ciudad de Casablanca. Asimismo, se dio a conocer que Edward Acevedo se uni\u00f3 al staff t\u00e9cnico de las selecciones nacionales y estar\u00e1 a cargo del onceno nacional para estos dos compromisos.<\/p>\n\n\n\n<figure class=\"wp-block-image size-large\"><img loading=\"lazy\" decoding=\"async\" width=\"1024\" height=\"577\" src=\"https:\/\/diariodominicano.com\/wp-content\/uploads\/2023\/10\/WhatsApp-Image-2023-10-11-at-10.16.57-AM-1024x577.jpeg\" alt=\"\" class=\"wp-image-479106\" srcset=\"https:\/\/diariodominicano.com\/wp-content\/uploads\/2023\/10\/WhatsApp-Image-2023-10-11-at-10.16.57-AM-1024x577.jpeg 1024w, https:\/\/diariodominicano.com\/wp-content\/uploads\/2023\/10\/WhatsApp-Image-2023-10-11-at-10.16.57-AM-300x169.jpeg 300w, https:\/\/diariodominicano.com\/wp-content\/uploads\/2023\/10\/WhatsApp-Image-2023-10-11-at-10.16.57-AM-768x433.jpeg 768w, https:\/\/diariodominicano.com\/wp-content\/uploads\/2023\/10\/WhatsApp-Image-2023-10-11-at-10.16.57-AM-1536x866.jpeg 1536w, https:\/\/diariodominicano.com\/wp-content\/uploads\/2023\/10\/WhatsApp-Image-2023-10-11-at-10.16.57-AM-816x460.jpeg 816w, https:\/\/diariodominicano.com\/wp-content\/uploads\/2023\/10\/WhatsApp-Image-2023-10-11-at-10.16.57-AM.jpeg 1600w\" sizes=\"auto, (max-width: 1024px) 100vw, 1024px\" \/><\/figure>\n\n\n\n<p>Omry Bello (O&amp;M FC \u2013 RD), Enrique B\u00f6sl (Ingolstadt \u2013 Alemania), Kleffer Martes (Atl\u00e9tico Pantoja \u2013 RD), Joao Urbaez (CD Leganes \u2013 Espa\u00f1a), Lucas Tamarez (FC Cincinnati \u2013 USA), Juan David Peralta (Getafe CF \u2013 Espa\u00f1a), Thomas Jungbauer (SK Dynamo Cesk\u00e9 Budejovoice \u2013 Rep\u00fablica Checa), Israel Boatwright (Inter Miami CF \u2013 USA) y Jos\u00e9 Conesa (CF Elche \u2013 Espa\u00f1a), Josu\u00e9 B\u00e1ez (O&amp;M FC \u2013 RD), Alberto Bald\u00e9 (Loughgall \u2013 Irlanda del Norte), Isaac B\u00e1ez (O&amp;M FC \u2013 RD), Yordy \u00c1lvarez (Atl\u00e1ntico FC \u2013 RD), Jos\u00e9 de la Cruz (Pe\u00f1a Deportiva \u2013 Espa\u00f1a), Derek Cuevas (Espa\u00f1a), Miguel Beltr\u00e9 (CD Azqueca \u2013 Espa\u00f1a), Anyelo G\u00f3mez (Jarabacoa FC \u2013 Atl\u00e1ntico FC), Fabi\u00e1n Messina (FSV Frankfurt \u2013 Alemania), Francisco Reyes \u2013 Club Volendam FC \u2013 Pa\u00edses Bajos) y Alejandro Martin (Real Murcia \u2013 Espa\u00f1a) conforman el grupo de convocados.<\/p>\n\n\n\n<p>La direcci\u00f3n t\u00e9cnica de este conjunto para estos dos juegos estar\u00e1 a cargo de Edward \u201cbeba\u201d Acevedo, quien se suma al staff t\u00e9cnico de selecciones nacionales.<\/p>\n\n\n\n<p>Los partidos de la Sedof\u00fatbol U23 se disputar\u00e1n ante Iraq el pr\u00f3ximo s\u00e1bado a partir de las 11:00 AM y el lunes frente a Marruecos a las 3:00 PM, ambos duelos en el Estadio P\u00e8re J\u00e8go de la localidad de Casablanca.<\/p>\n\n\n\n<p>El p\u00fablico podr\u00e1 disfrutar de estos encuentros a trav\u00e9s de la plataforma Fan Zone TV ingresando en el siguiente link:&nbsp;<a href=\"https:\/\/tv.fanzone.pro\/page\/65249f33fc803320b0a6b1d9\" target=\"_blank\" rel=\"noreferrer noopener\">https:\/\/tv.fanzone.pro\/page\/65249f33fc803320b0a6b1d9<\/a>&nbsp;.<\/p>\n\n\n\n<p>El conjunto patrio se instal\u00f3 en suelo marroqu\u00ed desde el martes con la primera avanzada y comenz\u00f3 a trabajar el grupo completo desde este mi\u00e9rcoles para preparar los partidos.<\/p>\n\n\n\n<p>PRENSA FEDOFUTBOL<\/p>\n","protected":false},"excerpt":{"rendered":"<p>SANTO DOMINGO, RD.- La selecci\u00f3n dominicana de f\u00fatbol U23 anunci\u00f3 los nombres de los 20 futbolistas que estar\u00e1n disputando los partidos de preparaci\u00f3n frente a Iraq -14 de octubre- y Marruecos -16 de octubre- en la ciudad de Casablanca. Asimismo, se dio a conocer que Edward Acevedo se uni\u00f3 al staff t\u00e9cnico de las selecciones [&hellip;]<\/p>\n","protected":false},"author":28,"featured_media":479104,"comment_status":"closed","ping_status":"","sticky":true,"template":"","format":"standard","meta":{"footnotes":""},"categories":[17,27,32],"tags":[],"class_list":["post-479103","post","type-post","status-publish","format-standard","has-post-thumbnail","hentry","category-deportes","category-portada","category-turismo"],"_links":{"self":[{"href":"https:\/\/diariodominicano.com\/index.php?rest_route=\/wp\/v2\/posts\/479103","targetHints":{"allow":["GET"]}}],"collection":[{"href":"https:\/\/diariodominicano.com\/index.php?rest_route=\/wp\/v2\/posts"}],"about":[{"href":"https:\/\/diariodominicano.com\/index.php?rest_route=\/wp\/v2\/types\/post"}],"author":[{"embeddable":true,"href":"https:\/\/diariodominicano.com\/index.php?rest_route=\/wp\/v2\/users\/28"}],"replies":[{"embeddable":true,"href":"https:\/\/diariodominicano.com\/index.php?rest_route=%2Fwp%2Fv2%2Fcomments&post=479103"}],"version-history":[{"count":2,"href":"https:\/\/diariodominicano.com\/index.php?rest_route=\/wp\/v2\/posts\/479103\/revisions"}],"predecessor-version":[{"id":479107,"href":"https:\/\/diariodominicano.com\/index.php?rest_route=\/wp\/v2\/posts\/479103\/revisions\/479107"}],"wp:featuredmedia":[{"embeddable":true,"href":"https:\/\/diariodominicano.com\/index.php?rest_route=\/wp\/v2\/media\/479104"}],"wp:attachment":[{"href":"https:\/\/diariodominicano.com\/index.php?rest_route=%2Fwp%2Fv2%2Fmedia&parent=479103"}],"wp:term":[{"taxonomy":"category","embeddable":true,"href":"https:\/\/diariodominicano.com\/index.php?rest_route=%2Fwp%2Fv2%2Fcategories&post=479103"},{"taxonomy":"post_tag","embeddable":true,"href":"https:\/\/diariodominicano.com\/index.php?rest_route=%2Fwp%2Fv2%2Ftags&post=479103"}],"curies":[{"name":"wp","href":"https:\/\/api.w.org\/{rel}","templated":true}]}}