{"id":478913,"date":"2023-10-11T01:18:42","date_gmt":"2023-10-11T05:18:42","guid":{"rendered":"http:\/\/diariodominicano.com\/?p=478913"},"modified":"2023-10-11T11:03:08","modified_gmt":"2023-10-11T15:03:08","slug":"dan-primer-picazo-para-construccion-de-biblioteca-y-fundacion-ecologica-y-cultural-brigido-peguero-en-higuey","status":"publish","type":"post","link":"https:\/\/diariodominicano.com\/?p=478913","title":{"rendered":"Dan primer picazo para construcci\u00f3n de biblioteca y Fundaci\u00f3n Ecol\u00f3gica y Cultural Br\u00edgido Peguero en Hig\u00fcey (+ fotos)"},"content":{"rendered":"\n<p><strong>Hig\u00fcey, La Altagracia. R.D<\/strong><strong>.-<\/strong>&nbsp;Con el acompa\u00f1amiento del Jard\u00edn Bot\u00e1nico Nacional, el pasado domingo, miembros de la Fundaci\u00f3n Ecol\u00f3gica y Cultural Br\u00edgido Peguero (FECBP), sembraron \u00e1rboles y dieron el primer picazo en los terrenos para la construcci\u00f3n de lo que ser\u00e1 la sede de esta entidad, que alojar\u00e1 tambi\u00e9n una biblioteca.<\/p>\n\n\n\n<figure class=\"wp-block-image size-large\"><img loading=\"lazy\" decoding=\"async\" width=\"768\" height=\"1024\" src=\"https:\/\/diariodominicano.com\/wp-content\/uploads\/2023\/10\/Dan-primer-picazo-para-la-construccion-de-biblioteca-y-sede-de-FUNCEBP-en-Higuey-5-768x1024.jpeg\" alt=\"\" class=\"wp-image-478915\" srcset=\"https:\/\/diariodominicano.com\/wp-content\/uploads\/2023\/10\/Dan-primer-picazo-para-la-construccion-de-biblioteca-y-sede-de-FUNCEBP-en-Higuey-5-768x1024.jpeg 768w, https:\/\/diariodominicano.com\/wp-content\/uploads\/2023\/10\/Dan-primer-picazo-para-la-construccion-de-biblioteca-y-sede-de-FUNCEBP-en-Higuey-5-225x300.jpeg 225w, https:\/\/diariodominicano.com\/wp-content\/uploads\/2023\/10\/Dan-primer-picazo-para-la-construccion-de-biblioteca-y-sede-de-FUNCEBP-en-Higuey-5-816x1088.jpeg 816w, https:\/\/diariodominicano.com\/wp-content\/uploads\/2023\/10\/Dan-primer-picazo-para-la-construccion-de-biblioteca-y-sede-de-FUNCEBP-en-Higuey-5.jpeg 960w\" sizes=\"auto, (max-width: 768px) 100vw, 768px\" \/><\/figure>\n\n\n\n<p>La actividad, que tuvo lugar en La Malena Abajo, de la ciudad de Hig\u00fcey, cont\u00f3 con la participaci\u00f3n de directivos de la FECBP, encabezados por su presidenta, la maestra Florencia Peguero, una comisi\u00f3n del Jard\u00edn Bot\u00e1nico, integrada por la Lida. Caridad Nova y Pedro Toribio, adem\u00e1s de familiares, amigos, miembros del Frente Estudiantil de Liberaci\u00f3n Am\u00edn Abel (Felabel) y militantes del Movimiento Popular Dominicano (MPD).<\/p>\n\n\n\n<p>&nbsp;\u201cEsperamos que muy pronto podamos decir aqu\u00ed est\u00e1 funcionando la biblioteca Br\u00edgido Peguero, para el bien de la comunidad y de todo aquel que quiera venir a hacer uso de ella, porque el objetivo no es tener simplemente una biblioteca, sino que est\u00e9 abierta a los comunitarios, esperamos que corran la voz.&nbsp; Por tal motivo y por la presencia de ustedes, que fueron sus amigos y compa\u00f1eros, Br\u00edgido se debe sentir muy contento porque este proyecto se har\u00e1 realidad\u201d, expres\u00f3 la maestra Florencia Peguero.<\/p>\n\n\n\n<figure class=\"wp-block-image size-large\"><img loading=\"lazy\" decoding=\"async\" width=\"1024\" height=\"768\" src=\"https:\/\/diariodominicano.com\/wp-content\/uploads\/2023\/10\/Dan-primer-picazo-para-la-construccion-de-biblioteca-y-sede-de-FUNCEBP-en-Higuey-1-1024x768.jpeg\" alt=\"\" class=\"wp-image-478918\" srcset=\"https:\/\/diariodominicano.com\/wp-content\/uploads\/2023\/10\/Dan-primer-picazo-para-la-construccion-de-biblioteca-y-sede-de-FUNCEBP-en-Higuey-1-1024x768.jpeg 1024w, https:\/\/diariodominicano.com\/wp-content\/uploads\/2023\/10\/Dan-primer-picazo-para-la-construccion-de-biblioteca-y-sede-de-FUNCEBP-en-Higuey-1-300x225.jpeg 300w, https:\/\/diariodominicano.com\/wp-content\/uploads\/2023\/10\/Dan-primer-picazo-para-la-construccion-de-biblioteca-y-sede-de-FUNCEBP-en-Higuey-1-768x576.jpeg 768w, https:\/\/diariodominicano.com\/wp-content\/uploads\/2023\/10\/Dan-primer-picazo-para-la-construccion-de-biblioteca-y-sede-de-FUNCEBP-en-Higuey-1-816x612.jpeg 816w, https:\/\/diariodominicano.com\/wp-content\/uploads\/2023\/10\/Dan-primer-picazo-para-la-construccion-de-biblioteca-y-sede-de-FUNCEBP-en-Higuey-1.jpeg 1280w\" sizes=\"auto, (max-width: 1024px) 100vw, 1024px\" \/><\/figure>\n\n\n\n<figure class=\"wp-block-image size-large\"><img loading=\"lazy\" decoding=\"async\" width=\"768\" height=\"1024\" src=\"https:\/\/diariodominicano.com\/wp-content\/uploads\/2023\/10\/Dan-primer-picazo-para-la-construccion-de-biblioteca-y-sede-de-FUNCEBP-en-Higuey-2-768x1024.jpeg\" alt=\"\" class=\"wp-image-478919\" srcset=\"https:\/\/diariodominicano.com\/wp-content\/uploads\/2023\/10\/Dan-primer-picazo-para-la-construccion-de-biblioteca-y-sede-de-FUNCEBP-en-Higuey-2-768x1024.jpeg 768w, https:\/\/diariodominicano.com\/wp-content\/uploads\/2023\/10\/Dan-primer-picazo-para-la-construccion-de-biblioteca-y-sede-de-FUNCEBP-en-Higuey-2-225x300.jpeg 225w, https:\/\/diariodominicano.com\/wp-content\/uploads\/2023\/10\/Dan-primer-picazo-para-la-construccion-de-biblioteca-y-sede-de-FUNCEBP-en-Higuey-2-816x1088.jpeg 816w, https:\/\/diariodominicano.com\/wp-content\/uploads\/2023\/10\/Dan-primer-picazo-para-la-construccion-de-biblioteca-y-sede-de-FUNCEBP-en-Higuey-2.jpeg 960w\" sizes=\"auto, (max-width: 768px) 100vw, 768px\" \/><\/figure>\n\n\n\n<p>La presidenta de FUCEBP dijo que el terreno en el que se ha dado el \u00b4primer picazo para la construcci\u00f3n de la biblioteca Br\u00edgido Peguero,&nbsp; tiene un per\u00edmetro de 400 metros cuadrados y el mismo est\u00e1 ubicado en la calle Nicol\u00e1s Ma\u00f1\u00f3n esquina calle Severo Morales, del sector Elia Mar\u00eda Mont\u00e1s, de La Malena Abajo, en la ciudad de&nbsp;Hig\u00fcey, pr\u00f3ximo al liceo Gregorio Luper\u00f3n, tras se\u00f1alar que el mismo fue&nbsp;donado por el ingeniero Amable Mont\u00e1s, cuya amistad con Br\u00edgido alcanz\u00f3 un grado de hermandad.&nbsp;<\/p>\n\n\n\n<p>Indic\u00f3 que, adem\u00e1s del espacio en el que funcionar\u00e1 la biblioteca, en el que los estudiantes podr\u00e1n estudiar e investigar los m\u00e1s diversos temas, el proyectado local tendr\u00e1 una sala de lectura, un sal\u00f3n para charlas y conferencias, una sala de exhibici\u00f3n de publicaciones y descubrimientos cient\u00edficos de Peguero, as\u00ed como &nbsp;muestras de su participaci\u00f3n y aportes a las luchas sociales, revolucionarias y de defensa al medioambiente,<\/p>\n\n\n\n<figure class=\"wp-block-image size-large\"><img loading=\"lazy\" decoding=\"async\" width=\"1024\" height=\"768\" src=\"https:\/\/diariodominicano.com\/wp-content\/uploads\/2023\/10\/Dan-primer-picazo-para-la-construccion-de-biblioteca-y-sede-de-FUNCEBP-en-Higuey-8-1024x768.jpeg\" alt=\"\" class=\"wp-image-478920\" srcset=\"https:\/\/diariodominicano.com\/wp-content\/uploads\/2023\/10\/Dan-primer-picazo-para-la-construccion-de-biblioteca-y-sede-de-FUNCEBP-en-Higuey-8-1024x768.jpeg 1024w, https:\/\/diariodominicano.com\/wp-content\/uploads\/2023\/10\/Dan-primer-picazo-para-la-construccion-de-biblioteca-y-sede-de-FUNCEBP-en-Higuey-8-300x225.jpeg 300w, https:\/\/diariodominicano.com\/wp-content\/uploads\/2023\/10\/Dan-primer-picazo-para-la-construccion-de-biblioteca-y-sede-de-FUNCEBP-en-Higuey-8-768x576.jpeg 768w, https:\/\/diariodominicano.com\/wp-content\/uploads\/2023\/10\/Dan-primer-picazo-para-la-construccion-de-biblioteca-y-sede-de-FUNCEBP-en-Higuey-8-1536x1152.jpeg 1536w, https:\/\/diariodominicano.com\/wp-content\/uploads\/2023\/10\/Dan-primer-picazo-para-la-construccion-de-biblioteca-y-sede-de-FUNCEBP-en-Higuey-8-816x612.jpeg 816w, https:\/\/diariodominicano.com\/wp-content\/uploads\/2023\/10\/Dan-primer-picazo-para-la-construccion-de-biblioteca-y-sede-de-FUNCEBP-en-Higuey-8.jpeg 1600w\" sizes=\"auto, (max-width: 1024px) 100vw, 1024px\" \/><\/figure>\n\n\n\n<figure class=\"wp-block-image size-large\"><img loading=\"lazy\" decoding=\"async\" width=\"768\" height=\"1024\" src=\"https:\/\/diariodominicano.com\/wp-content\/uploads\/2023\/10\/Dan-primer-picazo-para-la-construccion-de-biblioteca-y-sede-de-FUNCEBP-en-Higuey-4-768x1024.jpeg\" alt=\"\" class=\"wp-image-478922\" srcset=\"https:\/\/diariodominicano.com\/wp-content\/uploads\/2023\/10\/Dan-primer-picazo-para-la-construccion-de-biblioteca-y-sede-de-FUNCEBP-en-Higuey-4-768x1024.jpeg 768w, https:\/\/diariodominicano.com\/wp-content\/uploads\/2023\/10\/Dan-primer-picazo-para-la-construccion-de-biblioteca-y-sede-de-FUNCEBP-en-Higuey-4-225x300.jpeg 225w, https:\/\/diariodominicano.com\/wp-content\/uploads\/2023\/10\/Dan-primer-picazo-para-la-construccion-de-biblioteca-y-sede-de-FUNCEBP-en-Higuey-4-816x1088.jpeg 816w, https:\/\/diariodominicano.com\/wp-content\/uploads\/2023\/10\/Dan-primer-picazo-para-la-construccion-de-biblioteca-y-sede-de-FUNCEBP-en-Higuey-4.jpeg 960w\" sizes=\"auto, (max-width: 768px) 100vw, 768px\" \/><\/figure>\n\n\n\n<p>Br\u00edgido Peguero naci\u00f3 el 8 de octubre de 1952, en el municipio de&nbsp;Hig\u00fcey, de su padre, anti-trujillista indoblegable, aprendi\u00f3 a no temer a ning\u00fan r\u00e9gimen represor o dictatorial, integr\u00e1ndose a&nbsp;temprana edad a la lucha revolucionaria, primero en las lides estudiantiles, como dirigente del FEFLAS en el liceo Geraldo Hansen, luego pas\u00f3 a ser miembro del MPD cuando a\u00fan era adolescente.&nbsp;<\/p>\n\n\n\n<p>Br\u00edgido fue v\u00edctima de la represi\u00f3n del r\u00e9gimen de Balaguer, que le ten\u00eda como \u201ccabeza caliente\u201d en su pueblo, por lo que con cierta frecuencia se ve\u00eda obligado a estudiar y luchar en el clandestinaje, debido la persecuci\u00f3n que era v\u00edctima por parte de la Polic\u00eda.&nbsp; A pesar de esto, en el a\u00f1o 1975 se gradu\u00f3 de bachiller e ingres\u00f3 a la Universidad Aut\u00f3noma de Santo Domingo (UASD), a estudiar Biolog\u00eda.<\/p>\n\n\n\n<p>Como estudiante universitario, Br\u00edgido (Alfredo para sus compa\u00f1eros de lucha), redobl\u00f3 su compromiso revolucionario, en el a\u00f1o 1977 estuvo entre los fundadores de Frente Estudiantil de Liberaci\u00f3n Am\u00edn Abel (FELABEL), en el a\u00f1o 1982 pas\u00f3 a ser m\u00e1ximo dirigente del Movimiento Popular Dominicano, siendo su secretario general, sus \u00faltimos cuarenta a\u00f1os de vida.<\/p>\n\n\n\n<p>Graduado de la Licenciatura en Biolog\u00eda, menci\u00f3n Bot\u00e1nica, se consagr\u00f3 como cient\u00edfico e investigador, con especialidad&nbsp;en Taxonom\u00eda, Ecolog\u00eda Vegetal, Conservaci\u00f3n Flor\u00edstica y Etnobot\u00e1nica, sus estudios abarc\u00f3 toda la geograf\u00eda de la Isla Espa\u00f1ola (Replica Dominicana y Hait\u00ed), llegando a colectar m\u00e1s de 15,000 ejemplares bot\u00e1nicos como colector principal.&nbsp;<\/p>\n\n\n\n<p>Fue miembro de la Asociaci\u00f3n Latinoamericana de Bot\u00e1nica (ALB) y del Grupo Etnobot\u00e1nico Latinoamericana (GELA) y de la Red de Plantas Medicinales de las Islas Caribe\u00f1as (TRAMIL).&nbsp; Su especialidad lo llev\u00f3 a participar en congresos internacionales, como conferencista o en trabajos de investigaci\u00f3n en Colombia, Chile, Ecuador, Colombia, Costa rica, Alemania, Inglaterra, entre otros pa\u00edses.&nbsp; Fue encargado del Departamento de Bot\u00e1nica del Jard\u00edn Bot\u00e1nico Nacional y editor de la revista cient\u00edfica MOSCOSOA de dicha instituci\u00f3n.<\/p>\n\n\n\n<p>La&nbsp;Fundaci\u00f3n Ecol\u00f3gica y Cultural Br\u00edgido Peguero (FECBP), fue constituida en el municipio de Hig\u00fcey, ciudad natal de Br\u00edgido Peguero, tras su partida f\u00edsica el 8 de julio de 2021, con la misi\u00f3n de dar a conocer su obra y generar conciencia en los j\u00f3venes y la poblaci\u00f3n en general, sobre la necesidad de preservar el medioambiente y de defender el patrimonio&nbsp; natural de la Rep\u00fablica Dominicana.<\/p>\n\n\n\n<p><strong>10 de octubre de 2023<\/strong><\/p>\n","protected":false},"excerpt":{"rendered":"<p>Hig\u00fcey, La Altagracia. R.D.-&nbsp;Con el acompa\u00f1amiento del Jard\u00edn Bot\u00e1nico Nacional, el pasado domingo, miembros de la Fundaci\u00f3n Ecol\u00f3gica y Cultural Br\u00edgido Peguero (FECBP), sembraron \u00e1rboles y dieron el primer picazo en los terrenos para la construcci\u00f3n de lo que ser\u00e1 la sede de esta entidad, que alojar\u00e1 tambi\u00e9n una biblioteca. La actividad, que tuvo lugar [&hellip;]<\/p>\n","protected":false},"author":28,"featured_media":478914,"comment_status":"closed","ping_status":"","sticky":true,"template":"","format":"standard","meta":{"footnotes":""},"categories":[36,20,26,27],"tags":[],"class_list":["post-478913","post","type-post","status-publish","format-standard","has-post-thumbnail","hentry","category-hombresmujeresycosas","category-dominicana-hoy","category-efemerides","category-portada"],"_links":{"self":[{"href":"https:\/\/diariodominicano.com\/index.php?rest_route=\/wp\/v2\/posts\/478913","targetHints":{"allow":["GET"]}}],"collection":[{"href":"https:\/\/diariodominicano.com\/index.php?rest_route=\/wp\/v2\/posts"}],"about":[{"href":"https:\/\/diariodominicano.com\/index.php?rest_route=\/wp\/v2\/types\/post"}],"author":[{"embeddable":true,"href":"https:\/\/diariodominicano.com\/index.php?rest_route=\/wp\/v2\/users\/28"}],"replies":[{"embeddable":true,"href":"https:\/\/diariodominicano.com\/index.php?rest_route=%2Fwp%2Fv2%2Fcomments&post=478913"}],"version-history":[{"count":4,"href":"https:\/\/diariodominicano.com\/index.php?rest_route=\/wp\/v2\/posts\/478913\/revisions"}],"predecessor-version":[{"id":478924,"href":"https:\/\/diariodominicano.com\/index.php?rest_route=\/wp\/v2\/posts\/478913\/revisions\/478924"}],"wp:featuredmedia":[{"embeddable":true,"href":"https:\/\/diariodominicano.com\/index.php?rest_route=\/wp\/v2\/media\/478914"}],"wp:attachment":[{"href":"https:\/\/diariodominicano.com\/index.php?rest_route=%2Fwp%2Fv2%2Fmedia&parent=478913"}],"wp:term":[{"taxonomy":"category","embeddable":true,"href":"https:\/\/diariodominicano.com\/index.php?rest_route=%2Fwp%2Fv2%2Fcategories&post=478913"},{"taxonomy":"post_tag","embeddable":true,"href":"https:\/\/diariodominicano.com\/index.php?rest_route=%2Fwp%2Fv2%2Ftags&post=478913"}],"curies":[{"name":"wp","href":"https:\/\/api.w.org\/{rel}","templated":true}]}}