{"id":478850,"date":"2023-10-11T00:25:29","date_gmt":"2023-10-11T04:25:29","guid":{"rendered":"http:\/\/diariodominicano.com\/?p=478850"},"modified":"2023-10-11T00:27:46","modified_gmt":"2023-10-11T04:27:46","slug":"tertulia-de-centro-cultural-banreservas-pide-difundir-y-ampliamente-obra-de-vicente-pimentel","status":"publish","type":"post","link":"https:\/\/diariodominicano.com\/?p=478850","title":{"rendered":"Tertulia de Centro Cultural Banreservas pide difundir y ampliamente obra de Vicente Pimentel"},"content":{"rendered":"\n<p> Un aspecto del intercambio en torno a la pintura de Vicente Pimentel, desarrollado en el Centro Cultural Banreservas, con una presentaci\u00f3n central de Myrna Guerrero Villalona, directora del Museo Bellapart. <\/p>\n\n\n\n<p>El intercambio desarrollado por el Museo Bellapart, concluy\u00f3 en que esa pintura es un patrimonio de alto valor nacional e internacional por lo que debe ser m\u00e1s promovida y conocida<\/p>\n\n\n\n<p>Jos\u00e9 Rafael Sosa<\/p>\n\n\n\n<p>Un encuentro en el Centro Cultural Banreservas que incluy\u00f3 curadores de arte, artistas pl\u00e1sticos, estudiantes de escuelas de Bellas Artes y cr\u00edticos de arte, &nbsp;concluy\u00f3 en &nbsp;la necesidad de difundir la trascendencia de la obra visual del pintor dominicano Vicente Pimentel.<\/p>\n\n\n\n<figure class=\"wp-block-image size-large\"><img loading=\"lazy\" decoding=\"async\" width=\"1024\" height=\"576\" src=\"https:\/\/diariodominicano.com\/wp-content\/uploads\/2023\/10\/Myrna-Guerrero-directora-de-Museo-Bellapartenfoca-la-obra-de-Vicente-Pimentel-en-el-Centro-Cultural-Banreservas-copia-1024x576.jpg\" alt=\"\" class=\"wp-image-478853\" srcset=\"https:\/\/diariodominicano.com\/wp-content\/uploads\/2023\/10\/Myrna-Guerrero-directora-de-Museo-Bellapartenfoca-la-obra-de-Vicente-Pimentel-en-el-Centro-Cultural-Banreservas-copia-1024x576.jpg 1024w, https:\/\/diariodominicano.com\/wp-content\/uploads\/2023\/10\/Myrna-Guerrero-directora-de-Museo-Bellapartenfoca-la-obra-de-Vicente-Pimentel-en-el-Centro-Cultural-Banreservas-copia-300x169.jpg 300w, https:\/\/diariodominicano.com\/wp-content\/uploads\/2023\/10\/Myrna-Guerrero-directora-de-Museo-Bellapartenfoca-la-obra-de-Vicente-Pimentel-en-el-Centro-Cultural-Banreservas-copia-768x432.jpg 768w, https:\/\/diariodominicano.com\/wp-content\/uploads\/2023\/10\/Myrna-Guerrero-directora-de-Museo-Bellapartenfoca-la-obra-de-Vicente-Pimentel-en-el-Centro-Cultural-Banreservas-copia-1536x864.jpg 1536w, https:\/\/diariodominicano.com\/wp-content\/uploads\/2023\/10\/Myrna-Guerrero-directora-de-Museo-Bellapartenfoca-la-obra-de-Vicente-Pimentel-en-el-Centro-Cultural-Banreservas-copia-816x459.jpg 816w, https:\/\/diariodominicano.com\/wp-content\/uploads\/2023\/10\/Myrna-Guerrero-directora-de-Museo-Bellapartenfoca-la-obra-de-Vicente-Pimentel-en-el-Centro-Cultural-Banreservas-copia.jpg 1800w\" sizes=\"auto, (max-width: 1024px) 100vw, 1024px\" \/><figcaption><br><br><br><br>Myrna Guerrero Villallona tuvo a su cargo la intervenci\u00f3n inicial para enfocar la obra de Vicente Pimentel<\/figcaption><\/figure>\n\n\n\n<p>Tras una exposicion central de la directora del Museo Bellapart, la artista y cr\u00edtica Myrna Guerrero Villalona, se produjo un intercambio de ideas en el cual se resaltaron las caracter\u00edsticas est\u00e9ticas y sociales de la obra del pintor dominicano residente en Par\u00eds, fallecido el pasado mes de mayo. Era Premio Nacional de Artes Visuales 2020 (Ministerio de Cultura)<\/p>\n\n\n\n<p><em>\u201cLa obra de Pimentel es diferenciadora, meticulosa, con signos visuales \u00fanicos en esa categor\u00eda de lo abstracto, con expresiones formales que traen el recuerdo del caribe y las formas que cultiv\u00f3 desde su origen\u201d,<\/em> afirm\u00f3 Villalona.<\/p>\n\n\n\n<p>Entre las personalidades que participaron en el encuentro, estuvieron: Marianne de Tolentino, Andr\u00e9s Van Der Hors, Carlos Montesino y la antrop\u00f3loga Soraya Aracena Tambi\u00e9n asistieron antiguos alumnos de Vicente Pimentel en el Colegio de la Salle, Maritza \u00c1lvarez, Jimmy Hungr\u00eda, Jordi Masalles, Bichara Khouri, Marcia Marion Landais, Trinidad de Cott y Samanta S\u00e1nchez, entre otras personalidades, adem\u00e1s de un numeroso p\u00fablico.<\/p>\n\n\n\n<p>Mijail Peralta Rodr\u00edguez, gerente de cultura de Banreservas, destac\u00f3 el \u00e9xito del evento en torno a la obra y estimul\u00f3 al p\u00fablico familiar, escolar y a los artistas, a visitar la muestra de la pintura de Pimentel, que permanecer\u00e1 abierta durante el presente mes de octubre.<\/p>\n\n\n\n<p>Guerrero Villalona, apoyada en unas veinte piezas de Pimentel, en sala, Ada Balc\u00e1cer, dijo que se trata un artista conocido por lo meticuloso, conceptual y comprometido de su ejercicio, reflexion\u00f3 sobre el pensamiento dial\u00e9ctico y los valores humanos en su obra y por el compromiso con los valores humanos. Las obras son un aporte de la Familia Van Der Horts.<\/p>\n\n\n\n<p>La expositora record\u00f3 que Pimentel se distingui\u00f3 por el est\u00edmulo a las nuevas generaciones de j\u00f3venes pintores, llegando a entregar pinceles y papel al p\u00fablico infantojuvenil que ven\u00eda a los museos parisinos.<\/p>\n\n\n\n<p>Myrna Guerrero describi\u00f3 del artista, su infancia, sus estudios, su personalidad, las diferentes etapas de su producci\u00f3n, sus premios y reconocimientos, las particularidades de su obra, la presencia de tierras, pigmentos y referencias a su infancia en casa, de techo de zinc, el recuerdo del sonido de la lluvia, sus logros art\u00edsticos, as\u00ed como de su rechazo a exponer en RD.<\/p>\n\n\n\n<p>Jose Rafael Paula Sosa<a target=\"_blank\" href=\"mailto:joserafael.sosa@gmail.com\" rel=\"noreferrer noopener\">joserafael.sosa@gmail.com<\/a><\/p>\n","protected":false},"excerpt":{"rendered":"<p>Un aspecto del intercambio en torno a la pintura de Vicente Pimentel, desarrollado en el Centro Cultural Banreservas, con una presentaci\u00f3n central de Myrna Guerrero Villalona, directora del Museo Bellapart. El intercambio desarrollado por el Museo Bellapart, concluy\u00f3 en que esa pintura es un patrimonio de alto valor nacional e internacional por lo que debe [&hellip;]<\/p>\n","protected":false},"author":28,"featured_media":478851,"comment_status":"closed","ping_status":"","sticky":true,"template":"","format":"standard","meta":{"footnotes":""},"categories":[21,36,27,32],"tags":[],"class_list":["post-478850","post","type-post","status-publish","format-standard","has-post-thumbnail","hentry","category-cultura","category-hombresmujeresycosas","category-portada","category-turismo"],"_links":{"self":[{"href":"https:\/\/diariodominicano.com\/index.php?rest_route=\/wp\/v2\/posts\/478850","targetHints":{"allow":["GET"]}}],"collection":[{"href":"https:\/\/diariodominicano.com\/index.php?rest_route=\/wp\/v2\/posts"}],"about":[{"href":"https:\/\/diariodominicano.com\/index.php?rest_route=\/wp\/v2\/types\/post"}],"author":[{"embeddable":true,"href":"https:\/\/diariodominicano.com\/index.php?rest_route=\/wp\/v2\/users\/28"}],"replies":[{"embeddable":true,"href":"https:\/\/diariodominicano.com\/index.php?rest_route=%2Fwp%2Fv2%2Fcomments&post=478850"}],"version-history":[{"count":4,"href":"https:\/\/diariodominicano.com\/index.php?rest_route=\/wp\/v2\/posts\/478850\/revisions"}],"predecessor-version":[{"id":478856,"href":"https:\/\/diariodominicano.com\/index.php?rest_route=\/wp\/v2\/posts\/478850\/revisions\/478856"}],"wp:featuredmedia":[{"embeddable":true,"href":"https:\/\/diariodominicano.com\/index.php?rest_route=\/wp\/v2\/media\/478851"}],"wp:attachment":[{"href":"https:\/\/diariodominicano.com\/index.php?rest_route=%2Fwp%2Fv2%2Fmedia&parent=478850"}],"wp:term":[{"taxonomy":"category","embeddable":true,"href":"https:\/\/diariodominicano.com\/index.php?rest_route=%2Fwp%2Fv2%2Fcategories&post=478850"},{"taxonomy":"post_tag","embeddable":true,"href":"https:\/\/diariodominicano.com\/index.php?rest_route=%2Fwp%2Fv2%2Ftags&post=478850"}],"curies":[{"name":"wp","href":"https:\/\/api.w.org\/{rel}","templated":true}]}}