{"id":478823,"date":"2023-10-10T23:49:49","date_gmt":"2023-10-11T03:49:49","guid":{"rendered":"http:\/\/diariodominicano.com\/?p=478823"},"modified":"2023-10-10T23:49:49","modified_gmt":"2023-10-11T03:49:49","slug":"casas-del-xvi-impulsa-el-talento-local-en-un-exclusivo-bazar-de-arte","status":"publish","type":"post","link":"https:\/\/diariodominicano.com\/?p=478823","title":{"rendered":"Casas del XVI impulsa el talento local en un exclusivo bazar de arte"},"content":{"rendered":"\n<ul class=\"wp-block-list\"><li><em>Con \u201cAtelier de las Artes\u201d, Casas del XVI abre sus puertas para la exposici\u00f3n de obras art\u00edsticas, prendas y artesan\u00edas de talento dominicano.<\/em><\/li><li><em>El evento, que reunir\u00e1 a 17 destacados artistas nacionales, tendr\u00e1 lugar desde el 20 hasta el 22 de octubre, en Casa de los Vitrales donde estar\u00e1 abierto al p\u00fablico en general.<\/em><\/li><\/ul>\n\n\n\n<p><strong>Santo Domingo, <\/strong><strong>10 de octubre 2023.-<\/strong> Casas del XVI, una vez m\u00e1s, abre sus puertas para impulsar la creatividad y el arte al crear un espacio especial en donde el talento de destacados artistas nacionales ser\u00e1 el protagonista del bazar tem\u00e1tico \u201cAtelier de las Artes\u201d. El evento, que ser\u00e1 la plataforma en la que 17 artistas emprendedores expondr\u00e1n sus creaciones, tendr\u00e1 lugar desde el 20 hasta el 22 de octubre, a partir de las 9 de la ma\u00f1ana hasta las 7 de la noche.<\/p>\n\n\n\n<p>Con el objetivo de dar a conocer estos grandes artistas y emprendedores, el p\u00fablico en general tendr\u00e1 acceso a la exposici\u00f3n de obras, artesan\u00edas y prendas \u00fanicas que se exhibir\u00e1n en Casa de los Vitrales, una de las ic\u00f3nicas casas de su colecci\u00f3n.<\/p>\n\n\n\n<p>Entre los emprendedores destacados en el rengl\u00f3n de moda participar\u00e1n Ely Botello de Rara Spirit, Nashira Arn\u00f3, Monika Valverde y Nina Ju\u00e1rez de Xod\u00f3 y Claudine Barrientos. A esta experiencia se suman las obras de arte de Yermine Richardson de Pop Caribe, Galer\u00eda Bol\u00f3s, Milena Volonteri, \u00c1ngel Gonz\u00e1lez Urrely y Am\u00e9rica Olivo. Mientras que, en dise\u00f1o de artesan\u00edas estar\u00e1n Tahiana Amiama de Tahi\u2019s Alambres, Desire\u00e9 Cepeda, Manos Dominicanas, Bijacabuya, Artesan\u00edas by Fior, Al\u00fas Design y Los Tejedores junto a Roberto Zagarella.<\/p>\n\n\n\n<p>Por su parte, Ignacio Pe\u00f1alver, en su calidad de gerente general de Casas del XVI, considera este bazar como una oportunidad para destacar talentos que contribuyen al crecimiento de una industria tan prometedora. <em>\u201cLa mejor manera de apreciar el talento que florece en la Rep\u00fablica Dominicana, es proporcionando espacios donde sus creaciones puedan ser genuinamente valoradas. Para nosotros, en Casas del XVI, es motivo de profundo orgullo dar la bienvenida a tantos artistas que comparten el mismo inter\u00e9s: el amor por el arte\u201d.<\/em><\/p>\n\n\n\n<p>Adem\u00e1s de las exhibiciones, los visitantes tendr\u00e1n la oportunidad de disfrutar de un <em>coffee corner<\/em>, un espacio dise\u00f1ado para la interacci\u00f3n y el disfrute de la riqueza cultural que los artistas dominicanos tienen para ofrecer.<\/p>\n\n\n\n<p>Con esta iniciativa, Casas del XVI reafirma su compromiso de contribuir en la creaci\u00f3n de espacios que sirvan de vitrina para el talento local y una ocasi\u00f3n para apoyar a quienes dedican su pasi\u00f3n y creatividad a la moda, el dise\u00f1o y la pintura.<\/p>\n\n\n\n<p><strong>Datos del bazar \u201cAtelier de las Artes\u201d:<\/strong><\/p>\n\n\n\n<p><strong>Fecha<\/strong>: 20 al 22 de octubre<\/p>\n\n\n\n<p><strong>Hora<\/strong>: 9:00 am &#8211; 7:00 pm<\/p>\n\n\n\n<p><strong>Lugar y direcci\u00f3n:<\/strong> Casa de los Vitrales, calle 19 de marzo no. 113, Santo Domingo, Ciudad Colonial<\/p>\n\n\n\n<p><strong>Entrada<\/strong>: gratuita<\/p>\n\n\n\n<p>Ana Lapaix<a target=\"_blank\" href=\"mailto:ana.lapaix@llorenteycuenca.com\" rel=\"noreferrer noopener\">ana.lapaix@llorenteycuenca.com<\/a><\/p>\n","protected":false},"excerpt":{"rendered":"<p>Con \u201cAtelier de las Artes\u201d, Casas del XVI abre sus puertas para la exposici\u00f3n de obras art\u00edsticas, prendas y artesan\u00edas de talento dominicano. El evento, que reunir\u00e1 a 17 destacados artistas nacionales, tendr\u00e1 lugar desde el 20 hasta el 22 de octubre, en Casa de los Vitrales donde estar\u00e1 abierto al p\u00fablico en general. Santo [&hellip;]<\/p>\n","protected":false},"author":28,"featured_media":0,"comment_status":"closed","ping_status":"","sticky":true,"template":"","format":"standard","meta":{"footnotes":""},"categories":[21,36,25,27,32],"tags":[],"class_list":["post-478823","post","type-post","status-publish","format-standard","hentry","category-cultura","category-hombresmujeresycosas","category-gente","category-portada","category-turismo"],"_links":{"self":[{"href":"https:\/\/diariodominicano.com\/index.php?rest_route=\/wp\/v2\/posts\/478823","targetHints":{"allow":["GET"]}}],"collection":[{"href":"https:\/\/diariodominicano.com\/index.php?rest_route=\/wp\/v2\/posts"}],"about":[{"href":"https:\/\/diariodominicano.com\/index.php?rest_route=\/wp\/v2\/types\/post"}],"author":[{"embeddable":true,"href":"https:\/\/diariodominicano.com\/index.php?rest_route=\/wp\/v2\/users\/28"}],"replies":[{"embeddable":true,"href":"https:\/\/diariodominicano.com\/index.php?rest_route=%2Fwp%2Fv2%2Fcomments&post=478823"}],"version-history":[{"count":1,"href":"https:\/\/diariodominicano.com\/index.php?rest_route=\/wp\/v2\/posts\/478823\/revisions"}],"predecessor-version":[{"id":478824,"href":"https:\/\/diariodominicano.com\/index.php?rest_route=\/wp\/v2\/posts\/478823\/revisions\/478824"}],"wp:attachment":[{"href":"https:\/\/diariodominicano.com\/index.php?rest_route=%2Fwp%2Fv2%2Fmedia&parent=478823"}],"wp:term":[{"taxonomy":"category","embeddable":true,"href":"https:\/\/diariodominicano.com\/index.php?rest_route=%2Fwp%2Fv2%2Fcategories&post=478823"},{"taxonomy":"post_tag","embeddable":true,"href":"https:\/\/diariodominicano.com\/index.php?rest_route=%2Fwp%2Fv2%2Ftags&post=478823"}],"curies":[{"name":"wp","href":"https:\/\/api.w.org\/{rel}","templated":true}]}}